{"id":983,"date":"2011-03-24T21:22:50","date_gmt":"2011-03-25T02:22:50","guid":{"rendered":"http:\/\/zonabiker.com\/blog\/?p=208"},"modified":"2011-03-24T21:22:50","modified_gmt":"2011-03-25T02:22:50","slug":"cronica-1er-encuentro-suramericano-hermandad-motera","status":"publish","type":"post","link":"https:\/\/territoriobiker.com\/index.php\/2011\/03\/24\/cronica-1er-encuentro-suramericano-hermandad-motera\/","title":{"rendered":"Cr\u00f3nica del 1er. Encuentro Suramericano Hermandad Motera Bucaramanga 2011"},"content":{"rendered":"<h1>UN SUE\u00d1O SURAMERICANO.<\/h1>\n<address><em>Por Juan Pablo Mart\u00ednez V.<\/em><\/address>\n<div>\n<dl id=\"attachment_114\">Hermandad motera, un sue\u00f1o de integraci\u00f3n, amistad y fraternidad.<\/dl>\n<dl><\/dl>\n<\/div>\n<p><a href=\"http:\/\/zonabiker.com\/blog\/wp-content\/uploads\/2011\/03\/bucaramanga2011_906ni\u00f1o.jpg\"><img loading=\"lazy\" decoding=\"async\" class=\"alignleft size-thumbnail wp-image-217\" title=\"Desde muy temprana edad nace esta pasi\u00f3n.\" src=\"http:\/\/zonabiker.com\/blog\/wp-content\/uploads\/2011\/03\/bucaramanga2011_906ni\u00f1o-150x150.jpg\" alt=\"Desde muy temprana edad nace esta pasi\u00f3n.\" width=\"150\" height=\"150\" \/><\/a>Para los que pertenecemos a este particular mundo del turismo en motocicleta, para los que pasamos horas sentados sobre una motocicleta recorriendo las carreteras de nuestros pa\u00edses; sin sentir las fronteras, sin\u00a0intereses pol\u00edticos\u00a0y sin compromisos comerciales, vivimos un sentimiento com\u00fan a todos nosotros y es esa camarader\u00eda, esa amistad, esa hermandad que sentimos por el compa\u00f1ero de ruta, por la persona que vive y siente la misma pasi\u00f3n que nosotros por viajar por el mundo en dos ruedas; por eso cuando vemos a un hermano motero parqueado a orillas de la v\u00eda, o cuando nos cruzamos en un restaurante, un bar o en una calle; siempre hay un silencio c\u00f3modo y si alguno rompe el hielo puede terminar en una conversaci\u00f3n de horas y horas acerca de motocicletas, viajes, aventuras y encuentros. Este sentimiento llev\u00f3 a Mario Navarro (m\u00e1s conocido como Poporro) a so\u00f1ar con un encuentro que uniera todas las naciones de habla hispana en un mismo sitio; un gran encuentro suramericano, sin fronteras y que uniera a todas las culturas en una misma ciudad.<\/p>\n<p><a href=\"http:\/\/zonabiker.com\/blog\/wp-content\/uploads\/2011\/03\/bucaramanga2011_173organizadores.jpg\"><img loading=\"lazy\" decoding=\"async\" class=\"alignright size-thumbnail wp-image-218\" title=\"Organizadores del evento.\" src=\"http:\/\/zonabiker.com\/blog\/wp-content\/uploads\/2011\/03\/bucaramanga2011_173organizadores-150x150.jpg\" alt=\"Mario Navarro, Se\u00f1or Alcalde Fernando Vargas, Higinio Camacho.\" width=\"150\" height=\"150\" \/><\/a>Su traves\u00eda comenz\u00f3 en el mes de abril de 2010, cuando con una idea en la cabeza y un sue\u00f1o en el coraz\u00f3n, recorri\u00f3 los principales encuentros nacionales en Venezuela; en el mes de agosto visit\u00f3 Argentina y all\u00ed lanz\u00f3 la idea al mundo motero suramericano con la\u00a0firme intenci\u00f3n\u00a0de hacer una caravana que desde Santa Fe, Argentina recorriera todos los pa\u00edses suramericanos hasta llegar a la ciudad de Bucaramanga, al primer encuentro suramericano de hermandad motera. En el mes de enero de 2011, se uni\u00f3 al equipo el empresario santandereano Higinio Camacho y su hijo Cesar Dar\u00edo Camacho, quienes inyectaron el capital necesario para realizar este evento y sin cuyo aporte econ\u00f3mico no hubiera sido posible.<\/p>\n<p><a href=\"http:\/\/zonabiker.com\/blog\/wp-content\/uploads\/2011\/03\/bucaramanga2011_020PlazaGalan.jpg\"><img loading=\"lazy\" decoding=\"async\" class=\"alignleft size-thumbnail wp-image-219\" title=\"Plaza Luis Carlos Galan Sarmiento\" src=\"http:\/\/zonabiker.com\/blog\/wp-content\/uploads\/2011\/03\/bucaramanga2011_020PlazaGalan-150x150.jpg\" alt=\"Plaza Luis Carlos Galan Sarmiento\" width=\"150\" height=\"150\" \/><\/a>El jueves a las 7:00 p.m. nos dimos cita en la plazoleta Luis Carlos Gal\u00e1n, en el centro de la ciudad bonita; con palabras del se\u00f1or alcalde Fernando Vargas Mendoza, de los organizadores Higinio Camacho y Mario Navarro, con\u00a0la\u00a0animaci\u00f3n del GochoMelo, Dj Feno\u00a0y Dj Jordi y la asistencia de por lo menos 150 motocicletas de alto cilindraje, se dio inicio a la caravana nocturna con una deslucida participaci\u00f3n de las autoridades de tr\u00e1nsito y\u00a0de la polic\u00eda nacional; recorrimos los barrios m\u00e1s populares de la ciudad para terminar integr\u00e1ndonos con las motocicletas scooter y de\u00a0bajo cilindraje de los habitantes del sur de la ciudad, que terminaron siendo muchos m\u00e1s que los participantes;\u00a0causando el caos que esto genera. El restaurante &#8211; bar Cl\u00e1sicos y Antiguos, algunos metros abajo del Parque Cementerio Jardines La Colina fue el sitio escogido por la organizaci\u00f3n para dar la bienvenida a los asistentes a este evento. Lastimosamente no pudimos entrar ya que el acceso al sitio fue literalmente bloqueado por los asistentes que entre carros y motocicletas dificult\u00f3 el acceso al lugar de integraci\u00f3n lo que a algunos nos sirvi\u00f3 de excusa para dar un recorrido por las calles de la ciudad.<\/p>\n<p><a href=\"http:\/\/zonabiker.com\/blog\/wp-content\/uploads\/2011\/03\/bucaramanga2011_053sillas.jpg\"><img loading=\"lazy\" decoding=\"async\" class=\"alignleft size-thumbnail wp-image-221\" title=\"Silleter\u00eda en CENFER\" src=\"http:\/\/zonabiker.com\/blog\/wp-content\/uploads\/2011\/03\/bucaramanga2011_053sillas-150x150.jpg\" alt=\"\" width=\"150\" height=\"150\" \/><\/a>El viernes desde las 8:00 a.m. se abrieron las puertas de CENFER; expositores y participantes comenzaron a hacer su ingreso a las instalaciones del centro de ferias y exposiciones m\u00e1s grande del oriente colombiano. Al ingresar al recinto, en su patio central, estaba dispuesta una silleter\u00eda frente a una gran tarima de cerveza \u00c1guila (Patrocinador oficial del encuentro), silleter\u00eda que ni tan siquiera tard\u00f3 30 minutos en ser retirada para dar paso al ingreso de las motos de los participantes, gracias al reclamo airado de los asistentes de la hermana republica de Venezuela que alegaron que as\u00ed es como se deben organizar las tarimas, como lo hacen en sus encuentros, donde las protagonistas son las motos y de las cuales no se quieren apartar ni un instante. Paso seguido los asistentes fuimos notificados de la prohibici\u00f3n del ingreso de licor a las\u00a0instalaciones de CENFER pues para esa labor hab\u00edan dispuestos varios puntos de venta del preciado l\u00edquido; tambi\u00e9n se nos notific\u00f3 que los kits de inscripci\u00f3n todav\u00eda no hab\u00edan llegado y que en horas de la tarde los estar\u00edan entregando. La m\u00fasica diluyo la ma\u00f1ana, los primeros asistentes recorrieron el pabell\u00f3n principal admirando los stands de ropa, accesorios, llantas (cauchos), etc.<\/p>\n<p><a href=\"http:\/\/zonabiker.com\/blog\/wp-content\/uploads\/2011\/03\/bucaramanga2011_139menzuli.jpg\"><img loading=\"lazy\" decoding=\"async\" class=\"alignright size-thumbnail wp-image-222\" title=\"Menzuly\" src=\"http:\/\/zonabiker.com\/blog\/wp-content\/uploads\/2011\/03\/bucaramanga2011_139menzuli-150x150.jpg\" alt=\"Menzuly\" width=\"150\" height=\"150\" \/><\/a>La caravana programada hacia Menzuly (un restaurante campestre a 34 km de la ciudad) que deb\u00eda partir a las 10:00 a.m. sali\u00f3 realmente a la 1:00 p.m. con la colaboraci\u00f3n de 6 motorizados de la polic\u00eda nacional y dos camionetas de apoyo, una de la polic\u00eda nacional y otra de Suzuki, patrocinador oficial del encuentro. El recorrido fue placentero y muy organizado gracias a la colaboraci\u00f3n de los socios del club Harlista Fariseos de la ciudad de Bucaramanga quienes coordinaron junto con este servidor la salida y desplazamiento de la caravana de ida y regreso. Cabe resaltar la incre\u00edble y efectiva labor de la polic\u00eda nacional que en todo momento detuvo el tr\u00e1fico de veh\u00edculos al paso de la caravana, siempre pendiente de abrir el camino para las motos, lo que permiti\u00f3 realizar una caravana organizada y fluida. En Menzuly pudimos almorzar, descansar y disfrutar de piscinas de agua natural, hermosos paisajes y c\u00f3modas instalaciones; cerca de 100 motocicletas asistimos a esta caravana y aunque en Menzuly no ten\u00edamos actividades programadas o recibimiento alguno por parte de la organizaci\u00f3n, fue un agradable momento para la integraci\u00f3n y disfrute de los asistentes.<\/p>\n<p>Al llegar de regreso a CENFER nos esperaban nuevos participantes; motocicletas de Venezuela inundaban la plaza central y la m\u00fasica sonaba en la tarima principal. Reclamar el kit fue muy sencillo y r\u00e1pido, algunos amigos no consiguieron la talla de camiseta solicitada y otros m\u00e1s hicieron sentir su voz de protesta por la calidad de los estampados; desde mi punto de vista personal, la nevera o cava port\u00e1til est\u00e1 muy bonita, al igual que la gorra, (las dos bordadas y de muy buena calidad); la confecci\u00f3n de las camisetas tipo polo (Chimise) es de magnifica calidad; pero este tipo de tela no es adecuado para estampar, no es la aplicaci\u00f3n adecuada.<\/p>\n<p><a href=\"http:\/\/zonabiker.com\/blog\/wp-content\/uploads\/2011\/03\/bucaramanga2011_182himno.jpg\"><img loading=\"lazy\" decoding=\"async\" class=\"alignleft size-thumbnail wp-image-226\" title=\"Inauguraci\u00f3n\" src=\"http:\/\/zonabiker.com\/blog\/wp-content\/uploads\/2011\/03\/bucaramanga2011_182himno-150x150.jpg\" alt=\"Inauguraci\u00f3n\" width=\"150\" height=\"150\" \/><\/a>Hacia las 9 p.m. llegaron las autoridades civiles y militares, una hermosa ceremonia de inauguraci\u00f3n como nunca se ha visto en encuentro alguno en Colombia; reconocimiento del se\u00f1or Alcalde Fernando Vargas a las diferentes delegaciones internacionales que visitaban la ciudad, quienes recibieron de manos del Alcalde un pergamino que los reconoce como hu\u00e9spedes ilustres de la ciudad; palabras del se\u00f1or Mario Navarro quien agradeci\u00f3 la importante labor de sus amigos Alfonso Arteaga y Hernando M\u00e9ndez en la realizaci\u00f3n de este encuentro; palabras del se\u00f1or Higinio Camacho que dio agradecimientos a todo su equipo de trabajo en cabeza de su hijo Cesar Camacho y con la colaboraci\u00f3n del se\u00f1or Germ\u00e1n Acevedo, Alexander C\u00e1rdenas y Julio Cesar B\u00e1ez. Suena el himno nacional de la republica de Colombia, el himno de Santander y acto seguido se encienden los motores, rugen las m\u00e1quinas, suena la m\u00fasica, la euforia se apodera de los presentes; es dif\u00edcil describir en palabras lo que se siente en este momento, las largas horas de viaje, la lluvia, los accidentes, las varadas, las camisetas, todo se olvida, todo pasa a un segundo plano y la sangre corre por las venas de manera vertiginosa, el sonido atronador, la m\u00fasica y la hermandad se evidencian en este recinto, la piel se eriza y se da inicio oficial a este primer encuentro de hermandad motera.<\/p>\n<p style=\"text-align: center;\"><img loading=\"lazy\" decoding=\"async\" class=\"size-thumbnail wp-image-227 alignnone\" title=\"Entrada a Cl\u00e1sicos y Antiguos\" src=\"http:\/\/zonabiker.com\/blog\/wp-content\/uploads\/2011\/03\/bucaramanga2011_048clasicos-150x150.jpg\" alt=\"Entrada a Cl\u00e1sicos y Antiguos\" width=\"150\" height=\"150\" \/>\u00a0\u00a0 <img loading=\"lazy\" decoding=\"async\" class=\"size-thumbnail wp-image-228 alignnone\" title=\"Caravana a Menzuly.\" src=\"http:\/\/zonabiker.com\/blog\/wp-content\/uploads\/2011\/03\/bucaramanga2011_126caravana1-150x150.jpg\" alt=\"Caravana a Menzuly.\" width=\"150\" height=\"150\" \/>\u00a0\u00a0 <a href=\"http:\/\/zonabiker.com\/blog\/wp-content\/uploads\/2011\/03\/bucaramanga2011_189diploma.jpg\"><img loading=\"lazy\" decoding=\"async\" class=\"alignnone size-thumbnail wp-image-230\" title=\"Entrega de reconocimientos del Alcalde.\" src=\"http:\/\/zonabiker.com\/blog\/wp-content\/uploads\/2011\/03\/bucaramanga2011_189diploma-150x150.jpg\" alt=\"Huesped ilustre de la ciudad de Bucaramanga.\" width=\"150\" height=\"150\" \/><\/a><\/p>\n<p><a href=\"http:\/\/zonabiker.com\/blog\/wp-content\/uploads\/2011\/03\/bucaramanga2011_244tarimavip.jpg\"><img loading=\"lazy\" decoding=\"async\" class=\"alignleft size-thumbnail wp-image-232\" title=\"Tarima VIP\" src=\"http:\/\/zonabiker.com\/blog\/wp-content\/uploads\/2011\/03\/bucaramanga2011_244tarimavip-150x150.jpg\" alt=\"Tarima VIP\" width=\"150\" height=\"150\" \/><\/a>Las sorpresas siguen; en el segundo pabell\u00f3n de CENFER se alista la rumba VIP, una zona exclusiva para los inscritos al evento, mesas, sillas, aire acondicionado y meseros, cabe resaltar que los precios del licor fueron justos sin aprovecharse del car\u00e1cter de moteros de alto cilindraje, (botella de whiskey de 750 ml a $150.000 y cerveza a $3.000 para dar un ejemplo), al ritmo de la orquesta RH Positivo (Ganadora del Congo de Oro en el Carnaval de Barranquilla y con una larga trayectoria internacional) la rumba fue diluyendo la noche. Al salir de CENFER encontramos un dispositivo de seguridad de las autoridades de tr\u00e1nsito que con alcohol\u00edmetro en mano, restring\u00edan la circulaci\u00f3n de las motocicletas cuyo conductor se encontrara en lamentable estado de ebriedad, sin acosar a los que marcaban un bajo grado de licor; esto no le gust\u00f3 a algunos de los asistentes, incluso a alguien le aplicaron un comparendo (multa) por no portar el chaleco reflectivo; pero para ser sinceros, me parece una labor necesaria, de no ser as\u00ed, los posibles accidentes que se presentar\u00edan los estar\u00edamos lamentando hoy; las motocicletas se pod\u00edan dejar en CENFER y tomar un taxi al hotel como lo hicieron muchos de los asistentes, quienes al siguiente d\u00eda pasaron a recogerlas sin problema alguno.<\/p>\n<p><a href=\"http:\/\/zonabiker.com\/blog\/wp-content\/uploads\/2011\/03\/bucaramanga2011_252chicamoto.jpg\"><img loading=\"lazy\" decoding=\"async\" class=\"alignright size-thumbnail wp-image-233\" title=\"Chicas hermosas\" src=\"http:\/\/zonabiker.com\/blog\/wp-content\/uploads\/2011\/03\/bucaramanga2011_252chicamoto-150x150.jpg\" alt=\"\" width=\"150\" height=\"150\" \/><\/a>El s\u00e1bado fueron llegando un poco tarde los asistentes, quienes de diferentes maneras pasaban el tremendo guayabo por la incre\u00edble rumba vivida la noche anterior. Dos caravanas a mi saber se realizaron este d\u00eda, una a PANACHI (Parque Nacional del Chicamocha) y otra a Mi Colombia Querida (Mesa de los Santos), como no puedo ser omnipresente, asist\u00ed a la m\u00e1s concurrida de las dos, a PANACHI. Nuevamente el acompa\u00f1amiento de la polic\u00eda fue triste y deslucido (una camioneta), la caravana se parti\u00f3 en dos y debimos sortear el tr\u00e1fico en carretera lo que genera desorganizaci\u00f3n. En PANACHI nos esperaba la majestuosidad de la naturaleza, un d\u00eda hermoso, los platos t\u00edpicos de la regi\u00f3n y el m\u00e1s incre\u00edble parque natural del oriente colombiano. Al regreso la lluvia se hizo presente pero eso no importaba, la rumba en CENFER nos esperaba. Cuando llegamos las dos tarimas sonaban, orquestas de talla internacional como Cielo Liquido de Venezuela y \u00c1lvaro Daza de Colombia, presentaci\u00f3n de las chicas Suzuki, concursos de baile, rumba, integraci\u00f3n por doquier y mucha amistad.<\/p>\n<p style=\"text-align: center;\"><a href=\"http:\/\/zonabiker.com\/blog\/wp-content\/uploads\/2011\/03\/bucaramanga2011_332panachi.jpg\"><img loading=\"lazy\" decoding=\"async\" class=\"alignnone size-thumbnail wp-image-234\" title=\"Panoramica de PANACHI\" src=\"http:\/\/zonabiker.com\/blog\/wp-content\/uploads\/2011\/03\/bucaramanga2011_332panachi-150x150.jpg\" alt=\"Panoramica de PANACHI\" width=\"150\" height=\"150\" \/><\/a>\u00a0\u00a0\u00a0\u00a0 <a href=\"http:\/\/zonabiker.com\/blog\/wp-content\/uploads\/2011\/03\/bucaramanga2011_459tarimavip2.jpg\"><img loading=\"lazy\" decoding=\"async\" class=\"alignnone size-thumbnail wp-image-235\" title=\"Rumba en la tarima VIP\" src=\"http:\/\/zonabiker.com\/blog\/wp-content\/uploads\/2011\/03\/bucaramanga2011_459tarimavip2-150x150.jpg\" alt=\"Rumba en la tarima VIP\" width=\"150\" height=\"150\" \/><\/a>\u00a0\u00a0 <a href=\"http:\/\/zonabiker.com\/blog\/wp-content\/uploads\/2011\/03\/bucaramanga2011_183frente-tarima.jpg\"><img loading=\"lazy\" decoding=\"async\" class=\"alignnone size-thumbnail wp-image-229\" title=\"Frente a la tarima\" src=\"http:\/\/zonabiker.com\/blog\/wp-content\/uploads\/2011\/03\/bucaramanga2011_183frente-tarima-150x150.jpg\" alt=\"Frente a la tarima\" width=\"150\" height=\"150\" \/><\/a><\/p>\n<p><a href=\"http:\/\/zonabiker.com\/blog\/wp-content\/uploads\/2011\/03\/bucaramanga2011_830andresvilla.jpg\"><img loading=\"lazy\" decoding=\"async\" class=\"alignright size-thumbnail wp-image-236\" title=\"Andr\u00e9s Villa y el espectaculo Monster Show.\" src=\"http:\/\/zonabiker.com\/blog\/wp-content\/uploads\/2011\/03\/bucaramanga2011_830andresvilla-150x150.jpg\" alt=\"Andr\u00e9s Villa y el espectaculo Monster Show.\" width=\"150\" height=\"150\" \/><\/a>El domingo no se realizaron caravanas; durante todo el d\u00eda se presentaron innumerables espect\u00e1culos en los diferentes escenarios que este gran centro de ferias nos ofrece, shows de acr\u00f3batas en moto (con la presentaci\u00f3n de Andr\u00e9s Villa de Monster Show), competencias de motocross y cuatrimotos, show de obediencia canina, show del ej\u00e9rcito nacional de Colombia, toro mec\u00e1nico, orquestas y mucho m\u00e1s. El pabell\u00f3n principal mostraba lo mejor de los expositores, Suzuki y Yamaha abr\u00edan la entrada con una incre\u00edble y muy completa muestra de sus motocicletas de alto y mediano cilindraje, se pod\u00edan ver exposiciones y stands de accesorios para motocicletas enduro y deportivas en el stand de Los Paisas, Tatoo Tato (Tatuajes), llantas (cauchos) Pirelli y Merzeler, aceites Motul, Aceites Eduardo\u00f1o (Medell\u00edn), Inducascos, Alpinestars, Joe Rokect, Moto World, SENA, Accesorios y Cueros de Bogot\u00e1 y pudimos admirar los m\u00e1s incre\u00edbles cascos y accesorios tra\u00eddos desde Europa por EddiBikers con una incre\u00edble novedad, el casco con espejo retrovisor y unos cascos de piloto que fueron la sensaci\u00f3n.<\/p>\n<p><a href=\"http:\/\/zonabiker.com\/blog\/wp-content\/uploads\/2011\/03\/bucaramanga2011_737karen.jpg\"><img loading=\"lazy\" decoding=\"async\" class=\"alignleft size-thumbnail wp-image-237\" title=\"Karen Sepulveda - Chica Suzuki 2011\" src=\"http:\/\/zonabiker.com\/blog\/wp-content\/uploads\/2011\/03\/bucaramanga2011_737karen-150x150.jpg\" alt=\"Karen Sepulveda - Chica Suzuki 2011\" width=\"150\" height=\"150\" \/><\/a>Cuando la tarde muri\u00f3 y llego la noche, con ella lleg\u00f3 la clausura oficial del evento; presentaci\u00f3n y elecci\u00f3n de las chicas Suzuki, en donde el p\u00fablico dio por ganadora por tercer a\u00f1o consecutivo a Karen Sep\u00falveda como chica Suzuki 2011 (ganadora en el 2009 y 2010 como chica motolatina del tradicional encuentro de motos de alto cilindraje de Bucaramanga). Los agradecimientos en tarima no eran suficientes para tantas personas que hicieron posible este encuentro, menci\u00f3n de honor para los m\u00e1s representativos y si bien se la merec\u00edan todos los asistentes por su magn\u00edfica participaci\u00f3n solo subieron a tarima los presidentes de los clubes participantes; gracias al amable llamado del se\u00f1or Higinio Camacho, este servidor pudo subir y recibir la menci\u00f3n de honor de este encuentro, muchas gracias por tan importante reconocimiento a nuestra labor.<\/p>\n<p>La rumba de la despedida llenaba de nostalgia los corazones de los asistentes, una sola tarima, para mayor integraci\u00f3n, la zona central de CENFER se engalan\u00f3 con la presentaci\u00f3n de Cielo Liquido (Venezuela), Coraza, RH +, Misi\u00f3n Secreta, Blindaje, Jun\u00edfero y los Jornaleros, Los Hermanos Parra, \u00c1lvaro Daza y el Mariachi Guadalajara de Colombia, con la presentaci\u00f3n del espect\u00e1culo de baile de salsa de la casa de David Anaya.<\/p>\n<p style=\"text-align: center;\"><a href=\"http:\/\/zonabiker.com\/blog\/wp-content\/uploads\/2011\/03\/bucaramanga2011_625caninos.jpg\"><img loading=\"lazy\" decoding=\"async\" class=\"alignnone size-thumbnail wp-image-239\" title=\"Obediencia Canina\" src=\"http:\/\/zonabiker.com\/blog\/wp-content\/uploads\/2011\/03\/bucaramanga2011_625caninos-150x150.jpg\" alt=\"Obediencia Canina\" width=\"150\" height=\"150\" \/><\/a>\u00a0\u00a0 <a href=\"http:\/\/zonabiker.com\/blog\/wp-content\/uploads\/2011\/03\/bucaramanga2011_910tatuaje.jpg\"><img loading=\"lazy\" decoding=\"async\" class=\"alignnone size-thumbnail wp-image-245\" title=\"Tatuajes\" src=\"http:\/\/zonabiker.com\/blog\/wp-content\/uploads\/2011\/03\/bucaramanga2011_910tatuaje-150x150.jpg\" alt=\"Tatuajes\" width=\"150\" height=\"150\" \/><\/a>\u00a0\u00a0 <a href=\"http:\/\/zonabiker.com\/blog\/wp-content\/uploads\/2011\/03\/bucaramanga2011_850cascos.jpg\"><img loading=\"lazy\" decoding=\"async\" class=\"alignnone size-thumbnail wp-image-244\" title=\"Muestra comercial.\" src=\"http:\/\/zonabiker.com\/blog\/wp-content\/uploads\/2011\/03\/bucaramanga2011_850cascos-150x150.jpg\" alt=\"Muestra comercial.\" width=\"150\" height=\"150\" \/><\/a><\/p>\n<p>Una rumba sin igual, como nunca antes se hab\u00eda visto en encuentro de motos alguno en Colombia, CENFER es un sitio perfecto para este tipo de encuentros, dos tarimas con shows en vivo permanentes durante 3 d\u00edas, un solo punto de encuentro que nos atend\u00eda hasta las 2:30 AM, orquestas de talla internacional, presentaciones, shows, chicas, variedad, c\u00f3modas salas de exposici\u00f3n, variados expositores organizados por stands, aire acondicionado en el recinto, un encuentro al m\u00e1s puro estilo venezolano (seg\u00fan me cuentan, pues no he tenido el gusto de rodar por las tierras de la hermana republica de Venezuela) y siendo as\u00ed podr\u00edamos concluir que este fue un encuentro venezolano en tierras colombianas.<\/p>\n<p><a href=\"http:\/\/zonabiker.com\/blog\/wp-content\/uploads\/2011\/03\/bucaramanga2011_823piques.jpg\"><img loading=\"lazy\" decoding=\"async\" class=\"alignleft size-thumbnail wp-image-243\" title=\"Piques 1\/4 de Milla.\" src=\"http:\/\/zonabiker.com\/blog\/wp-content\/uploads\/2011\/03\/bucaramanga2011_823piques-150x150.jpg\" alt=\"Piques 1\/4 de Milla.\" width=\"150\" height=\"150\" \/><\/a>El lunes hacia las 11 a.m. comenzaron los piques \u00bc de milla en el viaducto La Flora; se dio inicio con la modalidad de autom\u00f3viles y aunque fue dif\u00edcil observar las competencias por la ausencia de grader\u00edas adecuadas para el sitio teniendo que apretarnos en las vallas de seguridad apostadas a los lados de la v\u00eda, se pudo vivir un magn\u00edfico espect\u00e1culo para quienes con tiempo se aseguraron un lugar en primera fila, los dem\u00e1s nos dedicamos a la integraci\u00f3n en las zonas de comida y bebida dispuestas para los asistentes. Hacia las 3 de la tarde comenz\u00f3 a caer la lluvia y en raz\u00f3n a la falta de lugar donde resguardarse del torrencial aguacero, nos vimos abocados a retirarnos del lugar de las competencias momento para el cual a\u00fan no comenzaban las competencias de motocicletas; por tal raz\u00f3n no tenemos im\u00e1genes de las competencias de motos que en \u00faltimas es lo que quer\u00edamos ver. Con esto damos por terminado el primer encuentro hermandad motera Bucaramanga 2011.<\/p>\n<p>El encuentro en cifras (Seg\u00fan datos suministrados por el comit\u00e9 organizador del encuentro):\u00a0738 motocicletas inscritas (60%) procedentes de Venezuela,\u00a0480 motocicletas inscritas procedentes de las diferentes ciudades de Colombia, 12 motocicletas procedentes de otros pa\u00edses (Chile, Per\u00fa, Ecuador, M\u00e9xico, Brasil,\u00a0Portugal y Espa\u00f1a) para un total de\u00a01.230 motocicletas participantes o inscritas en el evento, 9 orquestas presentadas en 2 tarimas, 3 caravanas diferentes, 25 expositores en 1 pabell\u00f3n, 7 diversos espect\u00e1culos (motocross, cuatrimotos, obediencia canina, ejercito nacional, bailarines de salsa, coreograf\u00edas de baile, acrobacias en moto),\u00a05.500 asistentes de p\u00fablico general a las instalaciones de CENFER,\u00a02.500 asistentes de p\u00fablico general a los piques \u00bc de milla en el viaducto la flora, 8 restaurantes con variados men\u00fas y precios razonables para los asistentes en CENFER, preinscripci\u00f3n al evento desde $120.000 pesos colombianos, inscripci\u00f3n al evento $170.000 pesos colombianos, la inscripci\u00f3n inclu\u00eda 2 camisetas tipo polo (Chemise), 1 cava o nevera port\u00e1til, 1 gorra y toda la diversi\u00f3n que nos ofrecieron.<\/p>\n<p style=\"text-align: center;\"><span style=\"font-family: Arial;\">\u00a0<a href=\"http:\/\/zonabiker.com\/blog\/wp-content\/uploads\/2011\/03\/bucaramanga2011_819piques2.jpg\"><img loading=\"lazy\" decoding=\"async\" class=\"alignnone size-thumbnail wp-image-242\" title=\"Piques en el viaducto La Flora.\" src=\"http:\/\/zonabiker.com\/blog\/wp-content\/uploads\/2011\/03\/bucaramanga2011_819piques2-150x150.jpg\" alt=\"Piques en el viaducto La Flora.\" width=\"150\" height=\"150\" \/><\/a>\u00a0\u00a0 <a href=\"http:\/\/zonabiker.com\/blog\/wp-content\/uploads\/2011\/03\/bucaramanga2011_775mencionhonor.jpg\"><img loading=\"lazy\" decoding=\"async\" class=\"alignnone size-thumbnail wp-image-241\" title=\"Menci\u00f3n de Honor para Zona Biker.\" src=\"http:\/\/zonabiker.com\/blog\/wp-content\/uploads\/2011\/03\/bucaramanga2011_775mencionhonor-150x150.jpg\" alt=\"Menci\u00f3n de Honor para Zona Biker.\" width=\"150\" height=\"150\" \/><\/a>\u00a0 \u00a0<\/span><\/p>\n<p><img loading=\"lazy\" decoding=\"async\" class=\"alignleft size-thumbnail wp-image-240\" title=\"Jos\u00e9 Vel\u00e1squez Pereira, el defensor de los motociclistas.\" src=\"http:\/\/zonabiker.com\/blog\/wp-content\/uploads\/2011\/03\/bucaramanga2011_700jose-150x150.jpg\" alt=\"Jos\u00e9 Vel\u00e1squez Pereira, el defensor de los motociclistas.\" width=\"150\" height=\"150\" \/><\/p>\n<p>Antes de despedirnos, como es costumbre; quiero agradecerle muy especialmente al se\u00f1or Higinio Camacho y su hijo Cesar Dario Camacho\u00a0por su amable invitaci\u00f3n a participar de este evento; a Jos\u00e9 Vel\u00e1squez Pereira &#8220;el defensor de los motociclistas&#8221; por las atenciones para con los visitantes de otros paises y su dedicaci\u00f3n para con el encuentro; a los socios del Club Harlista Fariseos por su colaboraci\u00f3n, amable compa\u00f1\u00eda y gratos momentos; a Augusto Vargas por sus fotograf\u00edas y permanente inter\u00e9s en nuestro portal; y a todos nuestros lectores por hacer parte de este proyecto.<\/p>\n<p>Este espacio es de ustedes, para ustedes y por ustedes, los invitamos a opinar sobre este encuentro, sobre la cr\u00f3nica, sobre lo sucedido; porque entre todos construimos un mejor motociclismo, una mejor hermandad; juntos crecemos m\u00e1s f\u00e1cil y con tu opini\u00f3n ayudas a construir. Gracias amigos.<\/p>\n<p><a title=\"Fotos del 1er. Encuentro Suramericano Hermandad Motera Bucaramanga 2011.\" href=\"http:\/\/www.zonabiker.com\/coppermine\/thumbnails.php?album=41\" target=\"_blank\" rel=\"noopener\">Aqu\u00ed puedes ver todas las fotos del 1er Encuentro Suramericano de Hermandad Motera de Bucaramanga 2011.<\/a><\/p>\n<p><span style=\"color: #ff0000;\"><strong>NOTA IMPORTANTE:<\/strong> <span style=\"color: #000000;\">ZONA BIKER, sus creadores, administradores\u00a0y propietarios, no se hacen responsables por las opiniones emitidas en este espacio. Los comentarios que aqu\u00ed se publican son responsabilidad de su autor. ZONA BIKER se reserva el derecho de eliminar aquellos que utilicen un lenguaje soez o vulgar.<\/span><\/span><\/p>\n","protected":false},"excerpt":{"rendered":"<p>UN SUE\u00d1O SURAMERICANO. Por Juan Pablo Mart\u00ednez V. Hermandad motera, un sue\u00f1o de integraci\u00f3n, amistad y fraternidad. Para los que pertenecemos a este particular mundo del turismo en motocicleta, para los que pasamos horas sentados sobre una motocicleta recorriendo las carreteras de nuestros pa\u00edses; sin&#8230;<\/p>\n","protected":false},"author":1,"featured_media":0,"comment_status":"open","ping_status":"open","sticky":false,"template":"","format":"standard","meta":{"om_disable_all_campaigns":false,"_mi_skip_tracking":false,"footnotes":""},"categories":[13],"tags":[30,37,82,112,128,149,181,252],"class_list":["post-983","post","type-post","status-publish","format-standard","hentry","category-cronicas","tag-1er","tag-37","tag-bucaramanga","tag-cronica","tag-encuentro","tag-hermandad","tag-motera","tag-suramericano"],"aioseo_notices":[],"_links":{"self":[{"href":"https:\/\/territoriobiker.com\/index.php\/wp-json\/wp\/v2\/posts\/983","targetHints":{"allow":["GET"]}}],"collection":[{"href":"https:\/\/territoriobiker.com\/index.php\/wp-json\/wp\/v2\/posts"}],"about":[{"href":"https:\/\/territoriobiker.com\/index.php\/wp-json\/wp\/v2\/types\/post"}],"author":[{"embeddable":true,"href":"https:\/\/territoriobiker.com\/index.php\/wp-json\/wp\/v2\/users\/1"}],"replies":[{"embeddable":true,"href":"https:\/\/territoriobiker.com\/index.php\/wp-json\/wp\/v2\/comments?post=983"}],"version-history":[{"count":0,"href":"https:\/\/territoriobiker.com\/index.php\/wp-json\/wp\/v2\/posts\/983\/revisions"}],"wp:attachment":[{"href":"https:\/\/territoriobiker.com\/index.php\/wp-json\/wp\/v2\/media?parent=983"}],"wp:term":[{"taxonomy":"category","embeddable":true,"href":"https:\/\/territoriobiker.com\/index.php\/wp-json\/wp\/v2\/categories?post=983"},{"taxonomy":"post_tag","embeddable":true,"href":"https:\/\/territoriobiker.com\/index.php\/wp-json\/wp\/v2\/tags?post=983"}],"curies":[{"name":"wp","href":"https:\/\/api.w.org\/{rel}","templated":true}]}}