{"id":763,"date":"2012-04-05T11:11:27","date_gmt":"2012-04-05T16:11:27","guid":{"rendered":"http:\/\/zonabiker.com\/?p=763"},"modified":"2012-04-05T11:11:27","modified_gmt":"2012-04-05T16:11:27","slug":"guinness-world-records-motos-bmw","status":"publish","type":"post","link":"https:\/\/territoriobiker.com\/index.php\/2012\/04\/05\/guinness-world-records-motos-bmw\/","title":{"rendered":"Guinness World Records Motos BMW"},"content":{"rendered":"<h1><a style=\"text-align: left;\" href=\"http:\/\/zonabiker.com\/2012\/guinness-world-records-motos-bmw\/afiche-2\/\" rel=\"attachment wp-att-816\"><img loading=\"lazy\" decoding=\"async\" class=\"size-full wp-image-816 alignnone\" title=\"Guinness World Records Motos BMW Medell\u00edn 2012\" src=\"http:\/\/zonabiker.com\/wp-content\/uploads\/2012\/04\/afiche-2.png\" alt=\"Guinness World Records Motos BMW Medell\u00edn 2012\" width=\"500\" height=\"788\" srcset=\"https:\/\/territoriobiker.com\/wp-content\/uploads\/2012\/04\/afiche-2.png 500w, https:\/\/territoriobiker.com\/wp-content\/uploads\/2012\/04\/afiche-2-190x300.png 190w\" sizes=\"auto, (max-width: 500px) 100vw, 500px\" \/><\/a><\/h1>\n<h1 style=\"text-align: center;\">Guinness World Records Motos BMW<\/h1>\n<p style=\"text-align: justify;\">Este a\u00f1o la comunidad motera y la FERIA DE LAS DOS RUEDAS pasar\u00e1n a la historia a nivel mundial al atreverse a batir el actual Guinness World Record del &#8220;Mayor desfile de motocicletas BMW&#8221; el cual se llevar\u00e1 acabo el d\u00eda s\u00e1bado 5 de Mayo como evento principal de la Feria de las Dos Ruedas, consolidando as\u00ed a Medell\u00edn como la capital motocicl\u00edstica de Colombia.<\/p>\n<p style=\"text-align: justify;\">El actual Guinness World Record de esta modalidad se encuentra en 241 motos desde el 26 de Septiembre de 2009 en Missouri, USA y estamos seguros que con la gran afici\u00f3n y seguidores que tiene la marca germana en Colombia lo duplicaremos para que tenga vigencia por varios a\u00f1os.<\/p>\n<p style=\"text-align: justify;\">Esta es la invitaci\u00f3n para que todos los usuarios de estas poderosas m\u00e1quinas de cualquier estilo y modelo se inscriban al evento y puedan contarle a sus hijos y nietos con gran orgullo: &#8220;Yo hice parte del Guinness World Record de motos BMW realizado en Medell\u00edn &#8211; Colombia en el 2012&#8221;.<\/p>\n<h1 style=\"text-align: justify;\">PROGRAMACI\u00d3N<\/h1>\n<h3>VIERNES 4 de Mayo<\/h3>\n<table border=\"0\" cellspacing=\"0\" cellpadding=\"0\">\n<tbody>\n<tr>\n<td valign=\"top\" width=\"102\">\n<p align=\"center\">4:00 PM<\/p>\n<\/td>\n<td valign=\"top\" width=\"19\"><\/td>\n<td style=\"text-align: justify;\" valign=\"top\" width=\"478\">Recepci\u00f3n y acreditaciones de las diferentes delegaciones en el <strong>Hard Rock Caf\u00e9 Medell\u00edn <\/strong>(Av. El Poblado).<\/td>\n<\/tr>\n<tr>\n<td valign=\"top\" width=\"102\">\n<p align=\"center\">9:00 PM<\/p>\n<\/td>\n<td valign=\"top\" width=\"19\"><\/td>\n<td style=\"text-align: justify;\" valign=\"top\" width=\"478\">Coctail de bienvenida y fiesta de integraci\u00f3n en el <strong>Hard Rock Caf\u00e9 Medell\u00edn<\/strong> (Av. El Poblado).<\/td>\n<\/tr>\n<tr>\n<td valign=\"top\" width=\"102\">\n<p align=\"center\">10:00 PM<\/p>\n<\/td>\n<td valign=\"top\" width=\"19\"><\/td>\n<td valign=\"top\" width=\"478\">Banda en vivo. *Pregunte por el paquete de descuentos BMW para todo el fin de semana en el Hard Rock Caf\u00e9<\/td>\n<\/tr>\n<\/tbody>\n<\/table>\n<h3>S\u00c1BADO 5 de Mayo<\/h3>\n<table border=\"0\" cellspacing=\"0\" cellpadding=\"0\">\n<tbody>\n<tr>\n<td valign=\"top\" width=\"102\">\n<p align=\"center\">10:00 AM<\/p>\n<\/td>\n<td valign=\"top\" width=\"19\"><\/td>\n<td style=\"text-align: justify;\" valign=\"top\" width=\"478\">Encuentro motociclistas en el <strong>Hard Rock Caf\u00e9<\/strong>.<\/td>\n<\/tr>\n<tr>\n<td valign=\"top\" width=\"102\">\n<p align=\"center\">12:00 M<\/p>\n<\/td>\n<td valign=\"top\" width=\"19\"><\/td>\n<td style=\"text-align: justify;\" valign=\"top\" width=\"478\">Almuerzo en el Hard Rock Caf\u00e9. (Pregunte por nuestro men\u00fa con descuento para inscritos).<\/td>\n<\/tr>\n<tr>\n<td valign=\"top\" width=\"102\">\n<p align=\"center\">2:30 PM<\/p>\n<\/td>\n<td valign=\"top\" width=\"19\"><\/td>\n<td style=\"text-align: justify;\" valign=\"top\" width=\"478\">Salida de caravana al punto de conteo Guinness World Records a la Feria de las 2 Ruedas en Plaza Mayor. El recorrido debe tener m\u00ednimo 3.5 Km y la caravana debe ir perfectamente alineada de a dos motos en zig zag. Deben ser m\u00e1s de 241 motocicletas BMW para batir el record.<\/td>\n<\/tr>\n<tr>\n<td valign=\"top\" width=\"102\">\n<p align=\"center\">3:00 PM<\/p>\n<\/td>\n<td valign=\"top\" width=\"19\"><\/td>\n<td style=\"text-align: justify;\" valign=\"top\" width=\"478\">Inicio conteo individual de motos.<\/td>\n<\/tr>\n<tr>\n<td valign=\"top\" width=\"102\">\n<p align=\"center\">5:00 PM<\/p>\n<\/td>\n<td valign=\"top\" width=\"19\"><\/td>\n<td valign=\"top\" width=\"478\">Finalizaci\u00f3n oficial de conteo.<\/td>\n<\/tr>\n<tr>\n<td valign=\"top\" width=\"102\">\n<p align=\"center\">6:00 PM a 10:00 PM<\/p>\n<\/td>\n<td valign=\"top\" width=\"19\"><\/td>\n<td style=\"text-align: justify;\" valign=\"top\" width=\"478\">Disfrute de toda la programaci\u00f3n de shows y exhibici\u00f3n comercial en la mejor feria de motos de Colombia.<\/td>\n<\/tr>\n<\/tbody>\n<\/table>\n<h3>DOMINGO 6 de Mayo<\/h3>\n<table border=\"0\" cellspacing=\"0\" cellpadding=\"0\">\n<tbody>\n<tr>\n<td valign=\"top\" width=\"102\">\n<p align=\"center\">12:00 M<\/p>\n<\/td>\n<td valign=\"top\" width=\"19\"><\/td>\n<td style=\"text-align: justify;\" valign=\"top\" width=\"478\">Reuni\u00f3n de motociclistas en el <strong>Hard Rock Caf\u00e9 Medell\u00edn <\/strong>(Av. El Poblado) para salir en caravana al concesionario de <strong>DISCARIBE<\/strong> en Llanogrande donde clausuraremos y premiaremos el evento: moto m\u00e1s antigua, m\u00e1s nueva, m\u00e1s accesorizada y la de mayor kilometraje; patrocinados por <strong>RUTA 40<\/strong>, <strong>K.I.N.G Aluminum<\/strong> y <strong>DISCARIBE<\/strong>. Test Drive de las marcas Jeep y Dodge.<\/td>\n<\/tr>\n<\/tbody>\n<\/table>\n<p>&nbsp;<\/p>\n<h1 style=\"text-align: center;\"><iframe loading=\"lazy\" src=\"http:\/\/www.youtube.com\/embed\/loWPG-WBdY4?rel=0\" frameborder=\"0\" width=\"480\" height=\"360\"><\/iframe><\/h1>\n<p>&nbsp;<\/p>\n<p style=\"text-align: justify;\"><span style=\"color: #ff0000;\"><strong>INSCRIPCIONES:<\/strong><\/span>\u00a0<strong>se recibir\u00e1n\u00a0\u00fanicamente\u00a0por Internet\u00a0hasta el d\u00eda 28 de Abril con un 40% de descuento, es decir, solo $120.000 a\u00a0trav\u00e9s\u00a0de nuestra p\u00e1gina web <a title=\"Eventos a motor\" href=\"http:\/\/www.eventosamotor.com.co\" target=\"_blank\" rel=\"noopener\">www.eventosamotor.com.co<\/a><br \/>\nLos motociclistas que se inscriban\u00a0despu\u00e9s\u00a0y hasta el 5 de Mayo, el valor ser\u00e1 de $200.000.<br \/>\nMotos con modelo inferior a 1970 no pagan inscripci\u00f3n.<\/strong><\/p>\n<p style=\"text-align: justify;\"><strong>Incluye:<\/strong><br \/>\nFiesta de integraci\u00f3n y bienvenida en el Hard Rock Caf\u00e9 Medell\u00edn.<br \/>\nParticipaci\u00f3n en el conteo oficial de Guinness World Records.<br \/>\nCamiseta conmemorativa del evento para hombre y dama.<br \/>\nManilla de acreditaci\u00f3n para piloto y acompa\u00f1ante.<br \/>\nIngreso a la Feria de las 2 Ruedas para dos personas.<br \/>\nFotograf\u00eda oficial conmemorativa de participaci\u00f3n.<br \/>\nSeguro de vida y accidente para dos personas el d\u00eda del desfile.<br \/>\nStiker oficial distintivo para su motocicleta.<br \/>\nAcompa\u00f1amiento de ambulancia en la caravana.<br \/>\nC\u00e1maras m\u00f3viles y a\u00e9reas que acompa\u00f1an el desfile.<\/p>\n<p>Inscripciones a trav\u00e9s de los siguientes t\u00e9lefonos y p\u00e1gina web:<\/p>\n<h1 style=\"text-align: center;\">Tel (4) 44 44 874 &#8211; 310 829 2407<\/h1>\n<h1 style=\"text-align: center;\"><a title=\"www.eventosamotor.com.co\" href=\"http:\/\/www.eventosamotor.com.co\" target=\"_blank\" rel=\"noopener\">www.eventosamotor.com.co<\/a><\/h1>\n","protected":false},"excerpt":{"rendered":"<p>Guinness World Records Motos BMW Este a\u00f1o la comunidad motera y la FERIA DE LAS DOS RUEDAS pasar\u00e1n a la historia a nivel mundial al atreverse a batir el actual Guinness World Record del &#8220;Mayor desfile de motocicletas BMW&#8221; el cual se llevar\u00e1 acabo el&#8230;<\/p>\n","protected":false},"author":1,"featured_media":0,"comment_status":"open","ping_status":"open","sticky":false,"template":"","format":"standard","meta":{"om_disable_all_campaigns":false,"_mi_skip_tracking":false,"footnotes":""},"categories":[5],"tags":[38,77,102,145,175,177,182,193,234,271],"class_list":["post-763","post","type-post","status-publish","format-standard","hentry","category-eventos","tag-38","tag-bmw","tag-colombia","tag-guinness","tag-mayo","tag-medellin","tag-moteros","tag-motos","tag-records","tag-world"],"aioseo_notices":[],"_links":{"self":[{"href":"https:\/\/territoriobiker.com\/index.php\/wp-json\/wp\/v2\/posts\/763","targetHints":{"allow":["GET"]}}],"collection":[{"href":"https:\/\/territoriobiker.com\/index.php\/wp-json\/wp\/v2\/posts"}],"about":[{"href":"https:\/\/territoriobiker.com\/index.php\/wp-json\/wp\/v2\/types\/post"}],"author":[{"embeddable":true,"href":"https:\/\/territoriobiker.com\/index.php\/wp-json\/wp\/v2\/users\/1"}],"replies":[{"embeddable":true,"href":"https:\/\/territoriobiker.com\/index.php\/wp-json\/wp\/v2\/comments?post=763"}],"version-history":[{"count":0,"href":"https:\/\/territoriobiker.com\/index.php\/wp-json\/wp\/v2\/posts\/763\/revisions"}],"wp:attachment":[{"href":"https:\/\/territoriobiker.com\/index.php\/wp-json\/wp\/v2\/media?parent=763"}],"wp:term":[{"taxonomy":"category","embeddable":true,"href":"https:\/\/territoriobiker.com\/index.php\/wp-json\/wp\/v2\/categories?post=763"},{"taxonomy":"post_tag","embeddable":true,"href":"https:\/\/territoriobiker.com\/index.php\/wp-json\/wp\/v2\/tags?post=763"}],"curies":[{"name":"wp","href":"https:\/\/api.w.org\/{rel}","templated":true}]}}