{"id":5407,"date":"2018-06-02T19:57:24","date_gmt":"2018-06-03T00:57:24","guid":{"rendered":"http:\/\/zonabiker.com\/?p=5407"},"modified":"2018-06-02T19:57:24","modified_gmt":"2018-06-03T00:57:24","slug":"18th-bike-weekend-medellin-2018","status":"publish","type":"post","link":"https:\/\/territoriobiker.com\/index.php\/2018\/06\/02\/18th-bike-weekend-medellin-2018\/","title":{"rendered":"18th Bike Weekend Medell\u00edn 2018"},"content":{"rendered":"<h1 style=\"text-align: center;\">18th Bike Weekend Medell\u00edn 2018<\/h1>\n<div id=\"attachment_5408\" style=\"width: 1290px\" class=\"wp-caption aligncenter\"><a href=\"http:\/\/zonabiker.com\/2018\/18th-bike-weekend-medellin-2018\/whatsapp-image-2018-05-18-at-11-22-01-am\/\" rel=\"attachment wp-att-5408\"><img loading=\"lazy\" decoding=\"async\" aria-describedby=\"caption-attachment-5408\" class=\"size-full wp-image-5408\" src=\"http:\/\/zonabiker.com\/wp-content\/uploads\/2018\/06\/WhatsApp-Image-2018-05-18-at-11.22.01-AM.jpeg\" alt=\"18th Bike Weekend Medell\u00edn 2018 - Un evento para todos.\" width=\"1280\" height=\"833\"\/><\/a><p id=\"caption-attachment-5408\" class=\"wp-caption-text\">18th Bike Weekend Medell\u00edn 2018 &#8211; Un evento para todos.<\/p><\/div>\n<p style=\"text-align: left;\" align=\"justify\">Este a\u00f1o celebraremos el 18th Bike Weekend Medell\u00edn 2018 en su tradicional fecha de mitad de a\u00f1o, m\u00e1s exactamente los d\u00edas 29 y 30 de junio y 1 de julio; no es un evento, es el mejor encuentro de Colombia, por lo tanto te esperamos en Medell\u00edn. Como siempre el&nbsp;Bike Weekend Medell\u00edn llega con su inigualable la calidad y el compromiso que a\u00f1o tras a\u00f1o le dan los integrantes del equipo de Eventos A Motor en cabeza del se\u00f1or Sergio M\u00fanera; este podr\u00eda ser catalogado como el mejor evento del a\u00f1o, el 18th Bike Weekend Medell\u00edn 2018.<\/p>\n<p><iframe loading=\"lazy\" width=\"1060\" height=\"596\" src=\"https:\/\/www.youtube.com\/embed\/J4UJ_D4eV_Y?feature=oembed\" frameborder=\"0\" allow=\"autoplay; encrypted-media\" allowfullscreen><\/iframe><\/p>\n<h2 style=\"text-align: center;\"><span style=\"color: #ff0000;\">PROGRAMACI\u00d3N<\/span><\/h2>\n<h2 style=\"text-align: center;\">del 18th Bike Weekend Medell\u00edn 2018<\/h2>\n<p>&nbsp;<\/p>\n<table border=\"1\" cellspacing=\"0\" cellpadding=\"0\">\n<tbody>\n<tr>\n<td colspan=\"2\" valign=\"top\" width=\"599\">\n<h4 align=\"center\"><b>VIERNES 29 de&nbsp;JUNIO<\/b><\/h4>\n<\/td>\n<\/tr>\n<tr>\n<td width=\"130\">\n<p align=\"center\"><b>3:00 PM<\/b><\/p>\n<\/td>\n<td valign=\"top\" width=\"468\">\n<p style=\"text-align: left;\"><span style=\"font-family: inherit; font-size: inherit;\">Te esperamos en el punto de encuentro PLAZA PAKITA.<br \/>\n<\/span>Alto de Las Palmas, v\u00eda La F\u00e9, al frente del peaje (Clima fr\u00edo).<\/p>\n<\/td>\n<\/tr>\n<tr>\n<td>\n<p align=\"center\"><b>4:00 PM<\/b><\/p>\n<\/td>\n<td>\n<p style=\"text-align: left;\" align=\"justify\">Apertura de acreditaciones, Dj, exhibici\u00f3n de motos y la animaci\u00f3n de &#8220;VICKY TRU&#8221;.<\/p>\n<\/td>\n<\/tr>\n<tr>\n<td>\n<p align=\"center\"><b>7:00 PM<\/b><\/p>\n<\/td>\n<td>\n<p style=\"text-align: left;\" align=\"justify\">Apertura oficial del evento, palabras de bienvenida, encuentro y tertulia con los amigos de siempre y los nuevos que apenas llegan &#8220;esto es lo mejor de cada evento&#8221;; adem\u00e1s tendremos los siguientes concursos: Tomadores de cerveza, enlaza la vaca, el Harlista m\u00e1s pesado y el Harlista m\u00e1s glot\u00f3n.<\/p>\n<\/td>\n<\/tr>\n<tr>\n<td>\n<p align=\"center\"><b>8:00 PM<\/b><\/p>\n<\/td>\n<td>\n<p style=\"text-align: left;\" align=\"justify\">Gran fiesta de bienvenida; banda de Son Cubano y Salsa Cl\u00e1sica en vivo.<\/p>\n<\/td>\n<\/tr>\n<tr>\n<td>\n<p align=\"center\"><b>9:00 PM<\/b><\/p>\n<\/td>\n<td>\n<p style=\"text-align: left;\" align=\"justify\">Hora loca ochentera, toque especial de VICKY TRU.<\/p>\n<\/td>\n<\/tr>\n<tr>\n<td>\n<p align=\"center\"><b>10:00 PM<\/b><\/p>\n<\/td>\n<td>\n<p style=\"text-align: left;\" align=\"justify\">Contin\u00faa la rumba, banda en vivo hasta la hora que se quieran quedar.<\/p>\n<\/td>\n<\/tr>\n<tr>\n<td>\n<p align=\"center\"><b>11:00 PM<\/b><\/p>\n<\/td>\n<td>\n<p style=\"text-align: left;\" align=\"justify\">Servicio gratuito de transporte hasta la glorieta de San Diego para los que quieran tomar y dejar sus motos con vigilancia en el sitio de encuentro (Cupo limitado).<\/p>\n<p align=\"justify\">Trae a tus ni\u00f1os entre 4 y 10 a\u00f1os para que disfruten del evento; recreaci\u00f3n dirigida con VAGONES DE SONRISAS (Inscripci\u00f3n previa en el celular 311 3509929).<\/p>\n<\/td>\n<\/tr>\n<\/tbody>\n<\/table>\n<table border=\"1\" cellspacing=\"0\" cellpadding=\"0\">\n<tbody>\n<tr>\n<td colspan=\"2\" valign=\"top\" width=\"599\">\n<h4 align=\"center\"><b>S\u00c1BADO 30 de JUNIO<\/b><\/h4>\n<\/td>\n<\/tr>\n<tr>\n<td width=\"130\">\n<p align=\"center\"><b>10:00 AM<\/b><\/p>\n<\/td>\n<td>\n<p style=\"text-align: left;\"><span style=\"font-family: inherit; font-size: inherit;\">Contin\u00faan las acreditaciones en PLAZA PAKITA, Dj, animaci\u00f3n y exhibici\u00f3n de motos usadas para la venta (previa inscripci\u00f3n).<\/span><\/p>\n<p>TEST DRIVE de las marcas participantes de autos y motos.<\/td>\n<\/tr>\n<tr>\n<td width=\"130\">\n<p align=\"center\"><b>12:00 M<\/b><\/p>\n<\/td>\n<td>\n<p style=\"text-align: left;\" align=\"justify\">Banda de Rock Cl\u00e1sico en vivo para amenizar el almuerzo que podr\u00e1s elegir en cualquiera de los restaurantes aliados del Mall.<\/p>\n<\/td>\n<\/tr>\n<tr>\n<td width=\"130\">\n<p align=\"center\"><b>1:00 PM<\/b><\/p>\n<\/td>\n<td>\n<p style=\"text-align: left;\">Disfrutemos juntos del partido del mundial.<\/p>\n<\/td>\n<\/tr>\n<tr>\n<td width=\"130\">\n<p align=\"center\"><b>2:30 PM<\/b><\/p>\n<\/td>\n<td>\n<p style=\"text-align: left;\" align=\"justify\">Subasta motera a beneficio de la Fundaci\u00f3n ALLAR, trae para subastar todos los accesorios, repuestos y prendas de vestir que quieras vender (previa inscripci\u00f3n).<\/p>\n<\/td>\n<\/tr>\n<tr>\n<td width=\"130\">\n<p align=\"center\"><b>4:00 PM<\/b><\/p>\n<\/td>\n<td>\n<p style=\"text-align: left;\">Foto oficial de todos los motociclistas con sus motos y los ni\u00f1os de la Fundaci\u00f3n ALLAR (Gracias por apoyar esta noble causa).<\/p>\n<\/td>\n<\/tr>\n<tr>\n<td width=\"130\">\n<p align=\"center\"><b>4:30 PM<\/b><\/p>\n<\/td>\n<td>\n<p style=\"text-align: left;\">Caravana tur\u00edstica &#8220;CONOCE A MEDELL\u00cdN&#8221;: Av. Las Palmas, San Diego, Av. Oriental, San Juan, Parque de Las Luces, Alpujarra, la 33 Av. Regional, Calle 30, Pueblito Paisa, Av. Regional, la 10, Parque Lleras<strong>.<\/strong><\/p>\n<\/td>\n<\/tr>\n<tr>\n<td width=\"130\">\n<p align=\"center\"><b>5:30 PM<\/b><\/p>\n<\/td>\n<td>\n<p style=\"text-align: left;\">Bienvenida a todos los bikers en el dealer HARLEY-DAVIDSON\u00ae MEDELL\u00cdN<strong>.<\/strong><\/p>\n<\/td>\n<\/tr>\n<tr>\n<td width=\"130\">\n<p align=\"center\"><b>9:00 PM<\/b><\/p>\n<\/td>\n<td>\n<p style=\"text-align: left;\">Disfruta de la mejor rumba crossover de integraci\u00f3n con todos tus amigos en la mejor discoteca de la ciudad &#8220;LA CHULA&#8221;, km 3 v\u00eda Las Palmas (servicio de restaurante)<strong>.<\/strong><\/p>\n<\/td>\n<\/tr>\n<\/tbody>\n<\/table>\n<table style=\"height: 830px;\" border=\"1\" width=\"740\" cellspacing=\"0\" cellpadding=\"0\">\n<tbody>\n<tr>\n<td colspan=\"2\" valign=\"top\" width=\"599\">\n<h4 align=\"center\"><b>DOMINGO&nbsp;1 de JULIO<\/b><\/h4>\n<\/td>\n<\/tr>\n<tr>\n<td width=\"130\">\n<p align=\"center\"><b>10:00 AM<\/b><\/p>\n<\/td>\n<td valign=\"top\" width=\"468\">\n<p style=\"text-align: left;\" align=\"justify\">Nos vemos en el punto de encuentro PLAZA PAKITA; Dj, animaci\u00f3n, mercado de las pulgas, test drive multimarca.<\/p>\n<\/td>\n<\/tr>\n<tr>\n<td width=\"130\">\n<p align=\"center\"><b>12:00 M<\/b><\/p>\n<\/td>\n<td valign=\"top\" width=\"468\">\n<p style=\"text-align: left;\" align=\"justify\">Salida de caravana represa de la Fe, glorieta Don Diego, Tequendamita, La Ceja, Llanogrande.<\/p>\n<\/td>\n<\/tr>\n<tr>\n<td width=\"130\">\n<p align=\"center\"><b>1:00 PM<\/b><\/p>\n<\/td>\n<td valign=\"top\" width=\"468\">\n<p style=\"text-align: left;\" align=\"justify\">Disfrutemos del partido del mundial en el restaurante &#8220;BRASAS&#8221; mientras disfrutamos de la mejor parrilla por cuenta de la organizaci\u00f3n en uno de los mejores restaurantes de la zona.<\/p>\n<\/td>\n<\/tr>\n<tr>\n<td width=\"130\">\n<p align=\"center\"><b>3:00 PM<\/b><\/p>\n<\/td>\n<td valign=\"top\" width=\"468\">\n<p style=\"text-align: left;\">Banda Country en vivo.<\/p>\n<\/td>\n<\/tr>\n<tr>\n<td width=\"130\">\n<p align=\"center\"><b>4:00 PM<\/b><\/p>\n<\/td>\n<td valign=\"top\" width=\"468\">\n<p style=\"text-align: left;\">Concursos t\u00edpicos biker (mejor pinta Harlista para hombre y dama, reconocimiento a la moto m\u00e1s vieja y m\u00e1s nueva del evento, reconocimiento al piloto m\u00e1s j\u00f3ven y al m\u00e1s veterano del evento, Dj y la inigualable animaci\u00f3n de VICKY TRU.<\/p>\n<\/td>\n<\/tr>\n<tr>\n<td style=\"text-align: center;\" width=\"130\"><strong>6:00 PM<\/strong><\/td>\n<td valign=\"top\" width=\"468\">\n<p style=\"text-align: left;\">Clausura oficial del evento, pero la rumba contin\u00faa hasta que el cuerpo aguante.<\/p>\n<\/td>\n<\/tr>\n<tr>\n<td width=\"130\">\n<p align=\"center\"><b>IMPORTANTE<\/b><\/p>\n<\/td>\n<td valign=\"top\" width=\"468\">\n<p style=\"text-align: left;\">Inscripci\u00f3n previa para la SUBASTA MOTERA y VENTA DE MOTOS USADAS en el tel\u00e9fono 310 8292407.<\/p>\n<\/td>\n<\/tr>\n<\/tbody>\n<\/table>\n<p style=\"text-align: justify;\">Esta programaci\u00f3n est\u00e1 sujeta a cambios de \u00faltimo momento sin previo aviso.<\/p>\n<h1 style=\"text-align: center;\"><span style=\"color: #ff0000;\"><strong>INSCRIPCIONES ABIERTAS<\/strong><\/span><\/h1>\n<h3><span style=\"color: #ff0000;\"><strong>PRE &#8211; INSCRIPCIONES HASTA EL 22 DE JUNIO:<\/strong><\/span><\/h3>\n<p>Valor por motocicleta: $200.000<\/p>\n<h3><span style=\"color: #ff0000;\"><strong>INSCRIPCI\u00d3N&nbsp;DESPU\u00c9S DEL 23 DE JUNIO:<\/strong><\/span><\/h3>\n<p>Valor por motocicleta: $250.000<\/p>\n<div><b><span class=\"fs10 ff1\">Con la inscripci\u00f3n tiene derecho a:<\/span><br \/>\n<\/b><span class=\"fs12 ff1\">&#8211; Buff para hombre y para dama.<\/span><\/div>\n<div><span class=\"fs12 ff1\">&#8211; Dos almuerzos el d\u00eda s\u00e1bado.<\/span><\/div>\n<div>&#8211; Dos almuerzos el d\u00eda domingo.<br \/>\n<span class=\"fs12 ff1\">&#8211; Manilla de acreditaci\u00f3n para hombre y para dama.<\/span><br \/>\n<span class=\"fs12 ff1\">&#8211; Calcomania tapa placa.<\/span><\/div>\n<div>&#8211; Ingreso sin cover a la discoteca el d\u00eda s\u00e1bado.<br \/>\n<span class=\"fs12 ff1\">&#8211; Parqueadero VIP para tu moto.<\/span><\/div>\n<div>&#8211; Participaci\u00f3n en todos los concursos y la subasta motera.<br \/>\n<span class=\"fs12 ff1\">&#8211; Acompa\u00f1amiento de ambulancia y gr\u00faa en todas las caravanas.<\/span><\/div>\n<p style=\"text-align: justify;\">Las inscripciones se realizar\u00e1n a trav\u00e9s de la web <strong><a href=\"http:\/\/www.eventosamotor.com.co\" target=\"_blank\" rel=\"noopener\">www.eventosamotor.com.co<\/a>&nbsp;<\/strong><\/p>\n<p>Inmediatamente recibir\u00e1s al correo que relacionaste, el formulario de inscripci\u00f3n el cual debes imprimir y anexar la transferencia bancaria realizada en un t\u00e9rmino no mayor a 3 d\u00edas; cupo limitado 300 motos.<br \/>\nInscripciones en la cuenta corriente <strong>BANCOLOMBIA<\/strong> # <strong>25537223474<\/strong> a nombre de <strong>Team Log\u00edstico S.A.S.<\/strong><br \/>\nEs indispensable traer impreso el formulario de inscripci\u00f3n y la transferencia original para poderse acreditar.<\/p>\n<h1 style=\"text-align: center;\"><span style=\"color: #ff0000;\">GU\u00cdA HOTELERA<\/span><\/h1>\n<p>Viaggio, hotel oficial del&nbsp;18th Bike Weekend Medell\u00edn 2018; realiza tu reserva al tel\u00e9fono (1) 7449999 mencionando el c\u00f3digo &#8220;BIKE WEEKEND&#8221; para recibir tu tarifa especial de participante. A continuaci\u00f3n encuentras la tabla de tarifas especiales para los participantes del evento.<\/p>\n<p style=\"text-align: center;\"><a href=\"http:\/\/zonabiker.com\/2018\/18th-bike-weekend-medellin-2018\/whatsapp-image-2018-06-15-at-4-06-43-pm\/\" rel=\"attachment wp-att-5428\"><img loading=\"lazy\" decoding=\"async\" class=\"alignnone size-full wp-image-5428\" src=\"http:\/\/zonabiker.com\/wp-content\/uploads\/2018\/06\/WhatsApp-Image-2018-06-15-at-4.06.43-PM.jpeg\" alt=\"Viaggio, hotel oficial del 18th Bike Weekend Medell\u00edn 2018\" width=\"1024\" height=\"945\"\/><\/a><\/p>\n<p style=\"text-align: center;\">&nbsp;<a href=\"http:\/\/zonabiker.com\/2018\/18th-bike-weekend-medellin-2018\/whatsapp-image-2018-06-08-at-4-37-45-pm\/\" rel=\"attachment wp-att-5419\"><img loading=\"lazy\" decoding=\"async\" class=\"alignnone size-full wp-image-5419\" src=\"http:\/\/zonabiker.com\/wp-content\/uploads\/2018\/06\/WhatsApp-Image-2018-06-08-at-4.37.45-PM.jpeg\" alt=\"Programaci\u00f3n del 18th Bike Weekend Medell\u00edn 2018\" width=\"706\" height=\"771\"\/><\/a><\/p>\n<p style=\"text-align: center;\"><a href=\"http:\/\/zonabiker.com\/2018\/18th-bike-weekend-medellin-2018\/whatsapp-image-2018-06-08-at-4-37-46-pm\/\" rel=\"attachment wp-att-5420\"><img loading=\"lazy\" decoding=\"async\" class=\"alignnone size-full wp-image-5420\" src=\"http:\/\/zonabiker.com\/wp-content\/uploads\/2018\/06\/WhatsApp-Image-2018-06-08-at-4.37.46-PM.jpeg\" alt=\"Viernes 29 de junio - 18th Bike Weekend Medell\u00edn 2018\" width=\"638\" height=\"575\"\/><\/a><\/p>\n<p style=\"text-align: center;\"><a href=\"http:\/\/zonabiker.com\/2018\/18th-bike-weekend-medellin-2018\/whatsapp-image-2018-06-08-at-4-37-48-pm\/\" rel=\"attachment wp-att-5421\"><img loading=\"lazy\" decoding=\"async\" class=\"alignnone size-full wp-image-5421\" src=\"http:\/\/zonabiker.com\/wp-content\/uploads\/2018\/06\/WhatsApp-Image-2018-06-08-at-4.37.48-PM.jpeg\" alt=\"S\u00e1bado 30 de junio - 18th Bike Weekend Medell\u00edn 2018\" width=\"652\" height=\"579\"\/><\/a><\/p>\n<p style=\"text-align: center;\"><a href=\"http:\/\/zonabiker.com\/2018\/18th-bike-weekend-medellin-2018\/whatsapp-image-2018-06-08-at-4-37-49-pm\/\" rel=\"attachment wp-att-5423\"><img loading=\"lazy\" decoding=\"async\" class=\"alignnone size-full wp-image-5423\" src=\"http:\/\/zonabiker.com\/wp-content\/uploads\/2018\/06\/WhatsApp-Image-2018-06-08-at-4.37.49-PM.jpeg\" alt=\"Domingo 01 de julio - 18th Bike Weekend Medell\u00edn 2018\" width=\"712\" height=\"707\"\/><\/a><\/p>\n<p style=\"text-align: center;\"><a href=\"http:\/\/zonabiker.com\/2018\/18th-bike-weekend-medellin-2018\/whatsapp-image-2018-06-08-at-4-37-51-pm\/\" rel=\"attachment wp-att-5424\"><img loading=\"lazy\" decoding=\"async\" class=\"alignnone size-full wp-image-5424\" src=\"http:\/\/zonabiker.com\/wp-content\/uploads\/2018\/06\/WhatsApp-Image-2018-06-08-at-4.37.51-PM.jpeg\" alt=\"Inscripciones al 18th Bike Weekend Medell\u00edn 2018\" width=\"550\" height=\"494\"\/><\/a><\/p>\n<p style=\"text-align: center;\"><a href=\"http:\/\/zonabiker.com\/2018\/18th-bike-weekend-medellin-2018\/whatsapp-image-2018-06-08-at-4-37-52-pm\/\" rel=\"attachment wp-att-5425\"><img loading=\"lazy\" decoding=\"async\" class=\"alignnone size-full wp-image-5425\" src=\"http:\/\/zonabiker.com\/wp-content\/uploads\/2018\/06\/WhatsApp-Image-2018-06-08-at-4.37.52-PM.jpeg\" alt=\"Punto de encuentro del 18th Bike Weekend Medell\u00edn 2018\" width=\"573\" height=\"494\"\/><\/a><\/p>\n","protected":false},"excerpt":{"rendered":"<p>18th Bike Weekend Medell\u00edn 2018 Este a\u00f1o celebraremos el 18th Bike Weekend Medell\u00edn 2018 en su tradicional fecha de mitad de a\u00f1o, m\u00e1s exactamente los d\u00edas 29 y 30 de junio y 1 de julio; no es un evento, es el mejor encuentro de Colombia,&#8230;<\/p>\n","protected":false},"author":1,"featured_media":5413,"comment_status":"open","ping_status":"open","sticky":false,"template":"","format":"standard","meta":{"om_disable_all_campaigns":false,"_mi_skip_tracking":false,"footnotes":""},"categories":[5],"tags":[25,43,72,96,102,114,128,153,198,269,276],"class_list":["post-5407","post","type-post","status-publish","format-standard","has-post-thumbnail","hentry","category-eventos","tag-11th","tag-43","tag-bike","tag-choppers","tag-colombia","tag-custom","tag-encuentro","tag-ibague","tag-nacional","tag-week","tag-zona-biker"],"aioseo_notices":[],"_links":{"self":[{"href":"https:\/\/territoriobiker.com\/index.php\/wp-json\/wp\/v2\/posts\/5407","targetHints":{"allow":["GET"]}}],"collection":[{"href":"https:\/\/territoriobiker.com\/index.php\/wp-json\/wp\/v2\/posts"}],"about":[{"href":"https:\/\/territoriobiker.com\/index.php\/wp-json\/wp\/v2\/types\/post"}],"author":[{"embeddable":true,"href":"https:\/\/territoriobiker.com\/index.php\/wp-json\/wp\/v2\/users\/1"}],"replies":[{"embeddable":true,"href":"https:\/\/territoriobiker.com\/index.php\/wp-json\/wp\/v2\/comments?post=5407"}],"version-history":[{"count":0,"href":"https:\/\/territoriobiker.com\/index.php\/wp-json\/wp\/v2\/posts\/5407\/revisions"}],"wp:featuredmedia":[{"embeddable":true,"href":"https:\/\/territoriobiker.com\/index.php\/wp-json\/"}],"wp:attachment":[{"href":"https:\/\/territoriobiker.com\/index.php\/wp-json\/wp\/v2\/media?parent=5407"}],"wp:term":[{"taxonomy":"category","embeddable":true,"href":"https:\/\/territoriobiker.com\/index.php\/wp-json\/wp\/v2\/categories?post=5407"},{"taxonomy":"post_tag","embeddable":true,"href":"https:\/\/territoriobiker.com\/index.php\/wp-json\/wp\/v2\/tags?post=5407"}],"curies":[{"name":"wp","href":"https:\/\/api.w.org\/{rel}","templated":true}]}}