{"id":5368,"date":"2018-02-17T15:45:07","date_gmt":"2018-02-17T20:45:07","guid":{"rendered":"http:\/\/zonabiker.com\/?p=5368"},"modified":"2018-02-17T15:45:07","modified_gmt":"2018-02-17T20:45:07","slug":"12th-ibague-bike-week-2018","status":"publish","type":"post","link":"https:\/\/territoriobiker.com\/index.php\/2018\/02\/17\/12th-ibague-bike-week-2018\/","title":{"rendered":"12th Ibagu\u00e9 Bike Week 2018"},"content":{"rendered":"<h1 style=\"text-align: center;\">12th Ibagu\u00e9 Bike Week 2018<\/h1>\n<div id=\"attachment_5369\" style=\"width: 999px\" class=\"wp-caption alignnone\"><a href=\"http:\/\/zonabiker.com\/2018\/11th-ibague-bike-week-2017-2\/whatsapp-image-2018-01-13-at-12-09-34-pm\/\" target=\"_blank\" rel=\"attachment noopener wp-att-5369\"><img loading=\"lazy\" decoding=\"async\" aria-describedby=\"caption-attachment-5369\" class=\"wp-image-5369 size-full\" title=\"12th Bike Week Ibagu\u00e9 2018\" src=\"http:\/\/zonabiker.com\/wp-content\/uploads\/2018\/02\/WhatsApp-Image-2018-01-13-at-12.09.34-PM.jpeg\" alt=\"12th Bike Week Ibagu\u00e9 2018\" width=\"989\" height=\"1280\"\/><\/a><p id=\"caption-attachment-5369\" class=\"wp-caption-text\">12th Bike Week Ibagu\u00e9 2018<\/p><\/div>\n<p align=\"justify\">Este a\u00f1o el Bike Week Ibagu\u00e9 cambia de fecha y la cita en la capital musical de Colombia es en el mes de marzo; uno de los eventos m\u00e1s queridos por los bikers colombianos se realizar\u00e1 los d\u00edas 16, 17 y 18 de marzo de 2018 en su doceava edici\u00f3n, trayendo como siempre la calidad y entrega que a\u00f1o tras a\u00f1o le dan el club Pijaos Biker\u2019s al que podr\u00eda ser catalogado como el mejor evento del a\u00f1o, el 12th Ibagu\u00e9 Bike Week 2018.<\/p>\n<p align=\"justify\">Este a\u00f1o el Ibagu\u00e9 Bike Week nos trae una propuesta de entretenimiento, diversi\u00f3n y hermandad muy interesante; gran rumba en chiva por las principales v\u00edas de la ciudad, fiesta Vikinga con premios a los mejores disfraces, la m\u00e1s increible rumba con la banda de rock 4 grados, rodada en caravana a La Posada Campestre, visita a la Estaci\u00f3n Pisc\u00edcola Lagosmar y mucho m\u00e1s, un fin de semana que promete mucha diversi\u00f3n y espacios para la integraci\u00f3n con los amigos.&nbsp;<\/p>\n<p align=\"justify\">&nbsp;<\/p>\n<h2 style=\"text-align: center;\"><span style=\"color: #ff0000;\">PROGRAMACI\u00d3N<\/span><\/h2>\n<h2 style=\"text-align: center;\">del 12th Ibagu\u00e9 Bike Week 2018<\/h2>\n<table border=\"1\" cellspacing=\"0\" cellpadding=\"0\">\n<tbody>\n<tr>\n<td colspan=\"2\" valign=\"top\" width=\"599\">\n<h4 align=\"center\"><b>VIERNES 16 de&nbsp;MARZO<\/b><\/h4>\n<\/td>\n<\/tr>\n<tr>\n<td width=\"130\">\n<p align=\"center\"><b>3:00 PM<\/b><\/p>\n<\/td>\n<td valign=\"top\" width=\"468\"><a href=\"http:\/\/zonabiker.com\/2018\/12th-ibague-bike-week-2018\/whatsapp-image-2018-01-13-at-12-09-35-pm\/\" target=\"_blank\" rel=\"attachment wp-att-5336 noopener\"><img loading=\"lazy\" decoding=\"async\" class=\"wp-image-5383 alignleft\" title=\"Punto de Encuentro La Estaci\u00f3n CC\" src=\"http:\/\/zonabiker.com\/wp-content\/uploads\/2018\/02\/WhatsApp-Image-2018-01-13-at-12.09.35-PM.jpeg\" alt=\"Punto de encuentro La Estaci\u00f3n Centro Comercial\" width=\"250\" height=\"324\"\/><\/a><\/p>\n<p style=\"text-align: left;\">Apertura de inscripciones en el centro comercial La Estaci\u00f3n ubicado en la milla de oro.<\/p>\n<p>Muestra comercial de nuestros patrocinadores, animaci\u00f3n con DJ profesional, Pantalla gigante LED, zona refrescante V.I.P.<\/td>\n<\/tr>\n<tr>\n<td>\n<p align=\"center\"><b>6:00 PM<\/b><\/p>\n<\/td>\n<td>\n<p align=\"justify\"><a href=\"http:\/\/zonabiker.com\/2017\/11th-ibague-bike-week-2017\/centro-comercial-la-estacion-ibague\/\" target=\"_blank\" rel=\"attachment wp-att-5287 noopener noreferrer\"><img loading=\"lazy\" decoding=\"async\" class=\"alignleft wp-image-5287\" title=\"Punto de Encuentro Centro Comercial La Estaci\u00f3n - Ibagu\u00e9\" src=\"http:\/\/zonabiker.com\/wp-content\/uploads\/2017\/06\/Centro-Comercial-La-Estaci\u00f3n-Ibagu\u00e9.jpg\" alt=\"Punto de Encuentro Centro Comercial La Estaci\u00f3n - Ibagu\u00e9\" width=\"250\" height=\"235\"\/><\/a>Bienvenida a los participantes por parte de los organizadores. Show de bienvenida.<\/p>\n<\/td>\n<\/tr>\n<tr>\n<td>\n<p align=\"center\"><b>8:00 PM<\/b><\/p>\n<\/td>\n<td>\n<p align=\"justify\"><a href=\"http:\/\/zonabiker.com\/2017\/11th-ibague-bike-week-2017\/chiva-rumbera\/\" target=\"_blank\" rel=\"attachment wp-att-5288 noopener noreferrer\"><img loading=\"lazy\" decoding=\"async\" class=\"alignleft wp-image-5288\" title=\"Chiva Rumbera\" src=\"http:\/\/zonabiker.com\/wp-content\/uploads\/2017\/06\/Chiva-Rumbera.png\" alt=\"Chiva Rumbera\" width=\"250\" height=\"144\"\/><\/a>Rumba en chiva por las principales v\u00edas de la ciudad, integraci\u00f3n con las fiestas del folklor.<\/p>\n<\/td>\n<\/tr>\n<\/tbody>\n<\/table>\n<table border=\"1\" cellspacing=\"0\" cellpadding=\"0\">\n<tbody>\n<tr>\n<td colspan=\"2\" valign=\"top\" width=\"599\">\n<h4 align=\"center\"><b>S\u00c1BADO 17 de MARZO<\/b><\/h4>\n<\/td>\n<\/tr>\n<tr>\n<td width=\"130\">\n<p align=\"center\"><b>9:00 AM<\/b><\/p>\n<\/td>\n<td>Apertura de inscripciones y entregas de kits en el centro comercial La Estaci\u00f3n.<\/p>\n<p>Muestra comercial de nuestros patrocinadores, animaci\u00f3n con DJ profesional, Pantalla gigante LED, zona refrescante V.I.P.<\/td>\n<\/tr>\n<tr>\n<td width=\"130\">\n<p align=\"center\"><b>1:00 PM<\/b><\/p>\n<\/td>\n<td>\n<p align=\"justify\"><a href=\"http:\/\/zonabiker.com\/2018\/12th-ibague-bike-week-2018\/whatsapp-image-2018-02-14-at-8-22-31-am\/\" target=\"_blank\" rel=\"attachment wp-att-5293 noopener noreferrer\"><img loading=\"lazy\" decoding=\"async\" class=\"wp-image-5384 alignleft\" title=\"Estaci\u00f3n Pisc\u00edcola Lagosmar\" src=\"http:\/\/zonabiker.com\/wp-content\/uploads\/2018\/02\/WhatsApp-Image-2018-02-14-at-8.22.31-AM.jpeg\" alt=\"Estaci\u00f3n Pisc\u00edcola Lagosmar\" width=\"250\" height=\"324\"\/><\/a>Rodada por las principales v\u00edas del departamento con destino a la <strong>Estaci\u00f3n pisc\u00edcola lagosmar <\/strong>, Rodada de 45 kms.<\/p>\n<p style=\"text-align: center;\" align=\"justify\">&nbsp;<\/p>\n<\/td>\n<\/tr>\n<tr>\n<td width=\"130\">\n<p align=\"center\"><b>2:00 PM<\/b><\/p>\n<\/td>\n<td>\n<p style=\"text-align: justify;\">Exquisito almuerzo con dos opciones servido a la mesa.<\/p>\n<p style=\"text-align: center;\">&nbsp;<\/p>\n<\/td>\n<\/tr>\n<tr>\n<td width=\"130\">\n<p align=\"center\"><b>3:30 PM<\/b><\/p>\n<\/td>\n<td>\n<p align=\"justify\">Concursos: Fiip cups, mi palo en tu rollo, The King of beer, Rolling tire, Flipping tire y el gran concurso \u201cThe King of fishing\u201d, trae tu ca\u00f1a y gana el trofeo!! Servicio de piscina gratuito para los inscritos.<\/p>\n<\/td>\n<\/tr>\n<tr>\n<td width=\"130\">\n<p align=\"center\"><b>5:30 PM<\/b><\/p>\n<\/td>\n<td>\n<p style=\"text-align: justify;\">Regreso a la ciudad llegando al punto de encuentro en el centro comercial La Estaci\u00f3n.<\/p>\n<\/td>\n<\/tr>\n<tr>\n<td width=\"130\">\n<p align=\"center\"><b>9:30 PM<\/b><\/p>\n<\/td>\n<td>\n<p style=\"text-align: justify;\"><a href=\"http:\/\/zonabiker.com\/2018\/12th-ibague-bike-week-2018\/whatsapp-image-2018-01-06-at-9-22-31-pm\/\" target=\"_blank\" rel=\"attachment noopener wp-att-5385\"><img loading=\"lazy\" decoding=\"async\" class=\"wp-image-5385 alignleft\" title=\"Viking Party en Ukelele\" src=\"http:\/\/zonabiker.com\/wp-content\/uploads\/2018\/02\/WhatsApp-Image-2018-01-06-at-9.22.31-PM.jpeg\" alt=\"Viking Party en Ukelele\" width=\"250\" height=\"324\"\/><\/a>Espectacular rumba en la discoteca <strong>Ukelele<\/strong>. M\u00fasica cross over con el mejor Dj de la ciudad. Presentaci\u00f3n&nbsp; del <strong>\u201cMariachi Vargas\u201d<\/strong>. Elecci\u00f3n del mejor disfraz de Vikingo(a), el ganador(a) recibir\u00e1 un juego de llantas Michelin para moto. Cierre con el espectacular concierto de rock a cargo de la banda <strong>CUATRO GRADOS.<\/strong><\/p>\n<\/td>\n<\/tr>\n<\/tbody>\n<\/table>\n<table style=\"height: 830px;\" border=\"1\" width=\"740\" cellspacing=\"0\" cellpadding=\"0\">\n<tbody>\n<tr>\n<td colspan=\"2\" valign=\"top\" width=\"599\">\n<h4 align=\"center\"><b>DOMINGO&nbsp;18 de MARZO<\/b><\/h4>\n<\/td>\n<\/tr>\n<tr>\n<td width=\"130\">\n<p align=\"center\"><b>10:00 AM<\/b><\/p>\n<\/td>\n<td valign=\"top\" width=\"468\">\n<p align=\"justify\">Apertura de actividades en el centro comercial La Estaci\u00f3n.<\/p>\n<\/td>\n<\/tr>\n<tr>\n<td width=\"130\">\n<p align=\"center\"><b>12:30 PM<\/b><\/p>\n<\/td>\n<td valign=\"top\" width=\"468\">\n<p align=\"justify\">Salida de la caravana al restaurante <strong>la Posada campestre<\/strong>. 30 kms<\/p>\n<\/td>\n<\/tr>\n<tr>\n<td width=\"130\">\n<p align=\"center\"><b>1:30 PM<\/b><\/p>\n<\/td>\n<td valign=\"top\" width=\"468\">\n<p align=\"justify\"><a href=\"http:\/\/zonabiker.com\/2018\/12th-ibague-bike-week-2018\/whatsapp-image-2018-01-29-at-7-43-34-am\/\" target=\"_blank\" rel=\"attachment wp-att-5306 noopener noreferrer\"><img loading=\"lazy\" decoding=\"async\" class=\"wp-image-5386 alignleft\" title=\"La Posada Campestre - Ibagu\u00e9\" src=\"http:\/\/zonabiker.com\/wp-content\/uploads\/2018\/02\/WhatsApp-Image-2018-01-29-at-7.43.34-AM.jpeg\" alt=\"La Posada Campestre - Ibagu\u00e9\" width=\"250\" height=\"323\"\/><\/a>Almuerzo, se ofrecer\u00e1 un delicioso plato t\u00edpico Tolimense.<\/p>\n<\/td>\n<\/tr>\n<tr>\n<td width=\"130\">\n<p align=\"center\"><b>3:00 PM<\/b><\/p>\n<\/td>\n<td valign=\"top\" width=\"468\">\n<p style=\"text-align: justify;\">Concursos: El biker m\u00e1s fuerte, The crazy beer y exclusivo para ellas &nbsp;\u201cQueen of beer\u201d.<\/p>\n<\/td>\n<\/tr>\n<tr>\n<td width=\"130\">\n<p align=\"center\"><b>5:00 PM<\/b><\/p>\n<\/td>\n<td valign=\"top\" width=\"468\">\n<p style=\"text-align: justify;\">Caravana de retorno a la ciudad de Ibagu\u00e9 con llegada al centro comercial la estaci\u00f3n.<\/p>\n<\/td>\n<\/tr>\n<tr>\n<td style=\"text-align: center;\" width=\"130\"><strong>6:00 PM<\/strong><\/td>\n<td valign=\"top\" width=\"468\">\n<p style=\"text-align: justify;\">Actividades varias en el punto de encuentro en el Centro Comercial la Estaci\u00f3n.<\/p>\n<\/td>\n<\/tr>\n<tr>\n<td width=\"130\">\n<p align=\"center\"><b>7:00 PM<\/b><\/p>\n<\/td>\n<td valign=\"top\" width=\"468\">\n<p style=\"text-align: justify;\">Presentaci\u00f3n de la Banda de Rock <strong>CUATRO GRADOS<\/strong> rifa de un juego de llantas Michelin para moto entre los inscritos, el ganador debe estar presente.<\/p>\n<\/td>\n<\/tr>\n<\/tbody>\n<\/table>\n<p style=\"text-align: justify;\">Esta programaci\u00f3n est\u00e1 sujeta a cambios de \u00faltimo momento.<\/p>\n<h1 style=\"text-align: center;\"><span style=\"color: #ff0000;\"><strong>INSCRIPCIONES ABIERTAS<\/strong><\/span><\/h1>\n<h3><span style=\"color: #ff0000;\"><strong>PRE &#8211; INSCRIPCIONES HASTA EL 2 DE MARZO:<\/strong><\/span><\/h3>\n<p>Valor PAREJA: $200.000<\/p>\n<p>INDIVIDUAL: $150.000<\/p>\n<h3><span style=\"color: #ff0000;\"><strong>INSCRIPCI\u00d3N&nbsp;DESPU\u00c9S DEL 3 DE MARZO:<\/strong><\/span><\/h3>\n<p>Valor PAREJA: $250.000<\/p>\n<p>INDIVIDUAL: $180.000<\/p>\n<div><b><span class=\"fs10 ff1\">Con la inscripci\u00f3n PAREJA&nbsp;tiene derecho a:<\/span><br \/>\n<\/b><span class=\"fs12 ff1\">&#8211; Dos cupos para el tour en chiva.<\/span><\/div>\n<div><span class=\"fs12 ff1\">&#8211; Dos camisetas HQ conmemorativas del evento.<\/span><\/div>\n<div>&#8211; Dos gorras conmemorativas del evento.<br \/>\n<span class=\"fs12 ff1\">&#8211; Vales para los almuerzos del s\u00e1bado(2) y domingo(2)<\/span><br \/>\n<span class=\"fs12 ff1\">&#8211; Dos entradas a la fiesta del d\u00eda s\u00e1bado.<\/span><\/div>\n<div>&#8211; Derecho a ingreso y participaci\u00f3n para dos personas en todas las actividades programadas por el evento.<br \/>\n<span class=\"fs12 ff1\">&#8211; Acompa\u00f1amiento de ambulancia y servicio de gr\u00faa a su costo.<\/span><\/div>\n<div><b><span class=\"fs12 ff1\">La inscripci\u00f3n INDIVIDUAL&nbsp;da derecho a:<\/span><\/b><\/div>\n<div>&#8211; Un cupo para el tour en chiva.<br \/>\n<span class=\"fs12 ff1\">&#8211; Una camiseta HQ conmemorativa.<\/span><br \/>\n<span class=\"fs12 ff1\">&#8211; Vales de almuerzo, uno el s\u00e1bado y uno el domingo.<\/span><br \/>\n<span class=\"fs12 ff1\">&#8211; Entrada a la fiesta del d\u00eda s\u00e1bado.<\/span><\/div>\n<div>&#8211; Derecho a ingreso y participaci\u00f3n para una persona en todas las actividades programadas por el evento.<br \/>\n<span class=\"fs12 ff1\">&#8211; Acompa\u00f1amiento de ambulancia y servicio de gr\u00faa a su costo.<\/span><b><span class=\"fs12 ff1\">Solo los inscritos tendr\u00e1n parqueo en la zona exclusiva del centro comercial<\/span><\/b>&nbsp;<\/div>\n<p style=\"text-align: justify;\">Todos los asistentes al encuentro podr\u00e1n realizar las inscripciones a partir del 2 de febrero de 2018 en la&nbsp;<strong>cuenta de ahorros<\/strong>&nbsp;<strong>N\u00ba&nbsp;068-875595-44<\/strong>&nbsp;de&nbsp;<strong>BANCOLOMBIA<\/strong>&nbsp;a nombre de&nbsp;<b>Martha Liliana Pel\u00e1ez&nbsp;(C.C. 51.809.234)<\/b>.&nbsp;Toda consignaci\u00f3n tiene un valor de $12.000 pesos&nbsp;el cual debe ser asumido por quien realiza la consignaci\u00f3n; ejemplo: si un club decide inscribirse por este medio, realiza una consignaci\u00f3n por el total de miembros inscritos al evento m\u00e1s $12.000 del valor de la consignaci\u00f3n.<\/p>\n<h4 style=\"text-align: justify;\"><span style=\"color: #ff0000;\"><strong>MUY IMPORTANTE:<\/strong><\/span>&nbsp;<\/h4>\n<p style=\"text-align: justify;\">Presentar su comprobante de consignaci\u00f3n o transferencia bancaria en el punto de encuentro al momento&nbsp;de reclamar su kit de inscripci\u00f3n y una vez realizada la transacci\u00f3n bancaria no olvide enviar sus datos por correo electr\u00f3nico a la direcci\u00f3n <strong>pijaosbiker@gmail.com<\/strong>&nbsp;con la siguiente informaci\u00f3n:<\/p>\n<p style=\"text-align: justify;\">Conductor \u2013 Nombres y apellidos:<\/p>\n<p style=\"text-align: justify;\">Documento de Identidad:<\/p>\n<p style=\"text-align: justify;\">Talla de camiseta:<\/p>\n<p style=\"text-align: justify;\">Pasajero \u2013 Nombres y apellidos:<\/p>\n<p style=\"text-align: justify;\">Documento de Identidad:<\/p>\n<p style=\"text-align: justify;\">Talla de camiseta:<\/p>\n<p style=\"text-align: justify;\">N\u00famero de consignaci\u00f3n o transacci\u00f3n bancaria:<\/p>\n<p style=\"text-align: justify;\">Valor Consignado:<\/p>\n<p style=\"text-align: justify;\">En el caso de los clubes, relacionar todos los nombres y documentos de identidad de las personas incluidas en la consignaci\u00f3n con su respectivo acompa\u00f1ante y relacionar si su inscripci\u00f3n es para piloto y copiloto o solo para el piloto. La inscripci\u00f3n es personal e intransferible sin excepciones en ning\u00fan caso. Por favor no olvidar la talla de la camiseta.<\/p>\n<p><span style=\"color: #ff0000;\">PRE-INSCRIBIRSE PAGA !<\/span><\/p>\n<h2 style=\"text-align: center;\"><span style=\"color: #ff0000;\">GANA 3 NOCHES DE HOSPEDAJE PARA UNA PAREJA EN EL HOTEL SONESTA DE IBAGU\u00c9.<\/span><\/h2>\n<p>El d\u00eda 3 de marzo los organizadores del evento, el club Pijaos Biker&#8217;s, sortear\u00e1n entre los pre-inscritos hasta el d\u00eda 2 de marzo por medio de balotas, 3 noches de hospedaje para una pareja en el hotel Sonesta de la ciudad de Ibagu\u00e9. El sorteo ser\u00e1 transmitido por Facebook Live y lo compartiremos en nuestra p\u00e1gina de Facebook.<\/p>\n<p style=\"text-align: center;\"><a href=\"http:\/\/zonabiker.com\/2018\/11th-ibague-bike-week-2017-2\/whatsapp-image-2018-01-29-at-10-47-14-am\/\" rel=\"attachment wp-att-5375\"><img loading=\"lazy\" decoding=\"async\" class=\"alignnone size-full wp-image-5375\" src=\"http:\/\/zonabiker.com\/wp-content\/uploads\/2018\/02\/WhatsApp-Image-2018-01-29-at-10.47.14-AM.jpeg\" alt=\"Inscripciones 12th Ibagu\u00e9 Bike Week 2018\" width=\"989\" height=\"1280\"\/><\/a><\/p>\n<p style=\"text-align: center;\"><a href=\"http:\/\/zonabiker.com\/2018\/11th-ibague-bike-week-2017-2\/whatsapp-image-2018-02-03-at-9-32-40-am\/\" rel=\"attachment wp-att-5376\"><img loading=\"lazy\" decoding=\"async\" class=\"alignnone size-full wp-image-5376\" src=\"http:\/\/zonabiker.com\/wp-content\/uploads\/2018\/02\/WhatsApp-Image-2018-02-03-at-9.32.40-AM.jpeg\" alt=\"Kit de Inscripci\u00f3n 12th Ibagu\u00e9 Bike Week 2018\" width=\"989\" height=\"1280\"\/><\/a>&nbsp;<\/p>\n<h4><span style=\"color: #ff0000;\">M\u00c1S INFORMACI\u00d3N:<\/span><\/h4>\n<p><span class=\"fs12 ff1\">Contactos:<\/span> <span class=\"imUl fs12 cf1 ff1\">pijaosbiker@gmail.com<\/span><br \/>\n<span class=\"fs12 ff1\">www.pijaosbikers.com<\/span><br \/>\n312 4495118<\/p>\n<p>Facebook: <a href=\"http:\/\/www.facebook.com\/ZonaBiker.PF\/\" target=\"_blank\" rel=\"noopener noreferrer\">Zona Biker Fan Page<\/a><\/p>\n<p>Twitter: <a href=\"http:\/\/twitter.com\/zonabiker\" target=\"_blank\" rel=\"noopener noreferrer\">@zonabiker<\/a><\/p>\n<h2><strong>ORGANIZA:<\/strong><br \/>\nPijaos Biker&#8217;s<\/h2>\n<p style=\"text-align: center;\"><a href=\"http:\/\/zonabiker.com\/2018\/12th-ibague-bike-week-2018\/28279682_1174988562635675_6166776809905516067_n\/\" target=\"_blank\" rel=\"attachment noopener wp-att-5393\"><img loading=\"lazy\" decoding=\"async\" class=\"alignnone wp-image-5393 size-full\" title=\"Programaci\u00f3n 12th Ibagu\u00e9 Bike Week 2018\" src=\"http:\/\/zonabiker.com\/wp-content\/uploads\/2018\/02\/28279682_1174988562635675_6166776809905516067_n.jpg\" alt=\"Programaci\u00f3n 12th Ibagu\u00e9 Bike Week 2018\" width=\"738\" height=\"960\"\/><\/a><\/p>\n<p style=\"text-align: center;\"><a href=\"http:\/\/zonabiker.com\/2018\/11th-ibague-bike-week-2017-2\/whatsapp-image-2018-02-06-at-1-17-47-pm\/\" rel=\"attachment wp-att-5377\"><img loading=\"lazy\" decoding=\"async\" class=\"alignnone size-full wp-image-5377\" src=\"http:\/\/zonabiker.com\/wp-content\/uploads\/2018\/02\/WhatsApp-Image-2018-02-06-at-1.17.47-PM.jpeg\" alt=\"Programaci\u00f3n 12th Bike Week Ibagu\u00e9 2018\" width=\"905\" height=\"1280\"\/><\/a><\/p>\n<h3 style=\"text-align: center;\"><span style=\"color: #ff0000;\">GU\u00cdA HOTELERA OFICIAL DEL EVENTO<\/span><\/h3>\n<p style=\"text-align: center;\"><a href=\"http:\/\/zonabiker.com\/2018\/12th-ibague-bike-week-2018\/whatsapp-image-2018-02-03-at-9-32-40-am-2\/\" target=\"_blank\" rel=\"attachment noopener wp-att-5388\"><img loading=\"lazy\" decoding=\"async\" class=\"alignnone wp-image-5388 size-full\" title=\"HOTEL SONESTA IBAGU\u00c9 - Hotel Oficial del 12th Bike Week Ibagu\u00e9 2018\" src=\"http:\/\/zonabiker.com\/wp-content\/uploads\/2018\/02\/WhatsApp-Image-2018-02-03-at-9.32.40-AM-2.jpeg\" alt=\"HOTEL SONESTA IBAGU\u00c9 - Hotel Oficial del 12th Bike Week Ibagu\u00e9 2018\" width=\"989\" height=\"1280\"\/><\/a><\/p>\n<p style=\"text-align: center;\"><a href=\"http:\/\/zonabiker.com\/2018\/12th-ibague-bike-week-2018\/whatsapp-image-2018-02-03-at-9-32-40-am-1\/\" target=\"_blank\" rel=\"attachment noopener wp-att-5392\"><img loading=\"lazy\" decoding=\"async\" class=\"alignnone wp-image-5392 size-full\" title=\"Hotel La Posada del Viajero en Ibagu\u00e9\" src=\"http:\/\/zonabiker.com\/wp-content\/uploads\/2018\/02\/WhatsApp-Image-2018-02-03-at-9.32.40-AM-1.jpeg\" alt=\"Hotel La Posada del Viajero en Ibagu\u00e9\" width=\"989\" height=\"1280\"\/><\/a><\/p>\n","protected":false},"excerpt":{"rendered":"<p>12th Ibagu\u00e9 Bike Week 2018 Este a\u00f1o el Bike Week Ibagu\u00e9 cambia de fecha y la cita en la capital musical de Colombia es en el mes de marzo; uno de los eventos m\u00e1s queridos por los bikers colombianos se realizar\u00e1 los d\u00edas 16, 17&#8230;<\/p>\n","protected":false},"author":1,"featured_media":5371,"comment_status":"open","ping_status":"open","sticky":false,"template":"","format":"standard","meta":{"om_disable_all_campaigns":false,"_mi_skip_tracking":false,"footnotes":""},"categories":[5],"tags":[25,43,72,96,102,114,128,153,198,269,276],"class_list":["post-5368","post","type-post","status-publish","format-standard","has-post-thumbnail","hentry","category-eventos","tag-11th","tag-43","tag-bike","tag-choppers","tag-colombia","tag-custom","tag-encuentro","tag-ibague","tag-nacional","tag-week","tag-zona-biker"],"aioseo_notices":[],"_links":{"self":[{"href":"https:\/\/territoriobiker.com\/index.php\/wp-json\/wp\/v2\/posts\/5368","targetHints":{"allow":["GET"]}}],"collection":[{"href":"https:\/\/territoriobiker.com\/index.php\/wp-json\/wp\/v2\/posts"}],"about":[{"href":"https:\/\/territoriobiker.com\/index.php\/wp-json\/wp\/v2\/types\/post"}],"author":[{"embeddable":true,"href":"https:\/\/territoriobiker.com\/index.php\/wp-json\/wp\/v2\/users\/1"}],"replies":[{"embeddable":true,"href":"https:\/\/territoriobiker.com\/index.php\/wp-json\/wp\/v2\/comments?post=5368"}],"version-history":[{"count":0,"href":"https:\/\/territoriobiker.com\/index.php\/wp-json\/wp\/v2\/posts\/5368\/revisions"}],"wp:featuredmedia":[{"embeddable":true,"href":"https:\/\/territoriobiker.com\/index.php\/wp-json\/"}],"wp:attachment":[{"href":"https:\/\/territoriobiker.com\/index.php\/wp-json\/wp\/v2\/media?parent=5368"}],"wp:term":[{"taxonomy":"category","embeddable":true,"href":"https:\/\/territoriobiker.com\/index.php\/wp-json\/wp\/v2\/categories?post=5368"},{"taxonomy":"post_tag","embeddable":true,"href":"https:\/\/territoriobiker.com\/index.php\/wp-json\/wp\/v2\/tags?post=5368"}],"curies":[{"name":"wp","href":"https:\/\/api.w.org\/{rel}","templated":true}]}}