{"id":5260,"date":"2017-06-02T22:01:51","date_gmt":"2017-06-03T03:01:51","guid":{"rendered":"http:\/\/zonabiker.com\/?p=5260"},"modified":"2017-06-02T22:01:51","modified_gmt":"2017-06-03T03:01:51","slug":"ii-encuentro-nacional-motos-touring-manizales-2017","status":"publish","type":"post","link":"https:\/\/territoriobiker.com\/index.php\/2017\/06\/02\/ii-encuentro-nacional-motos-touring-manizales-2017\/","title":{"rendered":"II Encuentro Nacional Motos Touring Manizales 2017"},"content":{"rendered":"<h1 style=\"text-align: center;\">II Encuentro Nacional Motos Touring Manizales 2017<\/h1>\n<p>&nbsp;<\/p>\n<div id=\"attachment_5261\" style=\"width: 1290px\" class=\"wp-caption aligncenter\"><a href=\"http:\/\/zonabiker.com\/2017\/ii-encuentro-nacional-motos-touring-manizales-2017\/afiche-encuentro-touring-manizales-2017\/\" rel=\"attachment wp-att-5261\"><img loading=\"lazy\" decoding=\"async\" aria-describedby=\"caption-attachment-5261\" class=\"size-full wp-image-5261\" src=\"http:\/\/zonabiker.com\/wp-content\/uploads\/2017\/06\/Afiche-Encuentro-Touring-Manizales-2017.jpg\" alt=\"II Encuentro Nacional Motos Touring Manizales 2017\" width=\"1280\" height=\"1820\"\/><\/a><p id=\"caption-attachment-5261\" class=\"wp-caption-text\">II Encuentro Nacional Motos Touring Manizales 2017<\/p><\/div>\n<p>&nbsp;<\/p>\n<p style=\"text-align: justify;\">Despu\u00e9s de 3 a\u00f1os de espera llega a la capital del departamento de Caldas toda la adrenalina y la aventura del II Encuentro Nacional Motos Touring Manizales 2017 para disfrutar de los m\u00e1s hermosos paisajes del tri\u00e1ngulo del caf\u00e9; caravanas, actividades de integraci\u00f3n, aguas termales y por supuesto la mejor rumba que podr\u00e1s vivir estos d\u00edas en Colombia. Ser\u00e1 un fin de semana inolvidable donde podr\u00e1s visitar la planta de Suzuki Motor de Colombia, la Zona Rosa de Chipre, los municipios de Neira, Chinchin\u00e1 y Villamar\u00eda y para rematar entrada al Acuaparque de la Monta\u00f1a.<\/p>\n<h2 style=\"text-align: center;\"><span style=\"color: #ff0000;\">PROGRAMACI\u00d3N<\/span><\/h2>\n<h3 style=\"text-align: center;\">del II Encuentro Nacional Motos Touring Manizales 2017<\/h3>\n<table border=\"1\" cellspacing=\"0\" cellpadding=\"0\">\n<tbody>\n<tr>\n<td colspan=\"2\" valign=\"top\" width=\"599\">\n<p align=\"center\"><b>VIERNES 23&nbsp;de&nbsp;JUNIO<\/b><\/p>\n<\/td>\n<\/tr>\n<tr>\n<td width=\"130\">\n<p align=\"center\"><b>9:00 AM<\/b><\/p>\n<\/td>\n<td valign=\"top\" width=\"468\">Visita a la planta de <strong>SUZUKI MOTOR DE COLOMBIA<\/strong> (Solo para pre-inscritos hasta el 15 de junio de 2017).<\/td>\n<\/tr>\n<tr>\n<td>\n<p align=\"center\"><b>2:00 PM<\/b><\/p>\n<\/td>\n<td>\n<p align=\"justify\"><a href=\"http:\/\/zonabiker.com\/2017\/ii-encuentro-nacional-motos-touring-manizales-2017\/plazade_bolivar_dac_f08\/\" target=\"_blank\" rel=\"attachment wp-att-5273 noopener noreferrer\"><img loading=\"lazy\" decoding=\"async\" class=\"alignleft wp-image-5273\" title=\"Plaza de Bol\u00edvar de Manizales\" src=\"http:\/\/zonabiker.com\/wp-content\/uploads\/2017\/06\/plazade_bolivar_dac_f08.jpg\" alt=\"Plaza de Bol\u00edvar de Manizales\" width=\"250\" height=\"167\"\/><\/a>Apertura del punto de encuentro, Plaza de Bol\u00edvar de Manizales.<\/p>\n<p align=\"justify\">Inscripci\u00f3n de participantes, entrega de kits, muestra comercial, premiaci\u00f3n y exhibici\u00f3n de las mejores motos del pa\u00eds, campa\u00f1a de prevenci\u00f3n vial a cargo de la polic\u00eda de carreteras (cursos de manejo seguro y prevenci\u00f3n vial).<\/p>\n<\/td>\n<\/tr>\n<tr>\n<td>\n<p align=\"center\"><b>9:00 PM<\/b><\/p>\n<\/td>\n<td>\n<p align=\"justify\"><a href=\"http:\/\/zonabiker.com\/2017\/ii-encuentro-nacional-motos-touring-manizales-2017\/zona-rosa-chipre-manizales\/\" target=\"_blank\" rel=\"attachment wp-att-5277 noopener noreferrer\"><img loading=\"lazy\" decoding=\"async\" class=\"alignleft wp-image-5277\" title=\"Zona Rosa Chipre Manizales\" src=\"http:\/\/zonabiker.com\/wp-content\/uploads\/2017\/06\/Zona-Rosa-Chipre-Manizales.jpg\" alt=\"Zona Rosa Chipre Manizales\" width=\"250\" height=\"188\"\/><\/a>Gran caravana inaugural por las principales v\u00edas de la ciudad de Manizales con las m\u00e1s bellas y potentes motocicletas de Colombia; llegada a la Zona Rosa de Chipre para disfrutar de la bella vista de este sector, artesan\u00edas y comidas t\u00edpicas; exhibici\u00f3n de las motocicletas para el p\u00fablico en general. Gran fiesta de integraci\u00f3n.<\/p>\n<\/td>\n<\/tr>\n<\/tbody>\n<\/table>\n<table border=\"1\" cellspacing=\"0\" cellpadding=\"0\">\n<tbody>\n<tr>\n<td colspan=\"2\" valign=\"top\" width=\"599\">\n<p align=\"center\"><b>S\u00c1BADO&nbsp;24 de JUNIO<\/b><\/p>\n<\/td>\n<\/tr>\n<tr>\n<td width=\"130\">\n<p align=\"center\"><b>8:00 AM<\/b><\/p>\n<\/td>\n<td>\n<p align=\"justify\">Apertura del punto de encuentro, Plaza de Bol\u00edvar de Manizales.<\/p>\n<p align=\"justify\">Inscripci\u00f3n de participantes, entrega de kits, muestra comercial, premiaci\u00f3n y exhibici\u00f3n de las mejores motos del pa\u00eds, campa\u00f1a de prevenci\u00f3n vial a cargo de la polic\u00eda de carreteras (cursos de manejo seguro y prevenci\u00f3n vial).<\/p>\n<\/td>\n<\/tr>\n<tr>\n<td width=\"130\">\n<p align=\"center\"><b>11:00 AM<\/b><\/p>\n<\/td>\n<td>\n<p align=\"justify\">Salida de la gran caravana&nbsp;hacia el municipio de Neira (Refrigerio), integraci\u00f3n con los habitantes del municipio. La ruta contin\u00faa rumbo al municipio de Chinchin\u00e1.<\/p>\n<p style=\"text-align: center;\" align=\"justify\"><iframe loading=\"lazy\" src=\"https:\/\/www.youtube.com\/embed\/Phfcge_9fUY\" width=\"350\" height=\"197\" frameborder=\"0\" allowfullscreen=\"allowfullscreen\"><\/iframe><\/p>\n<\/td>\n<\/tr>\n<tr>\n<td width=\"130\">\n<p align=\"center\"><b>1:00 PM<\/b><\/p>\n<\/td>\n<td>\n<p style=\"text-align: justify;\">Llegada al parque principal de Chinchin\u00e1 (Almuerzo, tarima y sonido), actividades de integraci\u00f3n, Carrera de Lentos, Pruebas de Observaci\u00f3n y diferentes concursos tradicionales de motociclistas. Entrega de reconocimientos.<\/p>\n<p style=\"text-align: center;\"><iframe loading=\"lazy\" src=\"https:\/\/www.youtube.com\/embed\/IiRhEuS1qSc\" width=\"350\" height=\"197\" frameborder=\"0\" allowfullscreen=\"allowfullscreen\"><\/iframe><\/p>\n<\/td>\n<\/tr>\n<tr>\n<td width=\"130\">\n<p align=\"center\"><b>4:00 PM<\/b><\/p>\n<\/td>\n<td>\n<p align=\"justify\"><a href=\"http:\/\/zonabiker.com\/2017\/ii-encuentro-nacional-motos-touring-manizales-2017\/mayday\/\" target=\"_blank\" rel=\"attachment wp-att-5279 noopener noreferrer\"><img loading=\"lazy\" decoding=\"async\" class=\"alignleft wp-image-5279\" title=\"Restaurante Mayday en Manizales\" src=\"http:\/\/zonabiker.com\/wp-content\/uploads\/2017\/06\/Mayday.jpg\" alt=\"Restaurante Mayday en Manizales\" width=\"250\" height=\"141\"\/><\/a>Caravana de retorno al restaurante Mayday en Manizales para disfrutar de su gran atractivo tur\u00edstico.&nbsp;<\/p>\n<\/td>\n<\/tr>\n<tr>\n<td width=\"130\">\n<p align=\"center\"><b>8:00 PM<\/b><\/p>\n<\/td>\n<td>\n<p style=\"text-align: justify;\">Gran&nbsp;rumba Touring &#8211; Sector El Cable, <strong>SALSOTECA LA 33 VIP.&nbsp;<\/strong>Presentaci\u00f3n en vivo de Luigi Rodriguez y su orquesta y Dj Electronica, disfruta la mejor rumba crossover.<\/p>\n<\/td>\n<\/tr>\n<\/tbody>\n<\/table>\n<table style=\"height: 830px;\" border=\"1\" width=\"740\" cellspacing=\"0\" cellpadding=\"0\">\n<tbody>\n<tr>\n<td colspan=\"2\" valign=\"top\" width=\"599\">\n<p align=\"center\"><b>DOMINGO&nbsp;25 de JUNIO<\/b><\/p>\n<\/td>\n<\/tr>\n<tr>\n<td width=\"130\">\n<p align=\"center\"><b>9:00 AM<\/b><\/p>\n<\/td>\n<td valign=\"top\" width=\"468\">\n<p align=\"justify\">Apertura del punto de encuentro, Plaza de Bol\u00edvar de Manizales.<\/p>\n<\/td>\n<\/tr>\n<tr>\n<td width=\"130\">\n<p align=\"center\"><b>11:00 AM<\/b><\/p>\n<\/td>\n<td valign=\"top\" width=\"468\">\n<p align=\"justify\">&nbsp;<\/p>\n<p>Salida de la gran caravana hacia Villa Mar\u00eda, almuerzo en este bello municipio; concursos de integraci\u00f3n, distinciones y cubrimiento de todas las actividades por parte de Claro Sports.<\/p>\n<p style=\"text-align: center;\"><iframe loading=\"lazy\" src=\"https:\/\/www.youtube.com\/embed\/NEqSVtTn68w\" width=\"350\" height=\"197\" frameborder=\"0\" allowfullscreen=\"allowfullscreen\"><\/iframe><\/p>\n<\/td>\n<\/tr>\n<tr>\n<td width=\"130\">\n<p align=\"center\"><b>2:30 PM<\/b><\/p>\n<\/td>\n<td valign=\"top\" width=\"468\">\n<p align=\"justify\">Entrega de donativos a las familias afectadas por la ola invernal en Manizales, lugar: Cancha principal del barrio Aranjuez.&nbsp;<\/p>\n<\/td>\n<\/tr>\n<tr>\n<td width=\"130\">\n<p align=\"center\"><b>4:00 PM<\/b><\/p>\n<\/td>\n<td valign=\"top\" width=\"468\">\n<p style=\"text-align: justify;\"><a href=\"http:\/\/zonabiker.com\/2017\/ii-encuentro-nacional-motos-touring-manizales-2017\/acuaparque-de-la-montana-manizales\/\" target=\"_blank\" rel=\"attachment wp-att-5281 noopener noreferrer\"><img loading=\"lazy\" decoding=\"async\" class=\"alignleft wp-image-5281\" title=\"Acuaparque de la Monta\u00f1a - Manizales\" src=\"http:\/\/zonabiker.com\/wp-content\/uploads\/2017\/06\/Acuaparque-de-la-Monta\u00f1a-Manizales.jpg\" alt=\"Acuaparque de la Monta\u00f1a - Manizales\" width=\"250\" height=\"141\"\/><\/a>Salida de caravana hacia las aguas termales del Acuaparque de la Monta\u00f1a (servicio hasta las 11:00 PM).<\/p>\n<p style=\"text-align: justify;\">Lunada de clausura.<\/p>\n<\/td>\n<\/tr>\n<\/tbody>\n<\/table>\n<p style=\"text-align: justify;\">Esta programaci\u00f3n est\u00e1 sujeta a cambios de \u00faltimo momento.<\/p>\n<h1 style=\"text-align: center;\"><span style=\"color: #ff0000;\"><strong>INSCRIPCIONES ABIERTAS<\/strong><\/span><\/h1>\n<p>&nbsp;<\/p>\n<p><span style=\"color: #ff0000;\"><strong>INSCRIPCI\u00d3N PAREJA $200.000<\/strong><\/span><\/p>\n<p>La inscripci\u00f3n incluye:<\/p>\n<ul>\n<li>Dos camisas (Dama y Caballero).<\/li>\n<li>Cuatro almuerzos (Dos el d\u00eda s\u00e1bado y dos el d\u00eda domingo).<\/li>\n<li>Dos refrigerios (D\u00eda s\u00e1bado).<\/li>\n<li>Dos entradas a las termales del Acuaparque de la Monta\u00f1a.<\/li>\n<li>Dos entradas al templo del pensamiento.<\/li>\n<li>Seis entradas a las fiestas de integraci\u00f3n (Viernes, S\u00e1bado y Domingo).<\/li>\n<li>Dos manillas VIP (Piloto y copiloto).<\/li>\n<li>Una manilla motocicleta VIP.<\/li>\n<\/ul>\n<p style=\"text-align: center;\"><a href=\"http:\/\/zonabiker.com\/2017\/ii-encuentro-nacional-motos-touring-manizales-2017\/camisa-caballero\/\" rel=\"attachment wp-att-5308\"><img loading=\"lazy\" decoding=\"async\" class=\"alignnone size-full wp-image-5308\" src=\"http:\/\/zonabiker.com\/wp-content\/uploads\/2017\/06\/Camisa-Caballero.jpg\" alt=\"\" width=\"1280\" height=\"1280\"\/><\/a><\/p>\n<p style=\"text-align: center;\"><a href=\"http:\/\/zonabiker.com\/2017\/ii-encuentro-nacional-motos-touring-manizales-2017\/camiseta-dama-2\/\" rel=\"attachment wp-att-5268\"><img loading=\"lazy\" decoding=\"async\" class=\"alignnone size-full wp-image-5268\" src=\"http:\/\/zonabiker.com\/wp-content\/uploads\/2017\/06\/Camiseta-Dama.jpg\" alt=\"Camiseta Dama II Encuentro Nacional Motos Touring Manizales 2017\" width=\"1280\" height=\"559\"\/><\/a><\/p>\n<p style=\"text-align: justify;\">Todos los asistentes al encuentro podr\u00e1n realizar las inscripciones a partir del 1 de junio&nbsp;de 2017 en la&nbsp;<strong>cuenta de ahorros<\/strong>&nbsp;<strong>N\u00ba&nbsp;02130923031<\/strong>&nbsp;de&nbsp;<strong>BANCOLOMBIA<\/strong>&nbsp;a nombre de&nbsp;<strong>Katherine Laverde<\/strong>.&nbsp;Toda consignaci\u00f3n tiene un valor de $10.000 pesos&nbsp;el cual debe ser asumido por quien realiza la consignaci\u00f3n; ejemplo: si un club decide inscribirse por este medio, realizar\u00edan una consignaci\u00f3n por el total de miembros inscritos al evento m\u00e1s $10.000 del valor de la consignaci\u00f3n.<\/p>\n<p style=\"text-align: justify;\"><strong>MUY IMPORTANTE:<\/strong>&nbsp;Presentar su comprobante de consignaci\u00f3n o transferencia bancaria en el punto de encuentro al momento&nbsp;de reclamar su kit de inscripci\u00f3n y una vez realizada la transacci\u00f3n bancaria no olvide enviar sus datos por correo electr\u00f3nico a la direcci\u00f3n <strong>acardenas230@hotmail.com<\/strong>&nbsp;con la siguiente informaci\u00f3n:<\/p>\n<p style=\"text-align: justify;\">Conductor \u2013 Nombres y apellidos:<\/p>\n<p style=\"text-align: justify;\">Documento de Identidad:<\/p>\n<p style=\"text-align: justify;\">Pasajero \u2013 Nombres y apellidos:<\/p>\n<p style=\"text-align: justify;\">Documento de Identidad:<\/p>\n<p style=\"text-align: justify;\">N\u00famero de consignaci\u00f3n o transacci\u00f3n bancaria:<\/p>\n<p style=\"text-align: justify;\">Valor Consignado:<\/p>\n<p style=\"text-align: justify;\">En el caso de los clubes, relacionar todos los nombres y documentos de identidad de las personas incluidas en la consignaci\u00f3n con su respectivo acompa\u00f1ante y relacionar si su inscripci\u00f3n es para piloto y copiloto o solo para el piloto. La inscripci\u00f3n es personal e intransferible sin excepciones en ning\u00fan caso.<\/p>\n<h3 style=\"text-align: center;\"><span style=\"color: #ff0000;\">GU\u00cdA HOTELERA<\/span><\/h3>\n<p><a href=\"http:\/\/zonabiker.com\/2017\/ii-encuentro-nacional-motos-touring-manizales-2017\/hotel-carretero\/\" rel=\"attachment wp-att-5310\"><img loading=\"lazy\" decoding=\"async\" class=\"alignleft size-full wp-image-5310\" src=\"http:\/\/zonabiker.com\/wp-content\/uploads\/2017\/06\/Hotel-Carretero.jpg\" alt=\"Hotel Carretero Manizales\" width=\"200\" height=\"160\"\/><\/a><\/p>\n<p>Carrera 23 # 35A &#8211; 31 Manizales.<\/p>\n<p>Reservas: (6) 8930300<\/p>\n<p>Celular: 310 4553588<\/p>\n<p><a href=\"http:\/\/www.hotelcarretero.com\">www.hotelcarretero.com<\/a><\/p>\n<p>Presenta tu manilla de inscripci\u00f3n y recibe precios especiales.<\/p>\n<p style=\"text-align: center;\"><a href=\"http:\/\/zonabiker.com\/2017\/ii-encuentro-nacional-motos-touring-manizales-2017\/precios-hotel-carretero\/\" rel=\"attachment wp-att-5311\"><img loading=\"lazy\" decoding=\"async\" class=\"alignnone size-full wp-image-5311\" src=\"http:\/\/zonabiker.com\/wp-content\/uploads\/2017\/06\/Precios-Hotel-Carretero.jpg\" alt=\"\" width=\"960\" height=\"365\"\/><\/a><\/p>\n<p><a href=\"http:\/\/zonabiker.com\/2017\/ii-encuentro-nacional-motos-touring-manizales-2017\/hotel-ares\/\" rel=\"attachment wp-att-5313\"><img loading=\"lazy\" decoding=\"async\" class=\"alignleft size-full wp-image-5313\" src=\"http:\/\/zonabiker.com\/wp-content\/uploads\/2017\/06\/Hotel-Ares.jpg\" alt=\"Hotel Ares - Manizales\" width=\"150\" height=\"111\"\/><\/a>Calle 110 # 34A &#8211; 75 Manizales.<\/p>\n<p>Reservas: (6) 8740101<\/p>\n<p>Celular: 320 7373690<\/p>\n<p>areshermanos@gmail.com<\/p>\n<h4><span style=\"color: #ff0000;\">M\u00c1S INFORMACI\u00d3N:<\/span><\/h4>\n<p>Alexander Cardenas &#8220;EL VENECO&#8221;: 311 8502052<\/p>\n<p>Facebook: <a href=\"http:\/\/www.facebook.com\/ZonaBiker.PF\/\" target=\"_blank\" rel=\"noopener noreferrer\">Zona Biker Fan Page<\/a><\/p>\n<p>Twitter: <a href=\"http:\/\/twitter.com\/zonabiker\" target=\"_blank\" rel=\"noopener noreferrer\">@zonabiker<\/a><\/p>\n<h2><strong>ORGANIZA:<\/strong><br \/>\n<strong>Producciones Alexander C\u00e1rdenas&nbsp;&#8220;El Veneco&#8221;<\/strong><\/h2>\n<h2><strong>(311 8502052)<\/strong><\/h2>\n<p><a href=\"http:\/\/zonabiker.com\/2016\/14-encuentro-nacional-alto-cilindraje-bucaramanga-2016\/logo-alexander-letra-negra-2\/\" target=\"_blank\" rel=\"noopener noreferrer\"><img loading=\"lazy\" decoding=\"async\" class=\"alignnone wp-image-2823\" src=\"http:\/\/zonabiker.com\/wp-content\/uploads\/2016\/01\/logo-alexander-LETRA-NEGRA.png\" alt=\"logo alexander LETRA NEGRA\" width=\"151\" height=\"100\"\/><\/a><\/p>\n<h2 style=\"text-align: center;\">&nbsp;<a href=\"http:\/\/zonabiker.com\/2017\/ii-encuentro-nacional-motos-touring-manizales-2017\/alcaldia-de-manizales\/\" target=\"_blank\" rel=\"attachment wp-att-5315 noopener\"><img loading=\"lazy\" decoding=\"async\" class=\"alignnone wp-image-5315\" title=\"Alcald\u00eda de Manizales\" src=\"http:\/\/zonabiker.com\/wp-content\/uploads\/2017\/06\/Alcald\u00eda-de-Manizales.jpg\" alt=\"Alcald\u00eda de Manizales\" width=\"287\" height=\"150\"\/><\/a>&nbsp;<a href=\"http:\/\/zonabiker.com\/2017\/ii-encuentro-nacional-motos-touring-manizales-2017\/aventuras-a-motor\/\" target=\"_blank\" rel=\"attachment wp-att-5317 noopener\"><img loading=\"lazy\" decoding=\"async\" class=\"alignnone wp-image-5317\" title=\"Aventuras a Motor\" src=\"http:\/\/zonabiker.com\/wp-content\/uploads\/2017\/06\/Aventuras-a-Motor.jpg\" alt=\"Aventuras a Motor\" width=\"364\" height=\"150\"\/><\/a>&nbsp;<a href=\"http:\/\/zonabiker.com\/2017\/ii-encuentro-nacional-motos-touring-manizales-2017\/ron-viejo-de-caldas\/\" target=\"_blank\" rel=\"attachment wp-att-5318 noopener\"><img loading=\"lazy\" decoding=\"async\" class=\"alignnone wp-image-5318\" title=\"Ron Viejo De Caldas\" src=\"http:\/\/zonabiker.com\/wp-content\/uploads\/2017\/06\/Ron-Viejo-De-Caldas.jpg\" alt=\"Ron Viejo De Caldas\" width=\"195\" height=\"150\"\/><\/a>&nbsp;<a href=\"http:\/\/zonabiker.com\/2017\/ii-encuentro-nacional-motos-touring-manizales-2017\/motos-y-accesorios\/\" target=\"_blank\" rel=\"attachment wp-att-5319 noopener\"><img loading=\"lazy\" decoding=\"async\" class=\"alignnone wp-image-5319\" title=\"Motos y Accesorios\" src=\"http:\/\/zonabiker.com\/wp-content\/uploads\/2017\/06\/Motos-y-Accesorios.jpg\" alt=\"Motos y Accesorios\" width=\"150\" height=\"150\"\/><\/a>&nbsp;<a href=\"http:\/\/zonabiker.com\/2017\/ii-encuentro-nacional-motos-touring-manizales-2017\/gulf\/\" target=\"_blank\" rel=\"attachment wp-att-5320 noopener\"><img loading=\"lazy\" decoding=\"async\" class=\"alignnone wp-image-5320\" title=\"Gulf Lubricantes\" src=\"http:\/\/zonabiker.com\/wp-content\/uploads\/2017\/06\/Gulf.jpg\" alt=\"Gulf Lubricantes\" width=\"372\" height=\"150\"\/><\/a>&nbsp;<a href=\"http:\/\/zonabiker.com\/2017\/ii-encuentro-nacional-motos-touring-manizales-2017\/claro\/\" target=\"_blank\" rel=\"attachment wp-att-5321 noopener\"><img loading=\"lazy\" decoding=\"async\" class=\"alignnone wp-image-5321\" title=\"Claro\" src=\"http:\/\/zonabiker.com\/wp-content\/uploads\/2017\/06\/Claro.jpg\" alt=\"Claro\" width=\"417\" height=\"150\"\/><\/a>&nbsp;<a href=\"http:\/\/zonabiker.com\/2017\/ii-encuentro-nacional-motos-touring-manizales-2017\/suzuki\/\" target=\"_blank\" rel=\"attachment wp-att-5322 noopener\"><img loading=\"lazy\" decoding=\"async\" class=\"alignnone wp-image-5322\" title=\"Suzuki\" src=\"http:\/\/zonabiker.com\/wp-content\/uploads\/2017\/06\/Suzuki.jpg\" alt=\"Suzuki\" width=\"300\" height=\"150\"\/><\/a> <a href=\"http:\/\/zonabiker.com\/2017\/ii-encuentro-nacional-motos-touring-manizales-2017\/givi\/\" target=\"_blank\" rel=\"attachment wp-att-5324 noopener\"><img loading=\"lazy\" decoding=\"async\" class=\"alignnone wp-image-5324\" title=\"Givi\" src=\"http:\/\/zonabiker.com\/wp-content\/uploads\/2017\/06\/Givi.jpg\" alt=\"Givi\" width=\"150\" height=\"150\"\/><\/a> <a href=\"http:\/\/zonabiker.com\/2017\/ii-encuentro-nacional-motos-touring-manizales-2017\/policia-nacional-2\/\" target=\"_blank\" rel=\"attachment wp-att-5325 noopener\"><img loading=\"lazy\" decoding=\"async\" class=\"alignnone wp-image-5325\" title=\"Polic\u00eda Nacional de Colombia\" src=\"http:\/\/zonabiker.com\/wp-content\/uploads\/2017\/06\/Policia-Nacional.jpg\" alt=\"Polic\u00eda Nacional de Colombia\" width=\"155\" height=\"150\"\/><\/a>&nbsp;&nbsp;<a href=\"http:\/\/zonabiker.com\/2017\/ii-encuentro-nacional-motos-touring-manizales-2017\/superstore\/\" target=\"_blank\" rel=\"attachment wp-att-5326 noopener\"><img loading=\"lazy\" decoding=\"async\" class=\"alignnone wp-image-5326\" title=\"Superstore Cali\" src=\"http:\/\/zonabiker.com\/wp-content\/uploads\/2017\/06\/Superstore.jpg\" alt=\"Superstore Cali\" width=\"160\" height=\"150\"\/><\/a>&nbsp;<a href=\"http:\/\/zonabiker.com\/2017\/ii-encuentro-nacional-motos-touring-manizales-2017\/coldexco\/\" target=\"_blank\" rel=\"attachment wp-att-5327 noopener\"><img loading=\"lazy\" decoding=\"async\" class=\"alignnone wp-image-5327\" title=\"coldexco\" src=\"http:\/\/zonabiker.com\/wp-content\/uploads\/2017\/06\/coldexco.jpg\" alt=\"coldexco\" width=\"308\" height=\"150\"\/><\/a>&nbsp;<a href=\"http:\/\/zonabiker.com\/2017\/ii-encuentro-nacional-motos-touring-manizales-2017\/moteros-del-cafe\/\" target=\"_blank\" rel=\"attachment wp-att-5328 noopener\"><img loading=\"lazy\" decoding=\"async\" class=\"alignnone wp-image-5328\" title=\"Moteros del Caf\u00e9\" src=\"http:\/\/zonabiker.com\/wp-content\/uploads\/2017\/06\/Moteros-del-Cafe.jpg\" alt=\"Moteros del Caf\u00e9\" width=\"150\" height=\"150\"\/><\/a>&nbsp;<a href=\"http:\/\/zonabiker.com\/2017\/ii-encuentro-nacional-motos-touring-manizales-2017\/moto-pits\/\" target=\"_blank\" rel=\"attachment wp-att-5329 noopener\"><img loading=\"lazy\" decoding=\"async\" class=\"alignnone wp-image-5329\" title=\"Moto Pits Manizales\" src=\"http:\/\/zonabiker.com\/wp-content\/uploads\/2017\/06\/Moto-Pits.jpg\" alt=\"Moto Pits Manizales\" width=\"406\" height=\"150\"\/><\/a>&nbsp;<a href=\"http:\/\/zonabiker.com\/2017\/ii-encuentro-nacional-motos-touring-manizales-2017\/cultura-y-turismo-manizales\/\" target=\"_blank\" rel=\"attachment wp-att-5330 noopener\"><img loading=\"lazy\" decoding=\"async\" class=\"alignnone wp-image-5330\" title=\"Oficina de Cultura y Turismo de Manizales\" src=\"http:\/\/zonabiker.com\/wp-content\/uploads\/2017\/06\/Cultura-y-Turismo-Manizales.jpg\" alt=\"Oficina de Cultura y Turismo de Manizales\" width=\"459\" height=\"150\"\/><\/a>&nbsp;<a href=\"http:\/\/zonabiker.com\/2017\/ii-encuentro-nacional-motos-touring-manizales-2017\/moteros-manizales\/\" target=\"_blank\" rel=\"attachment wp-att-5331 noopener\"><img loading=\"lazy\" decoding=\"async\" class=\"alignnone wp-image-5331\" title=\"Moteros Manizales\" src=\"http:\/\/zonabiker.com\/wp-content\/uploads\/2017\/06\/Moteros-Manizales.jpg\" alt=\"Moteros Manizales\" width=\"207\" height=\"150\"\/><\/a>&nbsp;<a href=\"http:\/\/zonabiker.com\/2017\/ii-encuentro-nacional-motos-touring-manizales-2017\/aguardiente-cristal\/\" target=\"_blank\" rel=\"attachment wp-att-5332 noopener\"><img loading=\"lazy\" decoding=\"async\" class=\"alignnone wp-image-5332\" title=\"Aguardiente Cristal\" src=\"http:\/\/zonabiker.com\/wp-content\/uploads\/2017\/06\/Aguardiente-Cristal.jpg\" alt=\"Aguardiente Cristal\" width=\"329\" height=\"150\"\/><\/a><\/h2>\n<p style=\"text-align: center;\"><a href=\"http:\/\/zonabiker.com\/2017\/ii-encuentro-nacional-motos-touring-manizales-2017\/programacion-10\/\" rel=\"attachment wp-att-5269\"><img loading=\"lazy\" decoding=\"async\" class=\"alignnone size-full wp-image-5269\" src=\"http:\/\/zonabiker.com\/wp-content\/uploads\/2017\/06\/PROGRAMACI\u00d3N.jpeg\" alt=\"Programaci\u00f3n del II Encuentro Nacional Motos Touring Manizales 2017\" width=\"740\" height=\"1212\"\/><\/a>&nbsp;<\/p>\n<p style=\"text-align: center;\">&nbsp;<\/p>\n<p style=\"text-align: center;\">&nbsp;<\/p>\n<p style=\"text-align: center;\">&nbsp;<\/p>\n","protected":false},"excerpt":{"rendered":"<p>II Encuentro Nacional Motos Touring Manizales 2017 &nbsp; &nbsp; Despu\u00e9s de 3 a\u00f1os de espera llega a la capital del departamento de Caldas toda la adrenalina y la aventura del II Encuentro Nacional Motos Touring Manizales 2017 para disfrutar de los m\u00e1s hermosos paisajes del&#8230;<\/p>\n","protected":false},"author":1,"featured_media":5270,"comment_status":"open","ping_status":"open","sticky":false,"template":"","format":"standard","meta":{"om_disable_all_campaigns":false,"_mi_skip_tracking":false,"footnotes":""},"categories":[5],"tags":[43,82,96,102,114,128,133,198,273,276],"class_list":["post-5260","post","type-post","status-publish","format-standard","has-post-thumbnail","hentry","category-eventos","tag-43","tag-bucaramanga","tag-choppers","tag-colombia","tag-custom","tag-encuentro","tag-exclusivo","tag-nacional","tag-xv","tag-zona-biker"],"aioseo_notices":[],"_links":{"self":[{"href":"https:\/\/territoriobiker.com\/index.php\/wp-json\/wp\/v2\/posts\/5260","targetHints":{"allow":["GET"]}}],"collection":[{"href":"https:\/\/territoriobiker.com\/index.php\/wp-json\/wp\/v2\/posts"}],"about":[{"href":"https:\/\/territoriobiker.com\/index.php\/wp-json\/wp\/v2\/types\/post"}],"author":[{"embeddable":true,"href":"https:\/\/territoriobiker.com\/index.php\/wp-json\/wp\/v2\/users\/1"}],"replies":[{"embeddable":true,"href":"https:\/\/territoriobiker.com\/index.php\/wp-json\/wp\/v2\/comments?post=5260"}],"version-history":[{"count":0,"href":"https:\/\/territoriobiker.com\/index.php\/wp-json\/wp\/v2\/posts\/5260\/revisions"}],"wp:featuredmedia":[{"embeddable":true,"href":"https:\/\/territoriobiker.com\/index.php\/wp-json\/"}],"wp:attachment":[{"href":"https:\/\/territoriobiker.com\/index.php\/wp-json\/wp\/v2\/media?parent=5260"}],"wp:term":[{"taxonomy":"category","embeddable":true,"href":"https:\/\/territoriobiker.com\/index.php\/wp-json\/wp\/v2\/categories?post=5260"},{"taxonomy":"post_tag","embeddable":true,"href":"https:\/\/territoriobiker.com\/index.php\/wp-json\/wp\/v2\/tags?post=5260"}],"curies":[{"name":"wp","href":"https:\/\/api.w.org\/{rel}","templated":true}]}}