{"id":325,"date":"2011-06-12T12:07:25","date_gmt":"2011-06-12T17:07:25","guid":{"rendered":"http:\/\/zonabiker.com\/blog\/?p=325"},"modified":"2011-06-12T12:07:25","modified_gmt":"2011-06-12T17:07:25","slug":"cronica-v-ibague-bike-week-2011","status":"publish","type":"post","link":"https:\/\/territoriobiker.com\/index.php\/2011\/06\/12\/cronica-v-ibague-bike-week-2011\/","title":{"rendered":"Cr\u00f3nica del V Ibagu\u00e9 Bike Week 2011"},"content":{"rendered":"<h1>Una sinfon\u00eda de motores en la ciudad musical.<\/h1>\n<address>Por Javier Goyes (Ecuador)<\/address>\n<p><a href=\"http:\/\/zonabiker.com\/blog\/wp-content\/uploads\/2011\/06\/ibague2011_447.jpg\"><img loading=\"lazy\" decoding=\"async\" class=\"alignleft size-thumbnail wp-image-331\" title=\"ibague2011_447\" src=\"http:\/\/zonabiker.com\/blog\/wp-content\/uploads\/2011\/06\/ibague2011_447-150x150.jpg\" alt=\"Organizadores del Ibagu\u00e9 Bike Week.\" width=\"150\" height=\"150\" \/><\/a>El ambiente de motos se comenz\u00f3 a vivir d\u00edas antes del encuentro; llamadas de grupos de Bogot\u00e1, Bucaramanga, Cali, Medell\u00edn, Pereira, Popay\u00e1n, Pasto y muchas otras ciudades de esta bella Colombia, hac\u00edan ver que el Ibagu\u00e9 Bike Week estaba a la vuelta de la esquina.<\/p>\n<p>Los grupos se estaban alistando para acudir al V GRAN ENCUENTRO INTERNACIONAL DE MOTOCICLETAS CUSTOM Y DE ALTO CILINDRAJE. La Cuidad musical nos estaba esperando\u2026<\/p>\n<p>La moto aventura esta vez comenzaba desde Medell\u00edn, escogimos la ruta larga uniendo Antioquia, Caldas, Risaralda, Quind\u00edo y Tolima. En el camino el encuentro con grupos Bikers de Pereira y Asturias de Cali hacia cada vez m\u00e1s agradable esta experiencia. El tr\u00e1fico bastante fluido, con excepci\u00f3n de la interrupci\u00f3n en el mismo causada por arreglos en la v\u00eda antes de llegar a los 3200 msnm de \u201cLa L\u00ednea\u201d.<\/p>\n<p>Las carreteras se encontraban en condiciones regulares, los paisajes del eje cafetero, la amabilidad de su gente y la tradicional gastronom\u00eda de cada departamento hicieron un viaje placentero.<\/p>\n<p><a href=\"http:\/\/zonabiker.com\/blog\/wp-content\/uploads\/2011\/06\/ibague2011_025.jpg\"><img loading=\"lazy\" decoding=\"async\" class=\"alignright size-thumbnail wp-image-332\" title=\"ibague2011_025\" src=\"http:\/\/zonabiker.com\/blog\/wp-content\/uploads\/2011\/06\/ibague2011_025-150x150.jpg\" alt=\"Punto de encuentro Centro Comercial Multicentro.\" width=\"150\" height=\"150\" \/><\/a>La organizaci\u00f3n del encuentro fue buena, el punto de reuni\u00f3n fue el Centro Comercial MULTICENTRO, la lluvia se hizo presente, sin embargo los calidez de la gente biker reunida en el sitio no se vio afectada por este factor.<\/p>\n<p>Las inscripciones, que por cierto fueron fluidas y sin inconvenientes, costaron 100.000 pesos e incluyeron esta vez, dos gorras, dos pa\u00f1oletas y los cuatro tiquetes para almuerzos.<\/p>\n<p>La fiesta de bienvenida se desarrollo en la Discoteca Botanika, a la cual acudieron pocos motociclistas a pesar de la acertada decisi\u00f3n de los organizadores de hacer entrada libre para todos los inscritos y no inscritos.<\/p>\n<p>Al d\u00eda siguiente, las delegaciones continuaban llegando. Ibagu\u00e9, la ciudad musical, estaba componiendo una sinfon\u00eda \u00fanica con notas de cada una de las motos que pasaban por sus calles, motociclistas de Uruguay, Espa\u00f1a, Ecuador y cada una de las ciudades colombianas hac\u00edan el deleite de los cientos de aficionados que se ubicaron alrededor del parqueadero del Multicentro.<\/p>\n<p><a href=\"http:\/\/zonabiker.com\/blog\/wp-content\/uploads\/2011\/06\/ibague2011_137.jpg\"><img loading=\"lazy\" decoding=\"async\" class=\"alignleft size-thumbnail wp-image-333\" title=\"ibague2011_137\" src=\"http:\/\/zonabiker.com\/blog\/wp-content\/uploads\/2011\/06\/ibague2011_137-150x150.jpg\" alt=\"\" width=\"150\" height=\"150\" \/><\/a>La salida de la caravana fue a las 12:00 el destino \u201cEl Espinal\u201d un municipio de Tolima. La caravana muy organizada, la presencia permanente de ambulancia, asistencia mec\u00e1nica y carros gu\u00eda dieron la seguridad necesaria para este recorrido. Luego de m\u00e1s de una hora de viaje la caravana y con la continua compa\u00f1\u00eda de la lluvia se llego al club campestre, desde all\u00ed se pudo admirar la gran riqueza agr\u00edcola que posee este municipio, en sus amplios terrenos se introducen cultivos muy f\u00e9rtiles como arroz, ma\u00edz, ajonjol\u00ed, mango, entre otros.<\/p>\n<p>El almuerzo un delicioso Sancocho Tableado abrigo la tarde. Entre saludos, bromas, camarader\u00eda, y motocicletas la conversaci\u00f3n de sobremesa se alargo hasta aproximadamente las 4:00 de la tarde, hora en la cual la caravana de regreso comenz\u00f3 a organizarse.<\/p>\n<p>En Ibagu\u00e9 no se puede circular en moto pasadas las 23:00 horas, esto sumado a que el licor y la motocicleta jam\u00e1s deben estar juntos nos oblig\u00f3 a todos los participantes a dejar las m\u00e1quinas en los hoteles. La lluvia y el frio de la tarde no impidieron que el esp\u00edritu rumbero de quienes estuvimos presentes nos haga acudir puntualmente a la discoteca Punta Kana<\/p>\n<p>La rumba con casa llena, amigos, diversi\u00f3n, mujeres hermosas, se mezclaban a los ritmos de la m\u00fasica que esta vez estaba a cargo del DJ de Punta Kana.<\/p>\n<p><a href=\"http:\/\/zonabiker.com\/blog\/wp-content\/uploads\/2011\/06\/ibague2011_090.jpg\"><img loading=\"lazy\" decoding=\"async\" class=\"alignleft size-thumbnail wp-image-334\" title=\"ibague2011_090\" src=\"http:\/\/zonabiker.com\/blog\/wp-content\/uploads\/2011\/06\/ibague2011_090-150x150.jpg\" alt=\"Candidatas al concurso Chica Bike Week Ibagu\u00e9 2011.\" width=\"150\" height=\"150\" \/><\/a>En la tarima ubicada dentro de la discoteca empez\u00f3 la presentaci\u00f3n de las candidatas a la chica Biker Ibagu\u00e9 2011; Andrea, Mileidy, Edna y Carolina : cuatro bellas colombianas hicieron su paso por la pasarela en traje de ba\u00f1o mientras el p\u00fablico presente comenzaba a escoger a su favorita.<\/p>\n<p>Y la rumba sigui\u00f3 hasta las 3:00 am, la mayor\u00eda de asistentes se dirigieron a sus hoteles mientras que unos pocos trasnochadores continuaron la rumba en diferentes sitios de esta linda ciudad.<\/p>\n<p>Lleg\u00f3 el d\u00eda domingo, el Muticentro nuevamente reuni\u00f3 a los motociclistas en su parqueadero, un radiante sol estaba listo para acompa\u00f1ar a la caravana a Venadillo, este municipio ubicado a 53 km de Ibagu\u00e9.<\/p>\n<p>El grupo sali\u00f3 a las 12:30, una organizada y nutrida caravana acog\u00eda a inscritos y no inscritos. Los paisajes maravillosos del Norte del Tolima hac\u00edan casi obligatorio parar para tomar fotograf\u00edas de esta maravilla que nos regalaba la naturaleza. Que mejor manera que describir a este pintoresco sitio que a trav\u00e9s de una estrofa de su himno: \u201cPreludio en la monta\u00f1a, remanso del Palmar, el canto de las mirlas, arrulla el pajonal \u201c.<\/p>\n<p>El almuerzo ofrecido dentro del club campestre delicioso: Carne asada acompa\u00f1ado por cerveza para el calor. Gratos momentos compartidos al interior del club campestre fueron complementados con la diversi\u00f3n otorgada por la gente de Venadillo en el parque central: Avena, carne, rumba, desfile de reinas, paso de comparsas hicieron una tarde \u00fanica y muy especial.<\/p>\n<p><a href=\"http:\/\/zonabiker.com\/blog\/wp-content\/uploads\/2011\/06\/ibague2011_311.jpg\"><img loading=\"lazy\" decoding=\"async\" class=\"alignright size-thumbnail wp-image-335\" title=\"ibague2011_311\" src=\"http:\/\/zonabiker.com\/blog\/wp-content\/uploads\/2011\/06\/ibague2011_311-150x150.jpg\" alt=\"Show de media noche en la discoteca.\" width=\"150\" height=\"150\" \/><\/a>En la noche: la rumba de dos d\u00edas y el sol que nos acompa\u00f1o durante la ma\u00f1ana agot\u00f3 a muchos participantes, sin embargo varios de nosotros asistimos a la Rumba de despedida en Punta Kana.<\/p>\n<p>Buena m\u00fasica, buenos amigos y la presencia de una espectacular chica en un show de Camisetas mojadas empezaron a subir la temperatura.<\/p>\n<p>Luego de una re\u00f1ida competencia, Mileydi fue escogida como la Chica Biker 2011, las asistentes femeninas tambi\u00e9n tuvieron su deleite cuando se desarrollo la final del Biker m\u00e1s fuerte entre Rambo y Romano de la cual Rambo resulto victorioso.<\/p>\n<p><a href=\"http:\/\/zonabiker.com\/blog\/wp-content\/uploads\/2011\/06\/ibague2011_384.jpg\"><img loading=\"lazy\" decoding=\"async\" class=\"alignleft size-thumbnail wp-image-336\" title=\"ibague2011_384\" src=\"http:\/\/zonabiker.com\/blog\/wp-content\/uploads\/2011\/06\/ibague2011_384-150x150.jpg\" alt=\"Final del concurso del Biker M\u00e1s Fuerte.\" width=\"150\" height=\"150\" \/><\/a>La fiesta continuo hasta las 2:00 am hora en la cual en medio de abrazos fraternos los asistentes nos desped\u00edamos esperando volvernos a encontrar en un nuevo moto evento para disfrutar de esta pasi\u00f3n sobre dos ruedas.<\/p>\n<p>Lo positivo:<\/p>\n<p>La solidaridad: Todo estaba listo para partir desde Medell\u00edn hacia Ibagu\u00e9 de pronto un imprevisto mec\u00e1nico ocasionado al cruzar por un rompe velocidades parec\u00eda obligar a cancelar el viaje, sin embargo una vez m\u00e1s la hermandad motera se hizo presente, ese esp\u00edritu de solidaridad caracter\u00edstico del motociclista colombiano me permiti\u00f3 continuar con la aventura, esta vez mi compa\u00f1era fue una Vstrom 650 \u201cla negrita\u201d propiedad del Paisa Camilo Garc\u00eda.<\/p>\n<p>El compa\u00f1erismo: Durante el camino fue sorprendente como los grupos nos mezcl\u00e1bamos sin importar agrupaciones o clubs y mostramos solidaridad tanto en carretera como en los incidentes menores que se presentaron.<\/p>\n<p>La asistencia: Los organizadores brindaron asistencia m\u00e9dica y mec\u00e1nica en los dos incidentes menores presentados sin importar si los involucrados estaban inscritos o no. Mis sinceras felicitaciones por esta actitud positiva.<\/p>\n<p>Lo negativo<\/p>\n<p>La falta de compromiso: lamentablemente gran parte de de los asistentes prefirieron no inscribirse y simplemente juntarse a las caravanas. No es posible que quien asista y disfrute del evento no sea rec\u00edproco con quienes organizan el mismo.<\/p>\n<p><a href=\"http:\/\/zonabiker.com\/blog\/wp-content\/uploads\/2011\/06\/Tayrona_147_28Copiar29.jpg\"><img loading=\"lazy\" decoding=\"async\" class=\"alignleft size-medium wp-image-343\" title=\"Team Zona Biker 2011 - V Aniversario.\" src=\"http:\/\/zonabiker.com\/blog\/wp-content\/uploads\/2011\/06\/Tayrona_147_28Copiar29-300x225.jpg\" alt=\"Team Zona Biker 2011 - V Aniversario.\" width=\"300\" height=\"225\" \/><\/a>Para finalizar esta rese\u00f1a quiero agradecer a todos los amigos y hermanos de Ecuador, Colombia y Venezuela quienes me acompa\u00f1aron durante esta Moto aventura de cuatro meses que se cerr\u00f3 con broche de oro en el encuentro de Ibagu\u00e9.<\/p>\n<p>Les deseo la mejor de las suertes y \u00e9xitos en todos los encuentros que realicen y espero poderlos acompa\u00f1ar en ellos\u2026<\/p>\n<address>&#8220;Quien se invento las fronteras, se olvido que exist\u00edamos los motociclistas&#8221;<\/address>\n<p>J. Goyes<\/p>\n<p><a title=\"\u00c1lbum de fotos del V Gran Encuentro Internacional de Motocicletas Custom y de Alto Cilindraje Bike Week Ibagu\u00e9 2011.\" href=\"http:\/\/www.zonabiker.com\/coppermine\/thumbnails.php?album=47\" target=\"_blank\" rel=\"noopener\">Aqu\u00ed puedes ver la galer\u00eda de fotos del\u00a0V Gran Encuentro Internacional\u00a0de Motocicletas Custom\u00a0y\u00a0de Alto Cilindraje\u00a0Bike Week Ibagu\u00e9\u00a02011. (Fotograf\u00edas de Elkin Rangel (La Dorada), Charles E.R.Q (Bogot\u00e1), Ximena Yermanos (Pereira), Tato Medina (Bogot\u00e1), Diego F. Suero (Pasto). Todos los derechos reservados. \u00a9)<\/a><\/p>\n<p><strong><span style=\"color: #ff0000;\">NOTA IMPORTANTE:<\/span><\/strong> <strong>ZONA BIKER<\/strong>, sus creadores, administradores y propietarios, no se hacen responsables por las opiniones emitidas en este espacio. Los comentarios que aqu\u00ed se publican son responsabilidad de su autor. ZONA BIKER se reserva el derecho de eliminar aquellos que utilicen un lenguaje soez o vulgar.<\/p>\n","protected":false},"excerpt":{"rendered":"<p>Una sinfon\u00eda de motores en la ciudad musical. Por Javier Goyes (Ecuador) El ambiente de motos se comenz\u00f3 a vivir d\u00edas antes del encuentro; llamadas de grupos de Bogot\u00e1, Bucaramanga, Cali, Medell\u00edn, Pereira, Popay\u00e1n, Pasto y muchas otras ciudades de esta bella Colombia, hac\u00edan ver&#8230;<\/p>\n","protected":false},"author":1,"featured_media":0,"comment_status":"open","ping_status":"open","sticky":false,"template":"","format":"standard","meta":{"om_disable_all_campaigns":false,"_mi_skip_tracking":false,"footnotes":""},"categories":[13],"tags":[],"class_list":["post-325","post","type-post","status-publish","format-standard","hentry","category-cronicas"],"aioseo_notices":[],"_links":{"self":[{"href":"https:\/\/territoriobiker.com\/index.php\/wp-json\/wp\/v2\/posts\/325","targetHints":{"allow":["GET"]}}],"collection":[{"href":"https:\/\/territoriobiker.com\/index.php\/wp-json\/wp\/v2\/posts"}],"about":[{"href":"https:\/\/territoriobiker.com\/index.php\/wp-json\/wp\/v2\/types\/post"}],"author":[{"embeddable":true,"href":"https:\/\/territoriobiker.com\/index.php\/wp-json\/wp\/v2\/users\/1"}],"replies":[{"embeddable":true,"href":"https:\/\/territoriobiker.com\/index.php\/wp-json\/wp\/v2\/comments?post=325"}],"version-history":[{"count":0,"href":"https:\/\/territoriobiker.com\/index.php\/wp-json\/wp\/v2\/posts\/325\/revisions"}],"wp:attachment":[{"href":"https:\/\/territoriobiker.com\/index.php\/wp-json\/wp\/v2\/media?parent=325"}],"wp:term":[{"taxonomy":"category","embeddable":true,"href":"https:\/\/territoriobiker.com\/index.php\/wp-json\/wp\/v2\/categories?post=325"},{"taxonomy":"post_tag","embeddable":true,"href":"https:\/\/territoriobiker.com\/index.php\/wp-json\/wp\/v2\/tags?post=325"}],"curies":[{"name":"wp","href":"https:\/\/api.w.org\/{rel}","templated":true}]}}