{"id":2966,"date":"2016-05-13T11:12:07","date_gmt":"2016-05-13T16:12:07","guid":{"rendered":"http:\/\/zonabiker.com\/?p=2966"},"modified":"2016-05-13T11:12:07","modified_gmt":"2016-05-13T16:12:07","slug":"cronica-del-3-rally-internacional-harley-davidson-medellin","status":"publish","type":"post","link":"https:\/\/territoriobiker.com\/index.php\/2016\/05\/13\/cronica-del-3-rally-internacional-harley-davidson-medellin\/","title":{"rendered":"Cr\u00f3nica del 3 Rally Internacional Harley-Davidson Medell\u00edn"},"content":{"rendered":"<h1 style=\"text-align: justify;\">Cr\u00f3nica del 3 Rally Internacional Harley-Davidson Medell\u00edn<\/h1>\n<blockquote><p>Una fiesta para la familia Harlista.<\/p>\n<p>Por Juan Pablo Mart\u00ednez (Bucaramanga)<\/p><\/blockquote>\n<p style=\"text-align: justify;\"><a href=\"http:\/\/www.zonabiker.com\/coppermine\/displayimage.php?album=77&amp;pid=24455#top_display_media\" target=\"_blank\" rel=\"attachment wp-att-2970 noopener\"><img loading=\"lazy\" decoding=\"async\" class=\"alignleft wp-image-2970\" title=\"Cr\u00f3nica del 3 Rally Internacional Harley-Davidson Medell\u00edn 2016\" src=\"http:\/\/zonabiker.com\/wp-content\/uploads\/2016\/05\/H-D_Medellin_2016_026.jpg\" alt=\"Cr\u00f3nica del 3 Rally Internacional Harley-Davidson Medell\u00edn 2016\" width=\"150\" height=\"200\" \/><\/a>Viajar a Medell\u00edn siempre ha sido un placer para cualquier persona; es una regi\u00f3n hermosa, adornada por paisajes como salidos de un lienzo, personas gentiles, amables y cari\u00f1osas que hacen sentir bienvenido a cualquier visitante, mujeres que roban miradas y suspiros, esa es la casa de Harley-Davidson en el oriente colombiano; una familia que a\u00f1o tras a\u00f1o abre su coraz\u00f3n para darle cabida a todos los amantes de la m\u00e1s tradicional, ic\u00f3nica y respetada marca de motocicletas de toda la historia; esta es la Cr\u00f3nica del 3 Rally Internacional Harley-Davidson Medell\u00edn.<\/p>\n<p style=\"text-align: justify;\">Las condiciones para este encuentro no fueron las mejores; un clima que promet\u00eda lluvias a mill\u00f3n y un fin de semana en el que se celebraba el d\u00eda de la madre en la mayor\u00a0parte\u00a0del territorio nacional, no fueron estas razones suficientes para las cerca de 400 motocicletas que asistieron a disfrutar de un excelente encuentro para la gran familia Harlista.<\/p>\n<p style=\"text-align: center;\"><a href=\"http:\/\/www.zonabiker.com\/coppermine\/displayimage.php?album=77&amp;pid=24449#top_display_media\" target=\"_blank\" rel=\"attachment wp-att-2972 noopener\"><img loading=\"lazy\" decoding=\"async\" class=\"alignnone wp-image-2972\" title=\"Carrera 39 # 7-105 Medell\u00edn. Parque Lleras \/ La Presidenta\" src=\"http:\/\/zonabiker.com\/wp-content\/uploads\/2016\/05\/H-D_Medellin_2016_021.jpg\" alt=\"Carrera 39 # 7-105 Medell\u00edn. Parque Lleras \/ La Presidenta\" width=\"600\" height=\"450\" \/><\/a><\/p>\n<p style=\"text-align: justify;\">El viernes nos dej\u00f3 ver que si quer\u00edamos disfrutar de este gran evento tendr\u00edamos que convivir con la lluvia. A lo largo de la tarde nublada desfilaron m\u00e1s de un centenar de motocicletas por el parque Lleras frente al dealer de Harley-Davidson Medell\u00edn; la gran mayor\u00eda eran moteros pre-inscritos que ven\u00edan a reclamar su kit de inscripci\u00f3n mientras el personal de Knight se encargaba de embellecer las m\u00e1quinas con sus productos de lavado en seco. La m\u00fasica al ritmo del Dj y los abrazos entre amigos dieron apertura oficial al evento; alrededor de las 8:30 de la noche se dio partida a la caravana nocturna que anunciaba la llegada de los moteros a Medell\u00edn; una vez arribamos al Cerro Nutibara, los participantes pudieron disfrutar de una deliciosa arepa de Ch\u00f3colo con queso, algo muy t\u00edpico de la regi\u00f3n y justo all\u00ed la naturaleza hizo su presencia con un tremendo aguacero que todos aprovecharon para tertuliar de los m\u00e1s variados temas mientras se resguardaban de la torrencial lluvia. Poco a poco y en la medida en que la lluvia cesaba fueron saliendo los asistentes rumbo a Pub Rock, la embajada del Rock en Medell\u00edn y sede de la gran rumba de bienvenida; all\u00ed y al ritmo de la banda oficial del lugar, se brind\u00f3, se comparti\u00f3 y se disfrut\u00f3 de lo que fuera el inicio de este 3 Rally Internacional Harley-Davidson Medell\u00edn.<\/p>\n<p style=\"text-align: center;\"><a href=\"http:\/\/www.zonabiker.com\/coppermine\/displayimage.php?album=77&amp;pid=24494#top_display_media\" target=\"_blank\" rel=\"attachment wp-att-2974 noopener\"><img loading=\"lazy\" decoding=\"async\" class=\"alignnone wp-image-2974\" title=\"Caravana nocturna al Cerro Nutibara\" src=\"http:\/\/zonabiker.com\/wp-content\/uploads\/2016\/05\/H-D_Medellin_2016_077.jpg\" alt=\"Caravana nocturna al Cerro Nutibara\" width=\"200\" height=\"150\" \/><\/a>\u00a0<a href=\"http:\/\/www.zonabiker.com\/coppermine\/displayimage.php?album=77&amp;pid=24511#top_display_media\" target=\"_blank\" rel=\"attachment wp-att-2975 noopener\"><img loading=\"lazy\" decoding=\"async\" class=\"alignnone wp-image-2975\" title=\"Arepa de Ch\u00f3colo con cuajada\" src=\"http:\/\/zonabiker.com\/wp-content\/uploads\/2016\/05\/H-D_Medellin_2016_098.jpg\" alt=\"Arepa de Ch\u00f3colo con cuajada\" width=\"200\" height=\"150\" \/><\/a>\u00a0<a href=\"http:\/\/www.zonabiker.com\/coppermine\/displayimage.php?album=77&amp;pid=24518#top_display_media\" target=\"_blank\" rel=\"attachment wp-att-2976 noopener\"><img loading=\"lazy\" decoding=\"async\" class=\"alignnone wp-image-2976\" title=\"Fiesta de bienvenida en Pub Rock\" src=\"http:\/\/zonabiker.com\/wp-content\/uploads\/2016\/05\/H-D_Medellin_2016_107.jpg\" alt=\"Fiesta de bienvenida en Pub Rock\" width=\"200\" height=\"150\" \/><\/a><\/p>\n<p style=\"text-align: justify;\"><a href=\"http:\/\/www.zonabiker.com\/coppermine\/displayimage.php?album=77&amp;pid=24569#top_display_media\" target=\"_blank\" rel=\"attachment wp-att-2978 noopener\"><img loading=\"lazy\" decoding=\"async\" class=\"alignleft wp-image-2978\" title=\"S\u00e1bado 7 de mayo del 2016 en Harley-Davidson Medell\u00edn\" src=\"http:\/\/zonabiker.com\/wp-content\/uploads\/2016\/05\/H-D_Medellin_2016_168.jpg\" alt=\"S\u00e1bado 7 de mayo del 2016 en Harley-Davidson Medell\u00edn\" width=\"267\" height=\"200\" \/><\/a>En la ma\u00f1ana del s\u00e1bado el sol asom\u00f3 su cara t\u00edmidamente por entre las nubes, el d\u00eda promet\u00eda un buen clima para la actividad programada por el Team Harley-Davidson Medell\u00edn; a lo largo de la ma\u00f1ana llegaron al parque La Presidenta m\u00e1s y m\u00e1s participantes; la m\u00fasica de la banda 4 Grados de la ciudad de Bogot\u00e1 prendi\u00f3 los \u00e1nimos para dar la partida a la caravana por la hermosa zona de Llanogrande rumbo a Asdesilla, la sede de la Asociaci\u00f3n de Caballistas de Antioquia. La caravana dio partida alrededor del mediod\u00eda con algunos contratiempos dado que los asistentes no quer\u00edan partir por no perderse la buena m\u00fasica de la banda de rock que animaba la fiesta; en 3 grupos fueron llegando a Asdesilla los participantes para inmediatamente almorzar la deliciosa bandeja paisa del restaurante El Rancherito, un almuerzo que le dio sabor regional al encuentro. Las notas de una banda de Rock denominada Se\u00f1al, acompa\u00f1aron a los comensales que en la medida en la que terminaban el suculento banquete se fueron acomodando en las grader\u00edas para ver el show dispuesto para la tarde. Terminada la m\u00fasica aparecieron en escena dos enanitos, uno con traje espa\u00f1ol y otro con traje de payaso. Bailaron algunas notas del popular ritmo Reggaet\u00f3n y acto seguido se dispusieron para \u201ctorear\u201d una vaquilla algo inquieta que en principio decidi\u00f3 retirarse del lugar a la primera oportunidad. Los enanos y su equipo juguetearon con las vaquillas, Elizabeth Montoya del Team Harley-Davidson Medell\u00edn fue la primera en lanzarse al ruedo a desafiar a estos animales, luego la acompa\u00f1aron otro par de Harlistas que por su valent\u00eda recibieron premios del dealer Harley-Davidson Medell\u00edn. Para cerrar la tarde hizo su aparici\u00f3n Carlos Hernan, El Rey de la Plancha quien acompa\u00f1\u00f3 con sus notas musicales la partida de los asistentes de regreso al Parque Lleras donde todo estaba dispuesto para la fiesta principal del evento.<\/p>\n<p style=\"text-align: center;\"><a href=\"http:\/\/www.zonabiker.com\/coppermine\/displayimage.php?album=77&amp;pid=24599#top_display_media\" target=\"_blank\" rel=\"attachment wp-att-2980 noopener\"><img loading=\"lazy\" decoding=\"async\" class=\"alignnone wp-image-2980\" title=\"Rodada Asdesilla - Llanogrande - Rionegro\" src=\"http:\/\/zonabiker.com\/wp-content\/uploads\/2016\/05\/H-D_Medellin_2016_205.jpg\" alt=\"Rodada Asdesilla - Llanogrande - Rionegro\" width=\"600\" height=\"450\" \/><\/a><\/p>\n<p style=\"text-align: justify;\"><a href=\"http:\/\/www.zonabiker.com\/coppermine\/displayimage.php?album=77&amp;pid=24759#top_display_media\" target=\"_blank\" rel=\"attachment wp-att-2981 noopener\"><img loading=\"lazy\" decoding=\"async\" class=\"alignright wp-image-2981\" title=\"Reconocimiento a ZONA BIKER por sus 10 a\u00f1os\" src=\"http:\/\/zonabiker.com\/wp-content\/uploads\/2016\/05\/H-D_Medellin_2016_425.jpg\" alt=\"Reconocimiento a ZONA BIKER por sus 10 a\u00f1os\" width=\"267\" height=\"200\" \/><\/a>La caravana lleg\u00f3 a su fin sin mayores contratiempos y gracias a Dios sin la presencia de la persistente lluvia del fin de semana, est\u00e1 apareci\u00f3 finalmente al inicio de la noche, m\u00e1s sin embargo no mengu\u00f3 los \u00e1nimos de quienes quer\u00edan ir a celebrar en la discoteca Bah\u00eda Beach Club Medell\u00edn que nos abri\u00f3 sus puertas con una fiesta tem\u00e1tica para los asistentes, pues todo su staff decor\u00f3 sus cuerpos con dibujos alusivos al Harlismo. Durante la noche la m\u00fasica, el licor y los amigos fueron el plato fuerte; Harley-Davidson Medell\u00edn aprovech\u00f3 el ambiente festivo para reconocer y resaltar desde la mejor pinta Harlista femenina, hasta la delegaci\u00f3n m\u00e1s numerosa presente; se ofreci\u00f3 un merecido reconocimiento p\u00f3stumo a nuestro amigo y hermano Julio Mario Tafur, a grandes personalidades del mundo motero como el se\u00f1or Enrique Paris y el homenaje a toda una vida que qued\u00f3 en manos del popular y reconocido \u201cChicho\u201d, de la misma forma el se\u00f1or Iv\u00e1n Dar\u00edo Montoya recibi\u00f3 un reconocimiento por su apoyo incondicional al H.O.G. Chapter Medell\u00edn; Zona Biker fue homenajeado con un reconocimiento por sus 10 a\u00f1os de trabajo incansable por el desarrollo del Mototurismo en Colombia, un galard\u00f3n entregado de manos del se\u00f1or William Bol\u00edvar (General Manager\/Owner Harley-Davidson Medell\u00edn) y la se\u00f1ora Natacha Lara (Gerente Administrativa de Harley-Davidson Medell\u00edn); quiero aprovechar este momento para decirles que este reconocimiento me llena de orgullo y satisfacci\u00f3n, no existen palabras suficientes para expresar todo el agradecimiento que tengo para con estas personas, para con todos los seguidores de Zona Biker y para con todos los amigos que han ayudado de una u otra forma a construir esta gran comunidad que es Zona Biker, gracias a todos ustedes y recuerden que sus comentarios y apoyo son el motor que impulsa esta comunidad.<\/p>\n<p style=\"text-align: justify;\">La noche se diluy\u00f3 con la lluvia y los asistentes festejaron hasta el amanecer compartiendo entre amigos como una gran familia.<\/p>\n<p style=\"text-align: center;\"><a href=\"http:\/\/www.zonabiker.com\/coppermine\/displayimage.php?album=77&amp;pid=24665#top_display_media\" target=\"_blank\" rel=\"attachment wp-att-2983 noopener\"><img loading=\"lazy\" decoding=\"async\" class=\"alignnone wp-image-2983\" title=\"Sede ASDESILLA - Asociaci\u00f3n de Caballistas de Antioquia\" src=\"http:\/\/zonabiker.com\/wp-content\/uploads\/2016\/05\/H-D_Medellin_2016_287.jpg\" alt=\"Sede ASDESILLA - Asociaci\u00f3n de Caballistas de Antioquia\" width=\"200\" height=\"150\" \/><\/a>\u00a0<a href=\"http:\/\/www.zonabiker.com\/coppermine\/displayimage.php?album=77&amp;pid=24691#top_display_media\" target=\"_blank\" rel=\"attachment wp-att-2984 noopener\"><img loading=\"lazy\" decoding=\"async\" class=\"alignnone wp-image-2984\" title=\"Los enanitos toreros\" src=\"http:\/\/zonabiker.com\/wp-content\/uploads\/2016\/05\/H-D_Medellin_2016_323.jpg\" alt=\"Los enanitos toreros\" width=\"200\" height=\"150\" \/><\/a>\u00a0<a href=\"http:\/\/www.zonabiker.com\/coppermine\/displayimage.php?album=77&amp;pid=24727#top_display_media\" target=\"_blank\" rel=\"attachment wp-att-2985 noopener\"><img loading=\"lazy\" decoding=\"async\" class=\"alignnone wp-image-2985\" title=\"Rumba en la discoteca Bah\u00eda Beach Club Medell\u00edn\" src=\"http:\/\/zonabiker.com\/wp-content\/uploads\/2016\/05\/H-D_Medellin_2016_380.jpg\" alt=\"Rumba en la discoteca Bah\u00eda Beach Club Medell\u00edn\" width=\"200\" height=\"150\" \/><\/a><\/p>\n<p style=\"text-align: justify;\">El domingo tuvo un inicio lento, quiz\u00e1s por la gran fiesta de la noche anterior o por la persistente lluvia que ca\u00eda lenta y sin pausa sobre el valle de Aburr\u00e1. Cerca al medio d\u00eda se vieron llegar al sector del Parque La Presidenta las diferentes delegaciones, siendo las m\u00e1s concurridas las de Bogot\u00e1, representadas por los integrantes del Club Capital y Road Eagles y la de Bucaramanga representada por el club Los Renegados quienes adem\u00e1s pusieron la nota salsera del concurso de Karaoke. Lastimosamente la lluvia no permiti\u00f3 el desarrollo de todas las actividades programadas para esta tarde, as\u00ed fue como se cancelaron la carrera de observaci\u00f3n y las pruebas de equilibrio con las motocicletas, en su lugar los asistentes pudieron disfrutar del concierto ofrecido por la Orquesta Sinf\u00f3nica de El Santuario mientras degustaban el almuerzo del restaurante J &amp; C Delicias. La tarde se vivi\u00f3 a diferentes ritmos, mientras la lluvia ca\u00eda, los asistentes aprovecharon el &#8220;cambalache&#8221; y varios se animaron a participar del Karaoke, el toro mec\u00e1nico y finalmente todos disfrutaron de las notas musicales de la Banda de Rock 4 Grados quienes hicieron el cierre de este evento.<\/p>\n<p style=\"text-align: center;\"><a href=\"http:\/\/www.zonabiker.com\/coppermine\/displayimage.php?album=77&amp;pid=24848#top_display_media\" target=\"_blank\" rel=\"attachment wp-att-2986 noopener\"><img loading=\"lazy\" decoding=\"async\" class=\"alignnone wp-image-2986\" title=\"Celebraci\u00f3n del d\u00eda de las madres Harlistas\" src=\"http:\/\/zonabiker.com\/wp-content\/uploads\/2016\/05\/H-D_Medellin_2016_557.jpg\" alt=\"Celebraci\u00f3n del d\u00eda de las madres Harlistas\" width=\"200\" height=\"150\" \/><\/a>\u00a0<a href=\"http:\/\/www.zonabiker.com\/coppermine\/displayimage.php?album=77&amp;pid=24849#top_display_media\" target=\"_blank\" rel=\"attachment wp-att-2987 noopener\"><img loading=\"lazy\" decoding=\"async\" class=\"alignnone wp-image-2987\" title=\"Cambalache y subasta en el parque La Presidenta\" src=\"http:\/\/zonabiker.com\/wp-content\/uploads\/2016\/05\/H-D_Medellin_2016_559.jpg\" alt=\"Cambalache y subasta en el parque La Presidenta\" width=\"200\" height=\"150\" \/><\/a>\u00a0<a href=\"http:\/\/www.zonabiker.com\/coppermine\/displayimage.php?album=77&amp;pid=24866#top_display_media\" target=\"_blank\" rel=\"attachment wp-att-2988 noopener\"><img loading=\"lazy\" decoding=\"async\" class=\"alignnone wp-image-2988\" title=\"Clausura con la Banda de Rock 4 Grados\" src=\"http:\/\/zonabiker.com\/wp-content\/uploads\/2016\/05\/H-D_Medellin_2016_587.jpg\" alt=\"Clausura con la Banda de Rock 4 Grados\" width=\"200\" height=\"150\" \/><\/a><\/p>\n<p style=\"text-align: justify;\">Siempre he sostenido que los encuentros los hace uno mismo, con su actitud y buena vibra, este podr\u00eda ser el caso de todos aquellos que en lugar de quejarse por la lluvia o por alg\u00fan inconveniente que se les pudo presentar a los organizadores, se gozaron las actividades que se pudieron realizar. Esto sin embargo no es excusa para dejar de exigirle a los organizadores eventos de calidad y a la altura de los precios de participaci\u00f3n. Este espacio est\u00e1 creado no solo para informar o relatar el acontecer nacional de nuestros eventos de motos, es tambi\u00e9n un espacio para la discusi\u00f3n y la libre expresi\u00f3n de los moteros que deseen ayudar a construir mejores eventos para todos; por eso los invito a que de manera respetuosa hagan sus comentarios constructivos y a los organizadores de los diferentes eventos a nivel nacional para que lean estos comentarios con la mente abierta a nuevas propuestas porque sin duda alguna todos los eventos en Colombia se han venido a menos en los \u00faltimos a\u00f1os.<\/p>\n<p style=\"text-align: center;\"><a href=\"http:\/\/www.zonabiker.com\/coppermine\/displayimage.php?album=77&amp;pid=24681#top_display_media\" target=\"_blank\" rel=\"attachment wp-att-2990 noopener\"><img loading=\"lazy\" decoding=\"async\" class=\"alignnone wp-image-2990\" title=\"William Bolivar y Natacha Lara - H-D Medell\u00edn\" src=\"http:\/\/zonabiker.com\/wp-content\/uploads\/2016\/05\/H-D_Medellin_2016_309.jpg\" alt=\"William Bolivar y Natacha Lara - H-D Medell\u00edn\" width=\"338\" height=\"450\" \/><\/a><\/p>\n<p style=\"text-align: justify;\">Para despedirme, como es mi costumbre, quiero agradecer a algunas personas que hicieron posible que este evento\u00a0fuera\u00a0una experiencia agradable para este servidor y los dem\u00e1s asistentes; por supuesto debo comenzar por agradecer al se\u00f1or William Bol\u00edvar (General Manager\/Owner Harley-Davidson Medell\u00edn) y la se\u00f1ora Natacha Lara (Gerente Administrativa de Harley-Davidson Medell\u00edn) por todo su esfuerzo y dedicaci\u00f3n para traer a Colombia todo lo mejor de Harley-Davidson<sup>\u00ae <\/sup>no solo como empresa sino con estos eventos que procuran integrar a la comunidad Harlista del pa\u00eds con principios de Hermandad, Lealtad y Libertad, conozco de primera mano el deseo incansable de esta pareja por ofrecer el mejor servicio posible a todos los amantes de la Motor Company.<\/p>\n<p style=\"text-align: justify;\"><a href=\"http:\/\/www.zonabiker.com\/coppermine\/displayimage.php?album=77&amp;pid=24791#top_display_media\" target=\"_blank\" rel=\"attachment wp-att-2992 noopener\"><img loading=\"lazy\" decoding=\"async\" class=\"alignleft wp-image-2992\" title=\"Elizabeth Montoya del Team Harley-Davidson Medell\u00edn\" src=\"http:\/\/zonabiker.com\/wp-content\/uploads\/2016\/05\/H-D_Medellin_2016_466.jpg\" alt=\"Elizabeth Montoya del Team Harley-Davidson Medell\u00edn\" width=\"113\" height=\"150\" \/><\/a>Un agradecimiento muy especial a Elizabeth Montoya y todo el Team Harley-Davidson Medell\u00edn por el enorme esfuerzo para procurar ofrecer no solo un kit de muy buena calidad y con variedad de elementos sino actividades diferentes\u00a0que brindaran a los asistentes un entretenimiento divertido y ameno; por supuesto somos conscientes de que no se puede tener control sobre el clima y tambi\u00e9n reconocemos el enorme trabajo que existe detr\u00e1s de la organizaci\u00f3n de un evento de esta magnitud; estoy seguro de que a\u00f1o tras a\u00f1o procuran trabajar m\u00e1s y m\u00e1s duro para ofrecer el mejor evento del calendario nacional.<\/p>\n<p style=\"text-align: justify;\">Por supuesto quiero agradecer a todas y cada una de las personas que durante estos 3 d\u00edas me brindaron un saludo, su amistad y su tiempo para compartir experiencias y opiniones sobre diversos temas, entre esos el tema de los eventos moteros (Jorge Ortiz y su esposa, Mery Molina y su esposo Oscar Serrano, Iv\u00e1n Montoya, Sara Lop\u00e9z, Javier Garc\u00eda, Natalia Mu\u00f1oz, el padre Juan Pablo Mart\u00ednez \u201cEl Tocayo\u201d, Eddy Bikers, Humberto Mar\u00edn y su esposa, Claudia Neira y su esposo C\u00e9sar, Java Neira y su esposa, Juli\u00e1n P\u00e1ez, Jorge y Cesar Shiller, Alirio Mantilla, Carlos Uribe y Jhoa D\u00edaz) es imposible nombrarlos a todos aqu\u00ed, pero tengan por seguro que su amistad es valorada y apreciada.<\/p>\n<p style=\"text-align: justify;\">Un abrazo para todos y buenas rutas; me despido con esta frase que espero pongan en pr\u00e1ctica:<\/p>\n<blockquote>\n<p style=\"text-align: justify;\">\u201cMenos Facebook y m\u00e1s Gas\u201d<\/p>\n<\/blockquote>\n<h2 style=\"text-align: center;\"><a href=\"http:\/\/www.zonabiker.com\/coppermine\/thumbnails.php?album=77&amp;page=1\" target=\"_blank\" rel=\"noopener\">Visita el \u00e1lbum de fotos del\u00a03 Rally Internacional<\/a><\/h2>\n<h2 style=\"text-align: center;\"><a href=\"http:\/\/www.zonabiker.com\/coppermine\/thumbnails.php?album=77&amp;page=1\" target=\"_blank\" rel=\"noopener\">Harley-Davidson Medell\u00edn<\/a><\/h2>\n","protected":false},"excerpt":{"rendered":"<p>Cr\u00f3nica del 3 Rally Internacional Harley-Davidson Medell\u00edn Una fiesta para la familia Harlista. Por Juan Pablo Mart\u00ednez (Bucaramanga) Viajar a Medell\u00edn siempre ha sido un placer para cualquier persona; es una regi\u00f3n hermosa, adornada por paisajes como salidos de un lienzo, personas gentiles, amables y&#8230;<\/p>\n","protected":false},"author":1,"featured_media":4960,"comment_status":"open","ping_status":"open","sticky":false,"template":"","format":"standard","meta":{"om_disable_all_campaigns":false,"_mi_skip_tracking":false,"footnotes":""},"categories":[13],"tags":[102,112,147,157,177,232],"class_list":["post-2966","post","type-post","status-publish","format-standard","has-post-thumbnail","hentry","category-cronicas","tag-colombia","tag-cronica","tag-harley-davidson","tag-internacional","tag-medellin","tag-rally"],"aioseo_notices":[],"_links":{"self":[{"href":"https:\/\/territoriobiker.com\/index.php\/wp-json\/wp\/v2\/posts\/2966","targetHints":{"allow":["GET"]}}],"collection":[{"href":"https:\/\/territoriobiker.com\/index.php\/wp-json\/wp\/v2\/posts"}],"about":[{"href":"https:\/\/territoriobiker.com\/index.php\/wp-json\/wp\/v2\/types\/post"}],"author":[{"embeddable":true,"href":"https:\/\/territoriobiker.com\/index.php\/wp-json\/wp\/v2\/users\/1"}],"replies":[{"embeddable":true,"href":"https:\/\/territoriobiker.com\/index.php\/wp-json\/wp\/v2\/comments?post=2966"}],"version-history":[{"count":0,"href":"https:\/\/territoriobiker.com\/index.php\/wp-json\/wp\/v2\/posts\/2966\/revisions"}],"wp:featuredmedia":[{"embeddable":true,"href":"https:\/\/territoriobiker.com\/index.php\/wp-json\/"}],"wp:attachment":[{"href":"https:\/\/territoriobiker.com\/index.php\/wp-json\/wp\/v2\/media?parent=2966"}],"wp:term":[{"taxonomy":"category","embeddable":true,"href":"https:\/\/territoriobiker.com\/index.php\/wp-json\/wp\/v2\/categories?post=2966"},{"taxonomy":"post_tag","embeddable":true,"href":"https:\/\/territoriobiker.com\/index.php\/wp-json\/wp\/v2\/tags?post=2966"}],"curies":[{"name":"wp","href":"https:\/\/api.w.org\/{rel}","templated":true}]}}