{"id":2909,"date":"2016-03-26T11:41:54","date_gmt":"2016-03-26T16:41:54","guid":{"rendered":"http:\/\/zonabiker.com\/?p=2909"},"modified":"2016-03-26T11:41:54","modified_gmt":"2016-03-26T16:41:54","slug":"cronica-14-encuentro-nacional-alto-cilindraje-bucaramanga-2016","status":"publish","type":"post","link":"https:\/\/territoriobiker.com\/index.php\/2016\/03\/26\/cronica-14-encuentro-nacional-alto-cilindraje-bucaramanga-2016\/","title":{"rendered":"Cr\u00f3nica 14 Encuentro Nacional Alto Cilindraje Bucaramanga 2016"},"content":{"rendered":"<h1>Cr\u00f3nica del 14 Encuentro Nacional Alto Cilindraje Bucaramanga 2016.<\/h1>\n<blockquote>\n<p style=\"text-align: justify;\">Desde una caravana entre monta\u00f1as, pasando por el concierto del a\u00f1o hasta llegar a la triste despedida de un harlista muy apreciado en Colombia; as\u00ed es la monta\u00f1a rusa de la vida.<\/p>\n<p style=\"text-align: justify;\">Por Juan Pablo Mart\u00ednez (Bucaramanga)<\/p>\n<\/blockquote>\n<p style=\"text-align: justify;\">Esta cr\u00f3nica un poco tard\u00eda <strong>NO<\/strong> est\u00e1 dedicada a Julio Mario Tafur, a quien le hemos rendido un amplio homenaje en nuestras redes sociales; esta cr\u00f3nica est\u00e1 dedicada a sus amigos, a quienes lo conocieron en vida y disfrutaron de su compa\u00f1\u00eda.<\/p>\n<p style=\"text-align: justify;\"><a href=\"http:\/\/zonabiker.com\/2016\/cronica-14-encuentro-nacional-alto-cilindraje-bucaramanga-2016\/reconocimiento-a-zona-biker\/\" target=\"_blank\" rel=\"attachment wp-att-2911 noopener\"><img loading=\"lazy\" decoding=\"async\" class=\"alignleft wp-image-2911\" title=\"Reconocimiento a Zona Biker por sus 10 a\u00f1os\" src=\"http:\/\/zonabiker.com\/wp-content\/uploads\/2016\/03\/Reconocimiento-a-Zona-Biker.jpg\" alt=\"Reconocimiento a Zona Biker por sus 10 a\u00f1os\" width=\"150\" height=\"194\" \/><\/a>VIERNES 18 de marzo<\/p>\n<p style=\"text-align: justify;\">Las motos fueron llegando de poco a poco, como sucede en todos los encuentros nacionales en Colombia; diseminados a lo largo de la c\u00e1lida tarde, los asistentes llenaron el pabell\u00f3n central del centro de ferias y exposiciones CENFER en medio de exhibiciones de las m\u00e1s reconocidas marcas de motocicletas del pa\u00eds; Suzuki, Yamaha, Ducati, AKT y por supuesto Harley-Davidson Medell\u00edn; quienes mostraron sus mejores productos para el segmento de alto cilindraje. Con la noche lleg\u00f3 la apertura y el rugir de los motores dio inicio a un fin de semana muy bien orquestado por sus organizadores, el grupo Camacho, en cabeza del se\u00f1or Higinio Camacho y su hijo C\u00e9sar Dar\u00edo Camacho, con la direcci\u00f3n de Alexander C\u00e1rdenas \u201cEl Veneco\u201d; crearon una propuesta solo equiparable con muy pocos eventos a nivel nacional. En el acto protocolario de lanzamiento se entregaron reconocimientos a importantes personalidades como a los se\u00f1ores comandantes de la Polic\u00eda Nacional por su apoyo y colaboraci\u00f3n a este evento, al se\u00f1or Orlando Prieto \u201cPata Brava\u201d por sus 45 a\u00f1os de trabajo al mando del Club Harlista Fariseos, al se\u00f1or Humberto Cuevas Presidente de LAMA Bucaramanga por su segundo aniversario y todos sus aportes a la Liga Santandereana de Motociclismo y a este servidor como director y creador de www.zonabiker.com por intentar unir a la comunidad biker de habla hispana. La caravana dio partida y con un peque\u00f1o recorrido por las principales v\u00edas de la ciudad tuvo como destino la discoteca Chabela, una de las m\u00e1s exclusivas de la ciudad, donde a ritmo de mariachis y con la presentaci\u00f3n de las Chicas Biker 2016 se conjur\u00f3 la primera noche del evento que para muchos dur\u00f3 hasta altas horas de la madrugada.<\/p>\n<p style=\"text-align: center;\"><a href=\"http:\/\/www.zonabiker.com\/coppermine\/displayimage.php?album=76&amp;pid=23715#top_display_media\" target=\"_blank\" rel=\"attachment wp-att-2912 noopener\"><img loading=\"lazy\" decoding=\"async\" class=\"alignnone wp-image-2912\" title=\"14 Encuentro Nacional Alto Cilindraje Bucaramanga 2016\" src=\"http:\/\/zonabiker.com\/wp-content\/uploads\/2016\/03\/bucaramanga_2016_021.jpg\" alt=\"14 Encuentro Nacional Alto Cilindraje Bucaramanga 2016\" width=\"200\" height=\"150\" \/><\/a>\u00a0<a href=\"http:\/\/www.zonabiker.com\/coppermine\/displayimage.php?album=76&amp;pid=23743#top_display_media\" target=\"_blank\" rel=\"attachment wp-att-2913 noopener\"><img loading=\"lazy\" decoding=\"async\" class=\"alignnone wp-image-2913\" title=\"Caravana noche del viernes 18 de marzo de 2016\" src=\"http:\/\/zonabiker.com\/wp-content\/uploads\/2016\/03\/bucaramanga_2016_049.jpg\" alt=\"Caravana noche del viernes 18 de marzo de 2016\" width=\"200\" height=\"150\" \/><\/a>\u00a0<a href=\"http:\/\/www.zonabiker.com\/coppermine\/displayimage.php?album=76&amp;pid=23781#top_display_media\" target=\"_blank\" rel=\"attachment wp-att-2914 noopener\"><img loading=\"lazy\" decoding=\"async\" class=\"alignnone wp-image-2914\" title=\"Presentaci\u00f3n Chicas Biker 2016 en Chabela\" src=\"http:\/\/zonabiker.com\/wp-content\/uploads\/2016\/03\/bucaramanga_2016_087.jpg\" alt=\"Presentaci\u00f3n Chicas Biker 2016 en Chabela\" width=\"200\" height=\"150\" \/><\/a><\/p>\n<p style=\"text-align: justify;\">S\u00c1BADO 19 de marzo<\/p>\n<p style=\"text-align: justify;\"><a href=\"http:\/\/www.zonabiker.com\/coppermine\/displayimage.php?album=76&amp;pid=23807#top_display_media\" target=\"_blank\" rel=\"attachment wp-att-2916 noopener\"><img loading=\"lazy\" decoding=\"async\" class=\"alignleft wp-image-2916\" title=\"Punto de encuentro CENFER - Centro de Ferias y Exposiciones de Bucaramanga\" src=\"http:\/\/zonabiker.com\/wp-content\/uploads\/2016\/03\/bucaramanga_2016_113.jpg\" alt=\"Punto de encuentro CENFER - Centro de Ferias y Exposiciones de Bucaramanga\" width=\"267\" height=\"200\" \/><\/a>La ma\u00f1ana del s\u00e1bado tuvo un poco m\u00e1s de asistencia, muchos de los participantes arribaron al punto de encuentro con las primeras horas y para medio d\u00eda ya se ve\u00eda un importante n\u00famero de inscritos reunidos en CENFER. Un par de cervezas en compa\u00f1\u00eda de Mauricio Reyes, presidente de LAMA Bogot\u00e1, muy necesarias para refrescar el sofocante calor que sacud\u00eda a la ciudad bonita; una alegre y amena conversaci\u00f3n y algunas fotos con los presentes, hicieron de esta ma\u00f1ana una verdadera integraci\u00f3n. Sigo considerando CENFER como uno de los mejores puntos de encuentro a nivel nacional; este es un espacio amplio donde uno puede aparcar su motocicleta sin preocupaci\u00f3n, a la sombra, resguardado de la lluvia o el sol, con restaurantes variados, ba\u00f1os limpios y suficientes, tarima, m\u00fasica, animaci\u00f3n, Dj, exposici\u00f3n y muestra comercial, sillas, mesas y todas las comodidades que uno deber\u00eda esperar despu\u00e9s de inscribirse a un evento; despu\u00e9s de todos estos a\u00f1os asistiendo a eventos sigo sin entender muy bien porque los moteros (para usar un t\u00e9rmino general) pagan una inscripci\u00f3n para sentarse en una banca de un parque o en la acera de un and\u00e9n, en donde para ir al ba\u00f1o tienen que pedir prestado el servicio en alg\u00fan restaurante ubicado alrededor de la plaza principal del pueblo; en este encuentro, por el mismo valor se les ofrece un punto de encuentro exclusivo, con todos los servicios y comodidades solo para disfrutar de un verdadero espect\u00e1culo; es curioso, ser\u00e1 acaso que no se dan cuenta que estacionar alrededor del parque principal de un pueblo es gratis, que por la banca del parque o la acera del and\u00e9n no es necesario pagar o que el ba\u00f1o del restaurante se lo prestan tenga o no manilla? En Colombia se paga con gusto por un almuerzo fr\u00edo sentado en la banca de un parque o en la grader\u00eda de un coliseo pero se reh\u00fasan a pagar la inscripci\u00f3n a un evento que lo ofrece todo con puntualidad, calidad y buen servicio.<\/p>\n<p style=\"text-align: center;\"><a href=\"http:\/\/www.zonabiker.com\/coppermine\/displayimage.php?album=76&amp;pid=23796#top_display_media\" target=\"_blank\" rel=\"attachment wp-att-2919 noopener\"><img loading=\"lazy\" decoding=\"async\" class=\"alignnone wp-image-2919\" title=\"Personajes ilustres que nos acompa\u00f1aron este a\u00f1o\" src=\"http:\/\/zonabiker.com\/wp-content\/uploads\/2016\/03\/bucaramanga_2016_102.jpg\" alt=\"Personajes ilustres que nos acompa\u00f1aron este a\u00f1o\" width=\"200\" height=\"150\" \/><\/a>\u00a0<a href=\"http:\/\/www.zonabiker.com\/coppermine\/displayimage.php?album=76&amp;pid=23803#top_display_media\" target=\"_blank\" rel=\"attachment wp-att-2920 noopener\"><img loading=\"lazy\" decoding=\"async\" class=\"alignnone wp-image-2920\" title=\"La top model Stefanny Rinc\u00f3n tambi\u00e9n estuvo presente\" src=\"http:\/\/zonabiker.com\/wp-content\/uploads\/2016\/03\/bucaramanga_2016_109.jpg\" alt=\"La top model Stefanny Rinc\u00f3n tambi\u00e9n estuvo presente\" width=\"200\" height=\"150\" \/><\/a>\u00a0<a href=\"http:\/\/www.zonabiker.com\/coppermine\/displayimage.php?album=76&amp;pid=23810#top_display_media\" target=\"_blank\" rel=\"attachment wp-att-2921 noopener\"><img loading=\"lazy\" decoding=\"async\" class=\"alignnone wp-image-2921\" title=\"Club Renegados Bucaramanga\" src=\"http:\/\/zonabiker.com\/wp-content\/uploads\/2016\/03\/bucaramanga_2016_116.jpg\" alt=\"Club Renegados Bucaramanga\" width=\"200\" height=\"150\" \/><\/a><\/p>\n<p style=\"text-align: justify;\"><a href=\"http:\/\/www.zonabiker.com\/coppermine\/displayimage.php?album=76&amp;pid=23821#top_display_media\" target=\"_blank\" rel=\"attachment wp-att-2918 noopener\"><img loading=\"lazy\" decoding=\"async\" class=\"alignright wp-image-2918\" title=\"Caravana del d\u00eda s\u00e1bado 19 de marzo de 2016\" src=\"http:\/\/zonabiker.com\/wp-content\/uploads\/2016\/03\/bucaramanga_2016_127.jpg\" alt=\"Caravana del d\u00eda s\u00e1bado 19 de marzo de 2016\" width=\"250\" height=\"141\" \/><\/a>La caravana por el \u00e1rea metropolitana parti\u00f3\u00a0hacia el mediod\u00eda para arribar finalmente a las instalaciones de la Quinta Brigada del Ej\u00e9rcito Nacional; all\u00ed una exhibici\u00f3n de armamento y material militar nos esperaba mientras en la tarima dispuesta se escuchaban las notas del vallenato interpretado por un grupo de militares que a buen ritmo le dieron la bienvenida a los asistentes. El almuerzo se sirvi\u00f3 r\u00e1pidamente y en cantidad abundante y suficiente para llenar a un Vikingo; carne, pollo y cabro fueron el plato principal que fue reposado mientras los K3 nos ofrecieron un digno espect\u00e1culo de stunt a cargo de \u201cPiol\u00edn\u201d que tiene su escuela de Stunt en la ciudad de Bogot\u00e1. La caravana de retorno llev\u00f3 a los asistentes nuevamente a CENFER en donde se llev\u00f3 a cabo la carrera de lentos, la tradicional competencia que se celebra cada a\u00f1o durante este evento y que tiene gran acogida entre los asistentes; tambi\u00e9n se realiz\u00f3 la elecci\u00f3n de la motocicleta mejor equipada y la mejor aerograf\u00eda. Terminadas las competencias y concursos se escucharon en tarima las notas musicales del cumplea\u00f1os feliz, llegaba la hora de celebrar el segundo aniversario de LAMA Bucaramanga, un cap\u00edtulo en formaci\u00f3n que ha llevado los colores insignia de esta asociaci\u00f3n internacional representando no solamente a LAMA sino a Bucaramanga y Colombia en diferentes pa\u00edses como Ecuador, Per\u00fa, Panam\u00e1, Costa Rica y los Estados Unidos en diferentes oportunidades y quienes cuentan entre sus filas a la se\u00f1ora Claudia R\u00edos, una santandereana decidida que hace un a\u00f1o tom\u00f3 la determinaci\u00f3n de hacer su sue\u00f1o realidad y quien emprendi\u00f3 el viaje de su vida completamente sola, saliendo desde Bucaramanga hasta los Estados Unidos, pa\u00eds al que ya le dio la vuelta completa y que ahora viaja de regreso para disfrutar del pr\u00f3ximo Rally Internacional de LAMA a realizarse en las ciudades de Santa Marta y Cartagena el pr\u00f3ximo mes de abril y que contar\u00e1 con representantes de alrededor de 26 pa\u00edses donde hace presencia esta asociaci\u00f3n internacional que ha tomado mucha fuerza en Colombia. Se encendieron las velas y se reparti\u00f3 la torta, se celebr\u00f3 con todos los asistentes, a quienes se les compartieron las atenciones que LAMA ten\u00eda preparadas para su noche y con esta celebraci\u00f3n se dio apertura al Gran Metroconcierto Retro Motero.<\/p>\n<p style=\"text-align: center;\"><a href=\"http:\/\/www.zonabiker.com\/coppermine\/displayimage.php?album=76&amp;pid=23896#top_display_media\" target=\"_blank\" rel=\"attachment wp-att-2922 noopener\"><img loading=\"lazy\" decoding=\"async\" class=\"alignnone wp-image-2922\" title=\"Piol\u00edn de K3chimbas en la caravana del d\u00eda s\u00e1bado\" src=\"http:\/\/zonabiker.com\/wp-content\/uploads\/2016\/03\/bucaramanga_2016_203.jpg\" alt=\"Piol\u00edn de K3chimbas en la caravana del d\u00eda s\u00e1bado\" width=\"600\" height=\"450\" \/><\/a><\/p>\n<p style=\"text-align: justify;\">La apertura de la fiesta principal del evento estuvo a cargo de La Mamba Acid Folk, grupo venido desde la ciudad de Bogot\u00e1 y quienes con su interpretaci\u00f3n comenzaron a prender la rumba de la noche. El segundo en tarima fue Studio 54, los rompe tarimas que con su m\u00fasica hicieron que todo el mundo se levantara a disfrutar de los premios a los m\u00e1s rumberos. Lleg\u00f3 el turno para Mr Renzo y Neniita que fueron la pausa amable de la fiesta. Lleg\u00f3 lo m\u00e1s esperado de la noche, la presentaci\u00f3n de Macro Efectus, el Dj Pedro Neira que cabe aclarar tambi\u00e9n es motero y que vino al evento a bordo de su Harley-Davidson procedente de la vecina ciudad de C\u00facuta; con el rey de las mezclas la rumba fue total y al final, mientras \u00c1lvaro Daza preparaba su presentaci\u00f3n llego la hora de romper la pi\u00f1ata, si se\u00f1ores, como toda fiesta de cumplea\u00f1os lo amerita y como los protocolos de celebraci\u00f3n lo dictan, el p\u00fablico asistente rompi\u00f3 la pi\u00f1ata de los 10 a\u00f1os de www.zonabiker.com repleta de premios y sorpresas que todos disfrutaron. \u00c1lvaro Daza cerr\u00f3 el concierto, muchos lograron llegar al final de esta magn\u00edfica fiesta que seguro ser\u00e1 recordada por sus asistentes.<\/p>\n<p style=\"text-align: center;\"><a href=\"http:\/\/www.zonabiker.com\/coppermine\/displayimage.php?album=76&amp;pid=24069#top_display_media\" target=\"_blank\" rel=\"attachment wp-att-2924 noopener\"><img loading=\"lazy\" decoding=\"async\" class=\"alignnone wp-image-2924\" title=\"La Mamba Acid Folk en Bucaramanga\" src=\"http:\/\/zonabiker.com\/wp-content\/uploads\/2016\/03\/bucaramanga_2016_375.jpg\" alt=\"La Mamba Acid Folk en Bucaramanga\" width=\"200\" height=\"150\" \/><\/a>\u00a0<a href=\"http:\/\/www.zonabiker.com\/coppermine\/displayimage.php?album=76&amp;pid=24143#top_display_media\" target=\"_blank\" rel=\"attachment wp-att-2925 noopener\"><img loading=\"lazy\" decoding=\"async\" class=\"alignnone wp-image-2925\" title=\"Studio 54 en el 14 Encuentro Nacional Alto Cilindraje Bucaramanga 2016\" src=\"http:\/\/zonabiker.com\/wp-content\/uploads\/2016\/03\/bucaramanga_2016_449.jpg\" alt=\"Studio 54 en el 14 Encuentro Nacional Alto Cilindraje Bucaramanga 2016\" width=\"200\" height=\"150\" \/><\/a>\u00a0<a href=\"http:\/\/www.zonabiker.com\/coppermine\/displayimage.php?album=76&amp;pid=24199#top_display_media\" target=\"_blank\" rel=\"attachment wp-att-2926 noopener\"><img loading=\"lazy\" decoding=\"async\" class=\"alignnone wp-image-2926\" title=\"Macro Efectus - Dj Pedro Neira\" src=\"http:\/\/zonabiker.com\/wp-content\/uploads\/2016\/03\/bucaramanga_2016_506.jpg\" alt=\"Macro Efectus - Dj Pedro Neira\" width=\"200\" height=\"150\" \/><\/a><\/p>\n<p style=\"text-align: justify;\">DOMINGO 20 de marzo<\/p>\n<p style=\"text-align: justify;\"><a href=\"http:\/\/www.zonabiker.com\/coppermine\/displayimage.php?album=76&amp;pid=24277#top_display_media\" target=\"_blank\" rel=\"attachment wp-att-2927 noopener\"><img loading=\"lazy\" decoding=\"async\" class=\"alignleft wp-image-2927\" title=\"Caravana rumbo a PANACHI el d\u00eda domingo\" src=\"http:\/\/zonabiker.com\/wp-content\/uploads\/2016\/03\/bucaramanga_2016_583.jpg\" alt=\"Caravana rumbo a PANACHI el d\u00eda domingo\" width=\"249\" height=\"140\" \/><\/a>La fiesta de la noche anterior dur\u00f3 hasta muy tarde, sin embargo los m\u00e1s animados lograron llegar al punto de encuentro en el Parque Turbay desde donde a las once de la ma\u00f1ana en punto arranc\u00f3 la caravana con destino a PANACHI. Algunos se sumaron por el camino, otros prefirieron tomar otros destinos y muchos se quedaron a descansar, lo cierto es que quienes recorrieron el imponente Ca\u00f1\u00f3n del Chicamocha pudieron disfrutar uno de los espect\u00e1culos naturales m\u00e1s impresionantes que tiene Colombia. Fotos, diversi\u00f3n e integraci\u00f3n se vivieron en el Parque Nacional del Chicamocha, buena comida y una actividad para el disfrute del alma. Al regreso y despu\u00e9s de un merecido descanso la discoteca La 33 abri\u00f3 sus puertas, la fiesta de clausura comenz\u00f3 temprano para que los que viajaban al d\u00eda siguiente pudieran disfrutar al menos en parte de esta gran celebraci\u00f3n de clausura; el p\u00fablico bail\u00f3, celebr\u00f3 y eligi\u00f3 a la chica biker 2016 despu\u00e9s de una sensacional presentaci\u00f3n en traje de ba\u00f1o; la noche se nos fue entre abrazos y la promesa de reencontrarnos en el pr\u00f3ximo evento, el 3 Rally Internacional Harley-Davidson Medell\u00edn 2016 a celebrarse los d\u00edas 6, 7 y 8 de mayo en la ciudad de la eterna primavera.<\/p>\n<p style=\"text-align: center;\"><a href=\"http:\/\/zonabiker.com\/2016\/cronica-14-encuentro-nacional-alto-cilindraje-bucaramanga-2016\/bucaramanga_2016_610\/\" target=\"_blank\" rel=\"attachment wp-att-2928 noopener\"><img loading=\"lazy\" decoding=\"async\" class=\"alignnone wp-image-2928\" title=\"LAMA presente en el grandioso ca\u00f1\u00f3n del Chicamocha\" src=\"http:\/\/zonabiker.com\/wp-content\/uploads\/2016\/03\/bucaramanga_2016_610.jpg\" alt=\"LAMA presente en el grandioso ca\u00f1\u00f3n del Chicamocha\" width=\"600\" height=\"338\" \/><\/a><\/p>\n<p style=\"text-align: justify;\"><a href=\"http:\/\/zonabiker.com\/2016\/cronica-14-encuentro-nacional-alto-cilindraje-bucaramanga-2016\/12400665_1143675305650707_6940758265353080133_n\/\" target=\"_blank\" rel=\"attachment wp-att-2929 noopener\"><img loading=\"lazy\" decoding=\"async\" class=\"alignleft wp-image-2929\" title=\"Julio Mario Tafur - QEPD\" src=\"http:\/\/zonabiker.com\/wp-content\/uploads\/2016\/03\/12400665_1143675305650707_6940758265353080133_n.jpg\" alt=\"Julio Mario Tafur - QEPD\" width=\"250\" height=\"187\" \/><\/a>Esta historia no llega a su fin; el d\u00eda lunes, mientras muchos viajaban de regreso a sus ciudades de origen y mientras otros descansaban para continuar con su viaje de semana santa; nos lleg\u00f3 por medio de las redes sociales y el Whatsapp la triste noticia del fallecimiento de un personaje muy reconocido y apreciado por todos en Colombia, se trata de nuestro amigo y compa\u00f1ero Julio Mario Tafur quien muri\u00f3 en la ciudad de Cartagena por una afecci\u00f3n cardio-respiratoria que lo ven\u00eda aquejando desde hace un tiempo y que al final lo llev\u00f3 a su temprana partida. Al principio de esta cr\u00f3nica escrib\u00eda que NO la dedicaba a Julio Mario Tafur a quien ya hemos honrado ampliamente en nuestras redes sociales, sino que la dedicaba a sus amigos, a quienes lo conocieron y disfrutaron de su compa\u00f1\u00eda. Julio Mario Tafur ten\u00eda muchos a\u00f1os rodando por Colombia, hace unos pocos a\u00f1os decidi\u00f3 imprimirle un estilo muy particular a su imagen y esto lo llev\u00f3 a ser reconocido por muchas m\u00e1s personas que seguramente no se hab\u00edan fijado en su presencia antes, lo cierto es que fue un amante de las motos, adoraba rodar y participar; patrocin\u00f3 muchos encuentros, eventos y obras sociales, siempre se inscribi\u00f3 a todos los encuentros a los que asist\u00eda y mientras el tiempo se lo permitiera estaba all\u00ed apoyando a los organizadores sin criticar un plato de comida, una camiseta o una actividad, simplemente se hac\u00eda el buen ambiente a donde asist\u00eda, siempre de manera noble como \u00e9l mismo lo dec\u00eda y es por esta raz\u00f3n que hoy dedico esta cr\u00f3nica a sus amigos, para que no dejemos en el olvido la gran ense\u00f1anza que nos dej\u00f3 este querido personaje apreciado por todos y cito sus palabras \u201cser motero es un estilo de vida en el que todos nos conocemos, nos abrazamos, as\u00ed seamos loquitos, pero todos somos v\u00e1canos, todos somos ch\u00e9veres, todos los motociclistas son locos y nobles\u201d Entendamos la nobleza como la generosidad, honradez y total ausencia de maldad en una persona, en su comportamiento, su actitud o sus acciones y ayudemos a construir una mejor cultura motera para Colombia; exigir de los organizadores de encuentros una mejor calidad en los eventos que organizan no es ir en contra de la nobleza de la que Tafur hablaba, es procurar una mejor cultura motera, si un organizador procura buscar un buen punto de encuentro, procura ofrecer una buena alimentaci\u00f3n, una buena camiseta, un buen espect\u00e1culo, una buena log\u00edstica, un buen montaje, un evento de altura, debemos apoyarlo y respaldarlo para que siga esforz\u00e1ndose para hacer eventos de alta calidad, en Bucaramanga la participaci\u00f3n lastimosamente no estuvo a la altura de la calidad del evento, se ofreci\u00f3 un buen punto de encuentro, un buen concierto y un buen kit de inscripci\u00f3n por $180.000 pesos pareja o $100.000 individual (recordemos que Bucaramanga fue el primer evento en ofrecer una inscripci\u00f3n individual) y el pago a su esfuerzo fue la indiferencia y falta de apoyo de los moteros de Colombia y esa no es la filosof\u00eda de nobleza que nos ense\u00f1aba nuestro gran amigo Tafur. Yo los invito a reflexionar si estamos haciendo lo correcto y si estamos llevando la cultura biker de Colombia por buen camino o si estamos apuntando a destruir y aniquilar dividiendo al gremio y pasando por alto los esfuerzos de quienes llevan 14 a\u00f1os tratando de mantener un encuentro de altura y gran calidad.<\/p>\n<p style=\"text-align: center;\"><a href=\"http:\/\/www.zonabiker.com\/coppermine\/displayimage.php?album=76&amp;pid=24102#top_display_media\" target=\"_blank\" rel=\"attachment wp-att-2931 noopener\"><img loading=\"lazy\" decoding=\"async\" class=\"alignnone wp-image-2931\" title=\"ZONA BIKER cumple 10 a\u00f1os\" src=\"http:\/\/zonabiker.com\/wp-content\/uploads\/2016\/03\/ZONA-BIKER-TEAM-10-A\u00d1OS.png\" alt=\"ZONA BIKER cumple 10 a\u00f1os\" width=\"600\" height=\"498\" \/><\/a><\/p>\n<p style=\"text-align: justify;\"><a href=\"http:\/\/www.zonabiker.com\/coppermine\/displayimage.php?album=76&amp;pid=24095#top_display_media\" target=\"_blank\" rel=\"attachment wp-att-2930 noopener\"><img loading=\"lazy\" decoding=\"async\" class=\"alignleft wp-image-2930\" title=\"10 Aniversario de www.zonabiker.com\" src=\"http:\/\/zonabiker.com\/wp-content\/uploads\/2016\/03\/bucaramanga_2016_401.jpg\" alt=\"10 Aniversario de www.zonabiker.com\" width=\"250\" height=\"333\" \/><\/a>No me queda m\u00e1s que agradecerle a tantas personas que hicieron posible que este d\u00e9cimo aniversario de www.zonabiker.com fuera un total \u00e9xito, hubi\u00e9ramos querido que m\u00e1s personas disfrutaran de nuestra fiesta, pero estuvieron los que son, los m\u00e1s cercanos y quienes nos aprecian en realidad; gracias a Cesar Dar\u00edo Camacho e Higinio Camacho por darnos la oportunidad de celebrar nuestro aniversario en casa, gracias a Alexander C\u00e1rdenas \u201cEl Veneco\u201d por toda su ayuda, colaboraci\u00f3n e ideas para hacer de esta fiesta una celebraci\u00f3n inolvidable, gracias a Elizabeth Montoya de Harley-Davidson Medell\u00edn por su acompa\u00f1amiento, apoyo y colaboraci\u00f3n en todo momento, gracias a William Bolivar \u201cWilly B\u201d de Harley-Davidson Medell\u00edn por su apoyo y respaldo para esta celebraci\u00f3n, gracias a mi esposa Emilia Guti\u00e9rrez por apoyarme en este proyecto y poner todo de su parte para llevarnos a donde estamos, es mucha la paciencia que ha tenido que aportar para respaldar mis locuras, gracias a nuestra Top Model Stefanny Rinc\u00f3n por su apoyo y ser la imagen de nuestra celebraci\u00f3n de 10 a\u00f1os, gracias Mar\u00eda Jos\u00e9 S\u00e1nchez y Carlos Uribe por ser el apoyo en las fotos de caravana, gracias a Mauricio Reyes por su apoyo como juez de los eventos y concursos, gracias a LAMA Bucaramanga por su amistad y a todos y cada uno de ustedes que estuvieron con nosotros en nuestro aniversario, que se la gozaron, se divirtieron y aportaron su nobleza para hacer de esta una fecha inolvidable para todos los que hacemos parte de este proyecto, gracias a Claudia Neira, Cesar Guti\u00e9rrez Matallana, Coronel Luis Alberto Guevara, Andr\u00e9s Moreno \u201cBorrete\u201d de Medell\u00edn, Natalia de Medell\u00edn, Javier Calaveras de Dragon Bikers de Zipaquir\u00e1, Lenin Guti\u00e9rrez de Oca\u00f1a, Jos\u00e9 Vel\u00e1squez del programa de TV Impacto, Augusto Vargas de Bucaramanga, Moto Club La Tora de Barrancabermeja, H.O.G. Medell\u00edn Chapter Colombia, Renegados Bucaramanga, Fariseos Bucaramanga, Ghost Riders Bucaramanga y todos y cada uno de ustedes que no llego nombrar aqu\u00ed pero que saben con seguridad que los llevo en mi coraz\u00f3n y que aprecio su amistad con sinceridad, un abrazo parceros y en la ruta nos encontramos.<\/p>\n<h2 style=\"text-align: center;\"><a href=\"http:\/\/www.zonabiker.com\/coppermine\/thumbnails.php?album=76&amp;page=1\" target=\"_blank\" rel=\"noopener\">Visita el \u00e1lbum de fotos del 14 Encuentro Nacional Alto Cilindraje Bucaramanga 2016<\/a><\/h2>\n","protected":false},"excerpt":{"rendered":"<p>Cr\u00f3nica del 14 Encuentro Nacional Alto Cilindraje Bucaramanga 2016. Desde una caravana entre monta\u00f1as, pasando por el concierto del a\u00f1o hasta llegar a la triste despedida de un harlista muy apreciado en Colombia; as\u00ed es la monta\u00f1a rusa de la vida. Por Juan Pablo Mart\u00ednez&#8230;<\/p>\n","protected":false},"author":1,"featured_media":2911,"comment_status":"open","ping_status":"open","sticky":false,"template":"","format":"standard","meta":{"om_disable_all_campaigns":false,"_mi_skip_tracking":false,"footnotes":""},"categories":[13],"tags":[27,42,56,82,97,102,112,128,198,276],"class_list":["post-2909","post","type-post","status-publish","format-standard","has-post-thumbnail","hentry","category-cronicas","tag-27","tag-42","tag-alto","tag-bucaramanga","tag-cilindraje","tag-colombia","tag-cronica","tag-encuentro","tag-nacional","tag-zona-biker"],"aioseo_notices":[],"_links":{"self":[{"href":"https:\/\/territoriobiker.com\/index.php\/wp-json\/wp\/v2\/posts\/2909","targetHints":{"allow":["GET"]}}],"collection":[{"href":"https:\/\/territoriobiker.com\/index.php\/wp-json\/wp\/v2\/posts"}],"about":[{"href":"https:\/\/territoriobiker.com\/index.php\/wp-json\/wp\/v2\/types\/post"}],"author":[{"embeddable":true,"href":"https:\/\/territoriobiker.com\/index.php\/wp-json\/wp\/v2\/users\/1"}],"replies":[{"embeddable":true,"href":"https:\/\/territoriobiker.com\/index.php\/wp-json\/wp\/v2\/comments?post=2909"}],"version-history":[{"count":0,"href":"https:\/\/territoriobiker.com\/index.php\/wp-json\/wp\/v2\/posts\/2909\/revisions"}],"wp:featuredmedia":[{"embeddable":true,"href":"https:\/\/territoriobiker.com\/index.php\/wp-json\/"}],"wp:attachment":[{"href":"https:\/\/territoriobiker.com\/index.php\/wp-json\/wp\/v2\/media?parent=2909"}],"wp:term":[{"taxonomy":"category","embeddable":true,"href":"https:\/\/territoriobiker.com\/index.php\/wp-json\/wp\/v2\/categories?post=2909"},{"taxonomy":"post_tag","embeddable":true,"href":"https:\/\/territoriobiker.com\/index.php\/wp-json\/wp\/v2\/tags?post=2909"}],"curies":[{"name":"wp","href":"https:\/\/api.w.org\/{rel}","templated":true}]}}