{"id":2738,"date":"2016-01-18T11:52:33","date_gmt":"2016-01-18T16:52:33","guid":{"rendered":"http:\/\/zonabiker.com\/?p=2738"},"modified":"2016-01-18T11:52:33","modified_gmt":"2016-01-18T16:52:33","slug":"14-encuentro-nacional-alto-cilindraje-bucaramanga-2016","status":"publish","type":"post","link":"https:\/\/territoriobiker.com\/index.php\/2016\/01\/18\/14-encuentro-nacional-alto-cilindraje-bucaramanga-2016\/","title":{"rendered":"14 Encuentro Nacional Alto Cilindraje Bucaramanga 2016"},"content":{"rendered":"<h2>14 Encuentro Nacional Alto Cilindraje Bucaramanga 2016<\/h2>\n<h1>MARZO 18, 19 y 20 de 2016<\/h1>\n<p style=\"text-align: center;\"><a href=\"http:\/\/zonabiker.com\/2016\/14-encuentro-nacional-alto-cilindraje-bucaramanga-2016\/afiche-14-encuentro-nacional-alto-cilindraje-bucaramanga-2016-3\/\" target=\"_blank\" rel=\"attachment wp-att-2850 noopener\"><img loading=\"lazy\" decoding=\"async\" class=\"alignnone wp-image-2850\" title=\"14 Encuentro Nacional Alto Cilindraje Bucaramanga 2016\" src=\"http:\/\/zonabiker.com\/wp-content\/uploads\/2016\/01\/Afiche-14-Encuentro-Nacional-Alto-Cilindraje-Bucaramanga-2016-2.png\" alt=\"14 Encuentro Nacional Alto Cilindraje Bucaramanga 2016\" width=\"480\" height=\"706\" \/><\/a><br \/>\n14 Encuentro Nacional Alto Cilindraje Bucaramanga 2016<\/p>\n<p style=\"text-align: center;\"><iframe loading=\"lazy\" src=\"https:\/\/www.youtube.com\/embed\/g0XHInfgOZo\" width=\"600\" height=\"338\" frameborder=\"0\" allowfullscreen=\"allowfullscreen\"><\/iframe><\/p>\n<p style=\"text-align: justify;\">Llega el 14th Encuentro Nacional Alto Cilindraje Bucaramanga 2016 a celebrarse en en la ciudad bonita los d\u00edas 18, 19 y 20 de marzo donde todas las motocicletas custom, touring y superbike se encontrar\u00e1n en el mejor punto de encuentro de Colombia, CENFER en donde la rumba, las actividades y las caravanas ser\u00e1n el principal atractivo para los participantes y ciudadanos de la capital de los parques.<\/p>\n<p style=\"text-align: center;\"><iframe loading=\"lazy\" src=\"https:\/\/www.youtube.com\/embed\/R71348JKPRY\" width=\"600\" height=\"338\" frameborder=\"0\" allowfullscreen=\"allowfullscreen\"><\/iframe><\/p>\n<p style=\"text-align: justify;\">Un evento para toda la familia que ofrecer\u00e1 espacios para los m\u00e1s chicos con zonas de entretenimiento para ni\u00f1os con recreacionistas especializados, tarima central con show permanente, rumbas con m\u00fasica en vivo, actividades de integraci\u00f3n, competencias de destreza, caravanas por las principales rutas de la regi\u00f3n con espectaculares paisajes y visita a los principales sitios tur\u00edsticos de la zona, muestra comercial especializada y la celebraci\u00f3n especial de los 10 a\u00f1os de WWW.ZONABIKER.COM que trae muchas sorpresas para sus asistentes; este es un evento que rompera la historia de los encuentros en Colombia y que ser\u00e1 inolvidable para quienes lo vivan.<\/p>\n<h2 style=\"text-align: center;\"><span style=\"color: #ff0000;\">PROGRAMACI\u00d3N<\/span><\/h2>\n<h3 style=\"text-align: center;\">del\u00a014 Encuentro Nacional Alto Cilindraje Bucaramanga 2016<\/h3>\n<table border=\"1\" cellspacing=\"0\" cellpadding=\"0\">\n<tbody>\n<tr>\n<td colspan=\"2\" valign=\"top\" width=\"599\">\n<p align=\"center\"><b>VIERNES 18 de MARZO<\/b><\/p>\n<\/td>\n<\/tr>\n<tr>\n<td width=\"130\">\n<p align=\"center\"><b>2:00 PM \u2013 8:00 PM<\/b><\/p>\n<\/td>\n<td valign=\"top\" width=\"468\">Recepci\u00f3n de las diferentes delegaciones en el punto de encuentro Centro de Eventos y Exposiciones de Bucaramanga CENFER, Kil\u00f3metro 6 v\u00eda Gir\u00f3n &#8211; Bucaramanga. Tarima, Dj, animaci\u00f3n, plazuela de comidas, licores, helados.<\/p>\n<ul>\n<li>Inscripci\u00f3n de participantes.<\/li>\n<li>Entrega de kits. Muestra Comercial.<\/li>\n<\/ul>\n<\/td>\n<\/tr>\n<tr>\n<td>\n<p align=\"center\"><b>7:00 PM<\/b><\/p>\n<\/td>\n<td>\n<p align=\"justify\">SUZUKI MOTORIENTE. Obsequios de Souvenirs y rifas de art\u00edculos originales de la marca. Exposici\u00f3n de las mejores motocicletas Suzuki con su Dist. Autorizado para Colombia y toda la informaci\u00f3n necesaria para que adquieras tu motocicleta Suzuki.<\/p>\n<\/td>\n<\/tr>\n<tr>\n<td>\n<p align=\"center\"><b>8:00 PM &#8211; 8:30 PM<\/b><\/p>\n<\/td>\n<td>Acto Protocolario. Gran inauguraci\u00f3n por parte de las primeras autoridades de la ciudad, Policial y Empresarios Organizadores del Encuentro.<\/p>\n<p>Salida caravana nocturna por las principales v\u00edas de Bucaramanga; acto protocolario de inauguraci\u00f3n del 14\u00b0 Encuentro Nacional de alto Cilindraje\u00a0 Bucaramanga 2016.<\/td>\n<\/tr>\n<tr>\n<td>\n<p align=\"center\"><b>10:00 PM<\/b><\/p>\n<\/td>\n<td>Primera gran fiesta de inauguraci\u00f3n. Presentaci\u00f3n y desfile de las Chicas Biker 2016. Discoteca Chabela (Puerta del Sol). Mariachis en vivo y Parranda Vallenata. Calle 64 N\u00ba 27 &#8211; 59, detr\u00e1s de Hipinto.<\/td>\n<\/tr>\n<\/tbody>\n<\/table>\n<table border=\"1\" cellspacing=\"0\" cellpadding=\"0\">\n<tbody>\n<tr>\n<td colspan=\"2\" valign=\"top\" width=\"599\">\n<p align=\"center\"><b>S\u00c1BADO 19 de MARZO<\/b><\/p>\n<\/td>\n<\/tr>\n<tr>\n<td width=\"130\">\n<p align=\"center\"><b>9:00 AM<\/b><\/p>\n<\/td>\n<td>Recepci\u00f3n de las diferentes delegaciones en el punto de encuentro Centro de Eventos y Exposiciones de Bucaramanga Cenfer, Kil\u00f3metro 6 v\u00eda Gir\u00f3n &#8211; Bucaramanga. Tarima, Dj, animaci\u00f3n, plazuela de comidas, licores, helados, combustible.<\/p>\n<ul>\n<li>Inscripci\u00f3n de participantes.<\/li>\n<li>Entrega de kits. Muestra Comercial.<\/li>\n<\/ul>\n<\/td>\n<\/tr>\n<tr>\n<td width=\"130\">\n<p align=\"center\"><b>10:00 AM &#8211; 10:30 AM<\/b><\/p>\n<\/td>\n<td>Hora HARLEY-DAVIDSON Medell\u00edn. Obsequios de Souvenirs y rifas de art\u00edculos originales de la marca. Exposici\u00f3n de las mejores motocicletas Harley Davidson con su distribuidor Autorizado para Colombia y toda la informaci\u00f3n necesaria para que adquieras tu motocicleta Harley Davidson.<\/p>\n<p>Exhibici\u00f3n y simulacros por parte de los\u00a0 cuerpos especializados de la Polic\u00eda Nacional de Colombia.<\/td>\n<\/tr>\n<tr>\n<td width=\"130\">\n<p align=\"center\"><b>11:00 AM<\/b><\/p>\n<\/td>\n<td>Salida de caravana Metropolitana. Rodada hacia Bucaramanga y sus municipios aleda\u00f1os, donde la poblaci\u00f3n en general disfrutar\u00e1 de las m\u00e1s imponentes motocicletas en un gran desfile que engalanar\u00e1 las calles de nuestra ciudad.<\/td>\n<\/tr>\n<tr>\n<td width=\"130\">\n<p align=\"center\"><b>12:30 PM<\/b><\/p>\n<\/td>\n<td>\n<p style=\"text-align: center;\"><a href=\"http:\/\/zonabiker.com\/2016\/14-encuentro-nacional-alto-cilindraje-bucaramanga-2016\/ejercito-nacional-2\/\" target=\"_blank\" rel=\"attachment wp-att-2885 noopener\"><img loading=\"lazy\" decoding=\"async\" class=\"alignnone wp-image-2885\" title=\"Ej\u00e9rcito Nacional de Colombia\" src=\"http:\/\/zonabiker.com\/wp-content\/uploads\/2016\/01\/Ejercito-Nacional.jpg\" alt=\"Ej\u00e9rcito Nacional de Colombia\" width=\"450\" height=\"200\" \/><\/a><\/p>\n<p>Gran parada militar. Almuerzo (Incluido en la inscripci\u00f3n) Casino de oficiales Quinta Brigada del Ej\u00e9rcito Nacional. Exhibici\u00f3n especial privada de todas las Fuerzas Militares con stands de sus diferentes modalidades.<\/p>\n<p>Muestras de cuerpos de reacci\u00f3n. Instrucci\u00f3n y demostraci\u00f3n del armamento del Ej\u00e9rcito Nacional.<\/p>\n<p>Brigadier General Helder Fern\u00e1n Giraldo Bonilla, Comandante Quinta Brigada.<\/p>\n<p>Coronel Jorge Eduardo Cepeda Jim\u00e9nez, Jefe de Estado Mayor.<\/td>\n<\/tr>\n<tr>\n<td width=\"130\">\n<p align=\"center\"><b>4:00 PM<\/b><\/p>\n<\/td>\n<td>Salida de caravana hacia CENFER.<br \/>\nActividades y juegos de integraci\u00f3n.<br \/>\nConcurso de destreza, pruebas de equilibrio.<br \/>\nConcurso moto Touring m\u00e1s equipada.<br \/>\nConcurso moto Super Bike m\u00e1s arreglada.<br \/>\nConcurso Moto Custom mejor aerograf\u00eda.<br \/>\nConcurso Moto Chopper m\u00e1s antigua.<br \/>\nConcurso Mejor Moto Alto Cilindraje Bucaramanga 2016.<\/td>\n<\/tr>\n<tr>\n<td width=\"130\">\n<p align=\"center\"><b>7:00 PM &#8211; 7:30 PM<br \/>\n<\/b><\/p>\n<\/td>\n<td>Ceremonia de celebraci\u00f3n del 2\u00ba Aniversario de LAMA Bucaramanga; entrega de reconocimientos y acto protocolario.<\/p>\n<p>Torta de bienvenida para todos los participantes.<\/td>\n<\/tr>\n<tr>\n<td width=\"130\">\n<p align=\"center\"><b>8:00 PM<\/b><\/p>\n<\/td>\n<td>\n<p style=\"text-align: left;\"><a href=\"http:\/\/zonabiker.com\/2016\/14-encuentro-nacional-alto-cilindraje-bucaramanga-2016\/logo-10-aniversario\/\" target=\"_blank\" rel=\"attachment wp-att-2874 noopener\"><img loading=\"lazy\" decoding=\"async\" class=\"alignleft wp-image-2874\" title=\"X Aniversario www.zonabiker.com\" src=\"http:\/\/zonabiker.com\/wp-content\/uploads\/2016\/01\/Logo-10-Aniversario.png\" alt=\"X Aniversario www.zonabiker.com\" width=\"150\" height=\"150\" \/><\/a>Celebraci\u00f3n del D\u00e9cimo Aniversario de www.zonabiker.com<\/p>\n<p>GRAN METRO CONCIERTO RETRO MOTERO.<\/p>\n<p>Fiesta para nuestra linda mujer santandereana en su d\u00eda, \u00a0en el \u00a0Centro de Exposiciones y Eventos de Bucaramanga (CENFER). V\u00eda\u00a0 Gir\u00f3n Km 6 Bucaramanga, Santander.<br \/>\n<a href=\"http:\/\/zonabiker.com\/2016\/14-encuentro-nacional-alto-cilindraje-bucaramanga-2016\/studio-54-2\/\" target=\"_blank\" rel=\"attachment wp-att-2896 noopener\"><img loading=\"lazy\" decoding=\"async\" class=\"alignleft wp-image-2896\" title=\"Studio 54 - The Show\" src=\"http:\/\/zonabiker.com\/wp-content\/uploads\/2016\/01\/Studio-54-2.png\" alt=\"Studio 54 - The Show\" width=\"200\" height=\"150\" \/><\/a>*Presentaci\u00f3n de las Chicas Biker 2016.<\/p>\n<p>INVITADOS<\/p>\n<p>*Pedro Neira, Dj Profesional de Macro Efectus.<\/p>\n<p>*Studio 54, Teloneros de Don Omar.<\/p>\n<p>*La Mamba, Crossover de Bogot\u00e1.<\/p>\n<p><a href=\"http:\/\/zonabiker.com\/2016\/14-encuentro-nacional-alto-cilindraje-bucaramanga-2016\/la-mamba-2\/\" target=\"_blank\" rel=\"attachment wp-att-2897 noopener\"><img loading=\"lazy\" decoding=\"async\" class=\"alignleft wp-image-2897\" title=\"La Mamba - Acid Folk\" src=\"http:\/\/zonabiker.com\/wp-content\/uploads\/2016\/01\/La-Mamba-2.png\" alt=\"La Mamba - Acid Folk\" width=\"200\" height=\"150\" \/><\/a>*Alvaro Daza, Orquesta Vallenata.<\/p>\n<p><a href=\"http:\/\/zonabiker.com\/2016\/14-encuentro-nacional-alto-cilindraje-bucaramanga-2016\/alvaro-daza-2\/\" target=\"_blank\" rel=\"attachment wp-att-2898 noopener\"><img loading=\"lazy\" decoding=\"async\" class=\"alignnone wp-image-2898\" title=\"Alvaro Daza, Orquesta Vallenata\" src=\"http:\/\/zonabiker.com\/wp-content\/uploads\/2016\/01\/Alvaro-Daza-2.png\" alt=\"Alvaro Daza, Orquesta Vallenata\" width=\"200\" height=\"150\" \/><\/a><\/p>\n<p style=\"text-align: center;\"><iframe loading=\"lazy\" src=\"https:\/\/www.youtube.com\/embed\/pTPkLblBUgM\" width=\"420\" height=\"315\" frameborder=\"0\" allowfullscreen=\"allowfullscreen\"><\/iframe><\/p>\n<p style=\"text-align: center;\">El gran concierto retro te transportar\u00e1 desde los 80&#8217;s a la actualidad pasando por los mejores g\u00e9neros musicales, show de luces, mezclas de v\u00eddeos en vivo con los mejores efectos especiales.<\/p>\n<p style=\"text-align: center;\">Las motocicletas quedar\u00e1n en CENFER custodiadas para que disfrutes de esta gran rumba y por tu seguridad<\/p>\n<\/td>\n<\/tr>\n<\/tbody>\n<\/table>\n<table border=\"1\" cellspacing=\"0\" cellpadding=\"0\">\n<tbody>\n<tr>\n<td colspan=\"2\" valign=\"top\" width=\"599\">\n<p align=\"center\"><b>DOMINGO 20 de MARZO<\/b><\/p>\n<\/td>\n<\/tr>\n<tr>\n<td width=\"130\">\n<p align=\"center\"><b>9:00 AM<\/b><\/p>\n<\/td>\n<td valign=\"top\" width=\"468\">Recepci\u00f3n de las diferentes delegaciones en el punto de encuentro Carrera 27 con Calle 49, Parque Turbay.<\/p>\n<p>Exhibiremos todas nuestras motocicletas a toda Bucaramanga durante la ciclov\u00eda. Muestras deportivas, Marat\u00f3n de Aer\u00f3bicos, Sonido.<\/td>\n<\/tr>\n<tr>\n<td width=\"130\">\n<p align=\"center\"><b>10:00 AM &#8211; 10:30 AM<\/b><\/p>\n<\/td>\n<td valign=\"top\" width=\"468\">Exhibici\u00f3n y simulacros por parte de los\u00a0 cuerpos especializados de la Polic\u00eda Nacional de Colombia.<\/p>\n<p>Inicio de actividades Motociclisticas, integraci\u00f3n\u00a0 de las delegaciones.<\/p>\n<p>Diversos concursos, desfiles en pasarela de las mejores motos del pa\u00eds, juegos moteros entre las delegaciones asistentes.<\/td>\n<\/tr>\n<tr>\n<td width=\"130\">\n<p align=\"center\"><b>11:00 AM<\/b><\/p>\n<\/td>\n<td valign=\"top\" width=\"468\">Salida gran caravana hacia el Parque Nacional del Chicamocha PANACHI.<\/p>\n<p>Entrada al parque incluida en la inscripci\u00f3n.<\/td>\n<\/tr>\n<tr>\n<td width=\"130\">\n<p align=\"center\"><b>12:30 PM<\/b><\/p>\n<\/td>\n<td valign=\"top\" width=\"468\">Entrada al Parque Nacional del Chicamocha (Incluido en la inscripci\u00f3n). Refrigerio incluido en la inscripci\u00f3n.<\/p>\n<p style=\"text-align: center;\"><a href=\"http:\/\/zonabiker.com\/?attachment_id=2901\" target=\"_blank\" rel=\"attachment wp-att-2901 noopener\"><img loading=\"lazy\" decoding=\"async\" class=\"alignnone wp-image-2901\" title=\"Parque Nacional del Chicamocha &quot;PANACHI&quot;\" src=\"http:\/\/zonabiker.com\/wp-content\/uploads\/2012\/07\/Acuaparque-3-1024x682.jpg\" alt=\"Parque Nacional del Chicamocha &quot;PANACHI&quot;\" width=\"450\" height=\"300\" \/><\/a><\/p>\n<\/td>\n<\/tr>\n<tr>\n<td width=\"130\">\n<p align=\"center\"><b>4:00 PM<br \/>\n<\/b><\/p>\n<\/td>\n<td valign=\"top\" width=\"468\">Caravana de retorno hacia Bucaramanga en pleno atardecer sobre el imponente Ca\u00f1\u00f3n del Chicamocha.<\/td>\n<\/tr>\n<tr>\n<td width=\"130\">\n<p align=\"center\"><b>5:00 PM<br \/>\n<\/b><\/p>\n<\/td>\n<td valign=\"top\" width=\"468\">Reagrupaci\u00f3n de la caravana en el parador Ventura, Km 5 v\u00eda Piedecuesta &#8211; Floridablanca, Plaza de comidas y Market.<\/td>\n<\/tr>\n<tr>\n<td width=\"130\">\n<p align=\"center\"><b>7:00 PM<\/b><\/p>\n<\/td>\n<td valign=\"top\" width=\"468\">Rumba de clausura\u00a014\u00b0 Encuentro Nacional de Alto Cilindraje\u00a0 Bucaramanga 2016. Discoteca LA 33 (Carrera 33 N 44 &#8211; 27).<\/p>\n<p>Desfile en vestido de ba\u00f1o y coronaci\u00f3n\u00a0de la Chica Biker Bucaramanga 2016. La mejor rumba crossover de la ciudad.<\/td>\n<\/tr>\n<\/tbody>\n<\/table>\n<p style=\"text-align: justify;\">Esta programaci\u00f3n est\u00e1 sujeta a cambios de \u00faltimo momento.<\/p>\n<p style=\"text-align: center;\"><a href=\"http:\/\/zonabiker.com\/2016\/14-encuentro-nacional-alto-cilindraje-bucaramanga-2016\/programacion-cara-1-2\/\" target=\"_blank\" rel=\"attachment wp-att-2892 noopener\"><img loading=\"lazy\" decoding=\"async\" class=\"alignnone wp-image-2892\" title=\"Programaci\u00f3n 14 Encuentro Nacional Alto Cilindraje Bucaramanga 2016\" src=\"http:\/\/zonabiker.com\/wp-content\/uploads\/2016\/01\/programacion-cara-1.jpg\" alt=\"Programaci\u00f3n 14 Encuentro Nacional Alto Cilindraje Bucaramanga 2016\" width=\"630\" height=\"497\" \/><\/a><\/p>\n<p style=\"text-align: center;\"><a href=\"http:\/\/zonabiker.com\/2016\/14-encuentro-nacional-alto-cilindraje-bucaramanga-2016\/programacion-cara-2-2\/\" target=\"_blank\" rel=\"attachment wp-att-2893 noopener\"><img loading=\"lazy\" decoding=\"async\" class=\"alignnone wp-image-2893\" title=\"Programaci\u00f3n 14 Encuentro Nacional Alto Cilindraje Bucaramanga 2016\" src=\"http:\/\/zonabiker.com\/wp-content\/uploads\/2016\/01\/programacion-cara-2.jpg\" alt=\"Programaci\u00f3n 14 Encuentro Nacional Alto Cilindraje Bucaramanga 2016 (2)\" width=\"630\" height=\"497\" \/><\/a><\/p>\n<h2 style=\"text-align: justify;\"><span style=\"color: #ff0000;\">INSCRIPCIONES:\u00a0<\/span><\/h2>\n<p style=\"text-align: justify;\"><strong>La inscripci\u00f3n incluye:<\/strong>\u00a0Camiseta oficial del encuentro, almuerzo el d\u00eda s\u00e1bado en el Casino de Oficiales de la Quinta Brigada del Ej\u00e9rcito Nacional de Colombia, entrada al Gran Megaconcierto \u00a0Retro Motero el d\u00eda s\u00e1bado en CENFER con artistas de talla internacional, entrada a PANACHI (Parque Nacional del Chicamocha) el\u00a0d\u00eda domingo, entrada a las dos\u00a0fiestas privadas en las mejores discotecas de la ciudad (Chavela y La 33), manilla oficial del evento para el inscrito y su motocicleta, sorpresas y premios para los participantes de las actividades de integraci\u00f3n.<\/p>\n<p><span style=\"color: #ff0000;\"><strong>VALOR DE LA INSCRIPCI\u00d3N AL 14 Encuentro Nacional Alto Cilindraje Bucaramanga 2016:<\/strong><\/span><\/p>\n<p><strong>$100.000 Una Persona.<\/strong><\/p>\n<p><strong>$180.000 Pareja.<\/strong><\/p>\n<p style=\"text-align: justify;\">Todos los asistentes al encuentro podr\u00e1n realizar las inscripciones a partir del 22 de febrero\u00a0de 2016 en la\u00a0<strong>cuenta corriente<\/strong>\u00a0<strong>N\u00ba\u00a028804333811<\/strong>\u00a0de\u00a0<strong>BANCOLOMBIA<\/strong>\u00a0a nombre de\u00a0<strong>Cesar Dar\u00edo\u00a0Camacho<\/strong>.\u00a0Toda consignaci\u00f3n tiene un valor de $10.000 pesos\u00a0el cual debe ser asumido por quien realiza la consignaci\u00f3n; ejemplo: si un club decide inscribirse por este medio, realizar\u00edan una consignaci\u00f3n por el total de miembros inscritos al evento m\u00e1s $10.000 del valor de la consignaci\u00f3n.<\/p>\n<p style=\"text-align: justify;\"><strong>MUY IMPORTANTE:<\/strong>\u00a0Presentar su comprobante de consignaci\u00f3n o transferencia bancaria en el punto de encuentro al momento\u00a0de reclamar su kit de inscripci\u00f3n y una vez realizada la transacci\u00f3n bancaria no olvide enviar sus datos por correo electr\u00f3nico a la direcci\u00f3n <strong>acardenas230@hotmail.com<\/strong>\u00a0con la siguiente informaci\u00f3n:<\/p>\n<p style=\"text-align: justify;\">Conductor \u2013 Nombres y apellidos:<\/p>\n<p style=\"text-align: justify;\">Documento de Identidad:<\/p>\n<p style=\"text-align: justify;\">Pasajero \u2013 Nombres y apellidos:<\/p>\n<p style=\"text-align: justify;\">Documento de Identidad:<\/p>\n<p style=\"text-align: justify;\">N\u00famero de consignaci\u00f3n o transacci\u00f3n bancaria:<\/p>\n<p style=\"text-align: justify;\">Valor Consignado:<\/p>\n<p style=\"text-align: justify;\">En el caso de los clubes, relacionar todos los nombres y documentos de identidad de las personas incluidas en la consignaci\u00f3n con su respectivo acompa\u00f1ante y relacionar si su inscripci\u00f3n es para piloto y copiloto o solo para el piloto. La inscripci\u00f3n es personal e intransferible sin excepciones en ning\u00fan caso.<\/p>\n<p style=\"text-align: justify;\"><span style=\"color: #ff0000;\"><strong>PUNTOS DE INSCRIPCI\u00d3N:<\/strong><\/span><\/p>\n<p style=\"text-align: justify;\">Bucaramanga: SUZUKI\u00a0MOTORIENTE. Carrera 27 N\u00ba 52 &#8211; 10. Celular 310 5530771.<\/p>\n<p style=\"text-align: justify;\">Alexander Cardenas &#8220;EL VENECO&#8221; al celular\u00a0311 8502052.<\/p>\n<h4><span style=\"color: #ff0000;\">M\u00c1S INFORMACI\u00d3N:<\/span><\/h4>\n<p>Suzuki Motoriente: Carrera 27 No. 52 &#8211; 10 &#8211; 310 5530771<\/p>\n<p>Alexander Cardenas &#8220;EL VENECO&#8221;: 311 8502052<\/p>\n<p>Facebook: <a href=\"http:\/\/www.facebook.com\/ZonaBiker.PF\/\" target=\"_blank\" rel=\"noopener\">Zona Biker Fan Page<\/a><\/p>\n<p>Twitter: <a href=\"http:\/\/twitter.com\/zonabiker\" target=\"_blank\" rel=\"noopener\">@zonabiker<\/a><\/p>\n<h2><strong>ORGANIZAN:<\/strong><\/h2>\n<p><strong>Cesar Dario\u00a0Camacho (310 5530771)<\/strong><br \/>\n<strong>Producciones Alexander\u00a0Cardenas\u00a0&#8220;El Veneco&#8221; (311 8502052)<\/strong><\/p>\n<p><a href=\"http:\/\/zonabiker.com\/2016\/14-encuentro-nacional-alto-cilindraje-bucaramanga-2016\/logo-alexander-letra-negra-2\/\" target=\"_blank\" rel=\"noopener\"><img loading=\"lazy\" decoding=\"async\" class=\"alignnone wp-image-2823\" src=\"http:\/\/zonabiker.com\/wp-content\/uploads\/2016\/01\/logo-alexander-LETRA-NEGRA.png\" alt=\"logo alexander LETRA NEGRA\" width=\"151\" height=\"100\" \/><\/a><\/p>\n<h2 style=\"text-align: center;\"><span style=\"color: #ff0000;\">CON LA PARTICIPACI\u00d3N DE:<\/span><\/h2>\n<p style=\"text-align: center;\"><a href=\"http:\/\/zonabiker.com\/2016\/14-encuentro-nacional-alto-cilindraje-bucaramanga-2016\/motoriente-2\/\" target=\"_blank\" rel=\"noopener\"><img loading=\"lazy\" decoding=\"async\" class=\"alignnone wp-image-2824\" src=\"http:\/\/zonabiker.com\/wp-content\/uploads\/2016\/01\/MOTORIENTE.png\" alt=\"MOTORIENTE\" width=\"250\" height=\"91\" \/><\/a>\u00a0\u00a0<a href=\"http:\/\/zonabiker.com\/2016\/14-encuentro-nacional-alto-cilindraje-bucaramanga-2016\/yamaha-motos-2\/\" target=\"_blank\" rel=\"noopener\">\u00a0<\/a><a href=\"http:\/\/zonabiker.com\/2016\/14-encuentro-nacional-alto-cilindraje-bucaramanga-2016\/yamaha-motos-2\/\" target=\"_blank\" rel=\"noopener\"><img loading=\"lazy\" decoding=\"async\" class=\"alignnone wp-image-2825\" src=\"http:\/\/zonabiker.com\/wp-content\/uploads\/2016\/01\/YAMAHA-MOTOS.png\" alt=\"YAMAHA MOTOS\" width=\"200\" height=\"96\" \/>\u00a0<\/a><a href=\"http:\/\/zonabiker.com\/2016\/14-encuentro-nacional-alto-cilindraje-bucaramanga-2016\/disanmotos-2\/\" target=\"_blank\" rel=\"attachment wp-att-2834 noopener\"><img loading=\"lazy\" decoding=\"async\" class=\"alignnone wp-image-2834\" title=\"Disanmotos\" src=\"http:\/\/zonabiker.com\/wp-content\/uploads\/2016\/01\/Disanmotos.png\" alt=\"Disanmotos\" width=\"200\" height=\"27\" \/><\/a>\u00a0<a href=\"http:\/\/zonabiker.com\/2016\/14-encuentro-nacional-alto-cilindraje-bucaramanga-2016\/yamalube\/\" target=\"_blank\" rel=\"attachment wp-att-2840 noopener\"><img loading=\"lazy\" decoding=\"async\" class=\"alignnone wp-image-2840\" title=\"Yamalube\" src=\"http:\/\/zonabiker.com\/wp-content\/uploads\/2016\/01\/Yamalube.png\" alt=\"Yamalube\" width=\"200\" height=\"85\" \/><\/a><a href=\"http:\/\/zonabiker.com\/2016\/14-encuentro-nacional-alto-cilindraje-bucaramanga-2016\/castrol\/\" target=\"_blank\" rel=\"attachment wp-att-2836 noopener\">\u00a0<img loading=\"lazy\" decoding=\"async\" class=\"alignnone wp-image-2836\" title=\"Castrol\" src=\"http:\/\/zonabiker.com\/wp-content\/uploads\/2016\/01\/Castrol.png\" alt=\"Castrol\" width=\"200\" height=\"55\" \/><\/a>\u00a0<a href=\"http:\/\/zonabiker.com\/2016\/14-encuentro-nacional-alto-cilindraje-bucaramanga-2016\/yuasa\/\" target=\"_blank\" rel=\"attachment wp-att-2837 noopener\"><img loading=\"lazy\" decoding=\"async\" class=\"alignnone wp-image-2837\" title=\"Yuasa\" src=\"http:\/\/zonabiker.com\/wp-content\/uploads\/2016\/01\/Yuasa.png\" alt=\"Yuasa\" width=\"150\" height=\"100\" \/><\/a>\u00a0<a href=\"http:\/\/zonabiker.com\/2016\/14-encuentro-nacional-alto-cilindraje-bucaramanga-2016\/halifax\/\" target=\"_blank\" rel=\"attachment wp-att-2857 noopener\"><img loading=\"lazy\" decoding=\"async\" class=\"alignnone wp-image-2857\" title=\"Halifax\" src=\"http:\/\/zonabiker.com\/wp-content\/uploads\/2016\/01\/Halifax.png\" alt=\"Halifax\" width=\"174\" height=\"100\" \/><\/a>\u00a0<a href=\"http:\/\/zonabiker.com\/2016\/14-encuentro-nacional-alto-cilindraje-bucaramanga-2016\/yamaha-motos-2\/\" target=\"_blank\" rel=\"noopener\">\u00a0<\/a>\u00a0\u00a0\u00a0<a href=\"http:\/\/zonabiker.com\/2016\/14-encuentro-nacional-alto-cilindraje-bucaramanga-2016\/drone-studio\/\" target=\"_blank\" rel=\"noopener\"><img loading=\"lazy\" decoding=\"async\" class=\"alignnone wp-image-2828\" src=\"http:\/\/zonabiker.com\/wp-content\/uploads\/2016\/01\/Drone-Studio.png\" alt=\"Drone Studio\" width=\"233\" height=\"100\" \/><\/a><a href=\"http:\/\/zonabiker.com\/2016\/14-encuentro-nacional-alto-cilindraje-bucaramanga-2016\/ejercito-nacional\/\" target=\"_blank\" rel=\"attachment wp-att-2841 noopener\">\u00a0<\/a><a href=\"http:\/\/zonabiker.com\/2016\/14-encuentro-nacional-alto-cilindraje-bucaramanga-2016\/logo_33_disco\/\" target=\"_blank\" rel=\"noopener\"><img loading=\"lazy\" decoding=\"async\" class=\"alignnone wp-image-2829\" src=\"http:\/\/zonabiker.com\/wp-content\/uploads\/2016\/01\/logo_33_disco.jpg\" alt=\"logo_33_disco\" width=\"100\" height=\"150\" \/> <\/a><a href=\"http:\/\/zonabiker.com\/2016\/14-encuentro-nacional-alto-cilindraje-bucaramanga-2016\/mastech\/\" target=\"_blank\" rel=\"attachment wp-att-2860 noopener\"><img loading=\"lazy\" decoding=\"async\" class=\"alignnone wp-image-2860\" title=\"Mastech\" src=\"http:\/\/zonabiker.com\/wp-content\/uploads\/2016\/01\/Mastech.png\" alt=\"Mastech\" width=\"200\" height=\"37\" \/><\/a>\u00a0<a href=\"http:\/\/zonabiker.com\/2016\/14-encuentro-nacional-alto-cilindraje-bucaramanga-2016\/ducati\/\" target=\"_blank\" rel=\"attachment wp-att-2861 noopener\"><img loading=\"lazy\" decoding=\"async\" class=\"alignnone wp-image-2861\" title=\"Ducati\" src=\"http:\/\/zonabiker.com\/wp-content\/uploads\/2016\/01\/Ducati.png\" alt=\"Ducati\" width=\"97\" height=\"100\" \/><\/a>\u00a0<a href=\"http:\/\/zonabiker.com\/2016\/14-encuentro-nacional-alto-cilindraje-bucaramanga-2016\/fresca-leche\/\" target=\"_blank\" rel=\"attachment wp-att-2862 noopener\"><img loading=\"lazy\" decoding=\"async\" class=\"alignnone wp-image-2862\" title=\"Freska Leche\" src=\"http:\/\/zonabiker.com\/wp-content\/uploads\/2016\/01\/Fresca-Leche.png\" alt=\"Freska Leche\" width=\"200\" height=\"88\" \/><\/a>\u00a0<a href=\"http:\/\/zonabiker.com\/2016\/14-encuentro-nacional-alto-cilindraje-bucaramanga-2016\/samu\/\" target=\"_blank\" rel=\"attachment wp-att-2863 noopener\"><img loading=\"lazy\" decoding=\"async\" class=\"alignnone wp-image-2863\" title=\"SAMU\" src=\"http:\/\/zonabiker.com\/wp-content\/uploads\/2016\/01\/SAMU.png\" alt=\"SAMU\" width=\"178\" height=\"100\" \/><\/a>\u00a0<a href=\"http:\/\/zonabiker.com\/2016\/14-encuentro-nacional-alto-cilindraje-bucaramanga-2016\/chabela\/\" target=\"_blank\" rel=\"attachment wp-att-2864 noopener\"><img loading=\"lazy\" decoding=\"async\" class=\"alignnone wp-image-2864\" title=\"Chabela\" src=\"http:\/\/zonabiker.com\/wp-content\/uploads\/2016\/01\/Chabela.png\" alt=\"Chabela\" width=\"187\" height=\"100\" \/><\/a>\u00a0<a href=\"http:\/\/zonabiker.com\/2016\/14-encuentro-nacional-alto-cilindraje-bucaramanga-2016\/imagen-group\/\" target=\"_blank\" rel=\"attachment wp-att-2865 noopener\"><img loading=\"lazy\" decoding=\"async\" class=\"alignnone wp-image-2865\" title=\"Imagen Group\" src=\"http:\/\/zonabiker.com\/wp-content\/uploads\/2016\/01\/Imagen-Group.png\" alt=\"Imagen Group\" width=\"200\" height=\"79\" \/><\/a>\u00a0<a href=\"http:\/\/zonabiker.com\/2016\/14-encuentro-nacional-alto-cilindraje-bucaramanga-2016\/vanguardia\/\" target=\"_blank\" rel=\"attachment wp-att-2866 noopener\"><img loading=\"lazy\" decoding=\"async\" class=\"alignnone wp-image-2866\" title=\"Vanguardia\" src=\"http:\/\/zonabiker.com\/wp-content\/uploads\/2016\/01\/Vanguardia.png\" alt=\"Vanguardia\" width=\"200\" height=\"49\" \/><\/a>\u00a0<a href=\"http:\/\/zonabiker.com\/2016\/14-encuentro-nacional-alto-cilindraje-bucaramanga-2016\/gente\/\" target=\"_blank\" rel=\"attachment wp-att-2867 noopener\"><img loading=\"lazy\" decoding=\"async\" class=\"alignnone wp-image-2867\" title=\"Revista Gente\" src=\"http:\/\/zonabiker.com\/wp-content\/uploads\/2016\/01\/Gente.png\" alt=\"Revista Gente\" width=\"200\" height=\"66\" \/><\/a>\u00a0<a href=\"http:\/\/zonabiker.com\/2016\/14-encuentro-nacional-alto-cilindraje-bucaramanga-2016\/quibo\/\" target=\"_blank\" rel=\"attachment wp-att-2868 noopener\"><img loading=\"lazy\" decoding=\"async\" class=\"alignnone wp-image-2868\" title=\"Qhubo\" src=\"http:\/\/zonabiker.com\/wp-content\/uploads\/2016\/01\/Quibo.png\" alt=\"Qhubo\" width=\"200\" height=\"81\" \/><\/a>\u00a0<a href=\"http:\/\/zonabiker.com\/2016\/14-encuentro-nacional-alto-cilindraje-bucaramanga-2016\/defender\/\" target=\"_blank\" rel=\"attachment wp-att-2870 noopener\"><img loading=\"lazy\" decoding=\"async\" class=\"alignnone wp-image-2870\" title=\"Defender\" src=\"http:\/\/zonabiker.com\/wp-content\/uploads\/2016\/01\/Defender.png\" alt=\"Defender\" width=\"200\" height=\"43\" \/><\/a>\u00a0<a href=\"http:\/\/zonabiker.com\/2016\/14-encuentro-nacional-alto-cilindraje-bucaramanga-2016\/endesa\/\" target=\"_blank\" rel=\"attachment wp-att-2871 noopener\"><img loading=\"lazy\" decoding=\"async\" class=\"alignnone wp-image-2871\" title=\"Endesa\" src=\"http:\/\/zonabiker.com\/wp-content\/uploads\/2016\/01\/Endesa.png\" alt=\"Endesa\" width=\"200\" height=\"41\" \/><\/a>\u00a0<a href=\"http:\/\/zonabiker.com\/2016\/14-encuentro-nacional-alto-cilindraje-bucaramanga-2016\/alcaldia-bucaramanga\/\" target=\"_blank\" rel=\"attachment wp-att-2845 noopener\"><img loading=\"lazy\" decoding=\"async\" class=\"alignnone wp-image-2845\" title=\"Alcald\u00eda de Bucaramanga\" src=\"http:\/\/zonabiker.com\/wp-content\/uploads\/2016\/01\/Alcald\u00eda-Bucaramanga.png\" alt=\"Alcald\u00eda de Bucaramanga\" width=\"86\" height=\"100\" \/>\u00a0<\/a><a href=\"http:\/\/zonabiker.com\/2016\/14-encuentro-nacional-alto-cilindraje-bucaramanga-2016\/dtb\/\" target=\"_blank\" rel=\"attachment wp-att-2846 noopener\"><img loading=\"lazy\" decoding=\"async\" class=\"alignnone wp-image-2846\" title=\"Direcci\u00f3n de Tr\u00e1nsito de Bucaramanga\" src=\"http:\/\/zonabiker.com\/wp-content\/uploads\/2016\/01\/DTB.png\" alt=\"Direcci\u00f3n de Tr\u00e1nsito de Bucaramanga\" width=\"100\" height=\"100\" \/><\/a><a href=\"http:\/\/zonabiker.com\/2016\/14-encuentro-nacional-alto-cilindraje-bucaramanga-2016\/alcaldia-bucaramanga\/\" target=\"_blank\" rel=\"attachment wp-att-2845 noopener\">\u00a0<\/a><a href=\"http:\/\/zonabiker.com\/2016\/14-encuentro-nacional-alto-cilindraje-bucaramanga-2016\/bomberos-de-giron\/\" target=\"_blank\" rel=\"attachment wp-att-2844 noopener\"><img loading=\"lazy\" decoding=\"async\" class=\"alignnone wp-image-2844\" title=\"Cuerpo de Bomberos de Gir\u00f3n\" src=\"http:\/\/zonabiker.com\/wp-content\/uploads\/2016\/01\/Bomberos-de-Gir\u00f3n.png\" alt=\"Cuerpo de Bomberos de Gir\u00f3n\" width=\"92\" height=\"100\" \/><\/a><a href=\"http:\/\/zonabiker.com\/2016\/14-encuentro-nacional-alto-cilindraje-bucaramanga-2016\/ejercito-nacional\/\" target=\"_blank\" rel=\"attachment wp-att-2841 noopener\">\u00a0<img loading=\"lazy\" decoding=\"async\" class=\"alignnone wp-image-2841\" title=\"Ejercito Nacional de Colombia\" src=\"http:\/\/zonabiker.com\/wp-content\/uploads\/2016\/01\/Ejercito-Nacional.png\" alt=\"Ejercito Nacional de Colombia\" width=\"100\" height=\"100\" \/><\/a>\u00a0<a href=\"http:\/\/zonabiker.com\/2016\/14-encuentro-nacional-alto-cilindraje-bucaramanga-2016\/yamaha-motos-2\/\" target=\"_blank\" rel=\"noopener\"><img loading=\"lazy\" decoding=\"async\" class=\"alignnone wp-image-2826\" src=\"http:\/\/zonabiker.com\/wp-content\/uploads\/2016\/01\/1457095180578-633509465.jpg\" alt=\"Ejercito Nacional de Colombia\" width=\"100\" height=\"100\" \/><\/a>\u00a0<a href=\"http:\/\/zonabiker.com\/2016\/14-encuentro-nacional-alto-cilindraje-bucaramanga-2016\/policia-nacional\/\" target=\"_blank\" rel=\"attachment wp-att-2842 noopener\"><img loading=\"lazy\" decoding=\"async\" class=\"alignnone wp-image-2842\" title=\"Polic\u00eda Nacional de Colombia\" src=\"http:\/\/zonabiker.com\/wp-content\/uploads\/2016\/01\/Policia-Nacional.png\" alt=\"Polic\u00eda Nacional de Colombia\" width=\"100\" height=\"97\" \/><\/a>\u00a0<a href=\"http:\/\/zonabiker.com\/2016\/14-encuentro-nacional-alto-cilindraje-bucaramanga-2016\/alcaldia-de-san-juan-de-giron\/\" target=\"_blank\" rel=\"attachment wp-att-2872 noopener\"><img loading=\"lazy\" decoding=\"async\" class=\"alignnone wp-image-2872\" title=\"Alcald\u00eda de San Juan de Gir\u00f3n\" src=\"http:\/\/zonabiker.com\/wp-content\/uploads\/2016\/01\/Alcald\u00eda-de-San-Juan-de-Gir\u00f3n.png\" alt=\"Alcald\u00eda de San Juan de Gir\u00f3n\" width=\"105\" height=\"100\" \/><\/a>\u00a0<a href=\"http:\/\/zonabiker.com\/2016\/14-encuentro-nacional-alto-cilindraje-bucaramanga-2016\/enverarias\/\" target=\"_blank\" rel=\"attachment wp-att-2847 noopener\"><img loading=\"lazy\" decoding=\"async\" class=\"alignnone wp-image-2847\" title=\"Enverarias\" src=\"http:\/\/zonabiker.com\/wp-content\/uploads\/2016\/01\/Enverarias.png\" alt=\"Enverarias\" width=\"200\" height=\"67\" \/>\u00a0<\/a><a href=\"http:\/\/zonabiker.com\/2016\/14-encuentro-nacional-alto-cilindraje-bucaramanga-2016\/logo-alexander-letra-negra-2\/\" target=\"_blank\" rel=\"noopener\"><img loading=\"lazy\" decoding=\"async\" class=\"alignnone wp-image-2823\" src=\"http:\/\/zonabiker.com\/wp-content\/uploads\/2016\/01\/logo-alexander-LETRA-NEGRA.png\" alt=\"logo alexander LETRA NEGRA\" width=\"151\" height=\"100\" \/><\/a><\/p>\n<p style=\"text-align: center;\"><a href=\"http:\/\/zonabiker.com\/2016\/14-encuentro-nacional-alto-cilindraje-bucaramanga-2016\/logo-h-d-medellin-con-fondo-blanco-cuadrado\/\" target=\"_blank\" rel=\"attachment wp-att-2848 noopener\"><img loading=\"lazy\" decoding=\"async\" class=\"alignnone wp-image-2848\" title=\"Harley-Davidson Medell\u00edn\" src=\"http:\/\/zonabiker.com\/wp-content\/uploads\/2016\/01\/logo-h-d-medellin-con-fondo-blanco-cuadrado.png\" alt=\"Harley-Davidson Medell\u00edn\" width=\"200\" height=\"200\" \/><\/a><\/p>\n<h3 style=\"text-align: center;\"><span style=\"color: #ff0000;\">GU\u00cdA HOTELERA<\/span><\/h3>\n<p style=\"text-align: justify;\">HOTELES que ofrecen descuentos especiales para las personas inscritas al\u00a014 Encuentro Nacional Alto Cilindraje Bucaramanga 2016; presenta tu manilla de inscripci\u00f3n y recibe importantes descuentos en los hoteles que hicieron acuerdos con la organizaci\u00f3n del encuentro.<\/p>\n<h3><a href=\"http:\/\/zonabiker.com\/2016\/14-encuentro-nacional-alto-cilindraje-bucaramanga-2016\/logo-blanco\/\" target=\"_blank\" rel=\"attachment wp-att-2762 noopener\"><img loading=\"lazy\" decoding=\"async\" class=\"alignleft wp-image-2762\" title=\"Ramada Bucaramanga Hotel San Juan\" src=\"http:\/\/zonabiker.com\/wp-content\/uploads\/2016\/01\/logo-blanco.png\" alt=\"Ramada Bucaramanga Hotel San Juan\" width=\"150\" height=\"66\" \/><\/a>Hotel Ramada Bucaramanga San Juan.<\/h3>\n<p>Direcci\u00f3n: Km 6 Bucaramanga &#8211; Gir\u00f3n, Santander.<\/p>\n<p>Tel\u00e9fono: (7) 6466430.<\/p>\n<h3><a href=\"http:\/\/zonabiker.com\/2016\/14-encuentro-nacional-alto-cilindraje-bucaramanga-2016\/hotel-d-leon\/\" target=\"_blank\" rel=\"attachment wp-att-2879 noopener\"><img loading=\"lazy\" decoding=\"async\" class=\"alignleft wp-image-2879\" title=\"Hotel D' Le\u00f3n\" src=\"http:\/\/zonabiker.com\/wp-content\/uploads\/2016\/01\/Hotel-d-Leon.png\" alt=\"Hotel D' Le\u00f3n\" width=\"150\" height=\"52\" \/><\/a>Hotel D&#8217; Le\u00f3n<\/h3>\n<p>Direcci\u00f3n:\u00a0Cl. 56 #21-49, Bucaramanga, Santander.<\/p>\n<p>Tel\u00e9fono:\u00a0<a class=\"fl r-ikWeXndp93eM\" title=\"Llamar a trav\u00e9s de Hangouts\" data-number=\"+5776436998\" data-rtid=\"ikWeXndp93eM\" data-ved=\"0ahUKEwigqMaj4a7LAhUI7B4KHWy-A_sQkAgInAEwEQ\">(7) 6436998.<\/a><\/p>\n<p>Web:\u00a0<a href=\"http:\/\/www.hoteldeleonbucaramanga.com\/\" target=\"_blank\" rel=\"noopener\">www.hoteldeleonbucaramanga.com<\/a><\/p>\n<h3><a href=\"https:\/\/www.facebook.com\/galvisia.galvisia?fref=ts\" target=\"_blank\" rel=\"attachment wp-att-2758 noopener\"><img loading=\"lazy\" decoding=\"async\" class=\"alignleft wp-image-2758\" title=\"Galvisia\" src=\"http:\/\/zonabiker.com\/wp-content\/uploads\/2016\/01\/Galvisia.jpg\" alt=\"Galvisia\" width=\"150\" height=\"150\" \/><\/a>Hotel Campestre Galvisia.<\/h3>\n<p>Direcci\u00f3n: Calle 200 No. 10 &#8211; 23 Barrio La Paz &#8211; Anillo Vial (Ca\u00f1averal) Floridablanca.<\/p>\n<p>Tel\u00e9fono: (7) 6395517 &#8211; Celular: 317 6366005.<\/p>\n<p>Facebook:\u00a0<a href=\"https:\/\/www.facebook.com\/galvisia.galvisia?fref=ts\" target=\"_blank\" rel=\"noopener\">www.facebook.com\/galvisia.galvisia?fref=ts<\/a><\/p>\n<p>&nbsp;<\/p>\n<h3><a href=\"http:\/\/zonabiker.com\/2016\/14-encuentro-nacional-alto-cilindraje-bucaramanga-2016\/logo-hotel-completo-5-estrellas-ciudad-full-sin-linea\/\" target=\"_blank\" rel=\"attachment wp-att-2763 noopener\"><img loading=\"lazy\" decoding=\"async\" class=\"alignleft wp-image-2763\" title=\"Solar Hotel Chicamocha\" src=\"http:\/\/zonabiker.com\/wp-content\/uploads\/2016\/01\/LOGO-HOTEL-COMPLETO-5-ESTRELLAS-CIUDAD-full-SIN-LINEA.jpg\" alt=\"Solar Hotel Chicamocha\" width=\"150\" height=\"80\" \/><\/a>Solar Hotel Chicamocha.<\/h3>\n<p>Direcci\u00f3n: Calle 34 No. 31 &#8211; 24 Bucaramanga.<\/p>\n<p>Tel\u00e9fono: (7) 6343000<\/p>\n","protected":false},"excerpt":{"rendered":"<p>14 Encuentro Nacional Alto Cilindraje Bucaramanga 2016 MARZO 18, 19 y 20 de 2016 14 Encuentro Nacional Alto Cilindraje Bucaramanga 2016 Llega el 14th Encuentro Nacional Alto Cilindraje Bucaramanga 2016 a celebrarse en en la ciudad bonita los d\u00edas 18, 19 y 20 de marzo&#8230;<\/p>\n","protected":false},"author":1,"featured_media":2741,"comment_status":"open","ping_status":"open","sticky":false,"template":"","format":"standard","meta":{"om_disable_all_campaigns":false,"_mi_skip_tracking":false,"footnotes":""},"categories":[5],"tags":[27,42,57,82,102,114,128,198,251,256],"class_list":["post-2738","post","type-post","status-publish","format-standard","has-post-thumbnail","hentry","category-eventos","tag-27","tag-42","tag-alto-cilindraje","tag-bucaramanga","tag-colombia","tag-custom","tag-encuentro","tag-nacional","tag-superbike","tag-touring"],"aioseo_notices":[],"_links":{"self":[{"href":"https:\/\/territoriobiker.com\/index.php\/wp-json\/wp\/v2\/posts\/2738","targetHints":{"allow":["GET"]}}],"collection":[{"href":"https:\/\/territoriobiker.com\/index.php\/wp-json\/wp\/v2\/posts"}],"about":[{"href":"https:\/\/territoriobiker.com\/index.php\/wp-json\/wp\/v2\/types\/post"}],"author":[{"embeddable":true,"href":"https:\/\/territoriobiker.com\/index.php\/wp-json\/wp\/v2\/users\/1"}],"replies":[{"embeddable":true,"href":"https:\/\/territoriobiker.com\/index.php\/wp-json\/wp\/v2\/comments?post=2738"}],"version-history":[{"count":0,"href":"https:\/\/territoriobiker.com\/index.php\/wp-json\/wp\/v2\/posts\/2738\/revisions"}],"wp:featuredmedia":[{"embeddable":true,"href":"https:\/\/territoriobiker.com\/index.php\/wp-json\/"}],"wp:attachment":[{"href":"https:\/\/territoriobiker.com\/index.php\/wp-json\/wp\/v2\/media?parent=2738"}],"wp:term":[{"taxonomy":"category","embeddable":true,"href":"https:\/\/territoriobiker.com\/index.php\/wp-json\/wp\/v2\/categories?post=2738"},{"taxonomy":"post_tag","embeddable":true,"href":"https:\/\/territoriobiker.com\/index.php\/wp-json\/wp\/v2\/tags?post=2738"}],"curies":[{"name":"wp","href":"https:\/\/api.w.org\/{rel}","templated":true}]}}