{"id":2242,"date":"2014-09-29T16:29:09","date_gmt":"2014-09-29T21:29:09","guid":{"rendered":"http:\/\/zonabiker.com\/?p=2242"},"modified":"2014-09-29T16:29:09","modified_gmt":"2014-09-29T21:29:09","slug":"viii-ibague-bike-week-2014","status":"publish","type":"post","link":"https:\/\/territoriobiker.com\/index.php\/2014\/09\/29\/viii-ibague-bike-week-2014\/","title":{"rendered":"VIII IBAGU\u00c9 BIKE WEEK 2014"},"content":{"rendered":"<h1><b>VIII \u00a0ENCUENTRO DE MOTOS CUSTOM Y DE ALTO CILINDRAJE \u00a0EN IBAGU\u00c9 CIUDAD MUSICAL DE COLOMBIA-<wbr><\/wbr>IBAGUE BIKE WEEK 2014.<\/b><\/h1>\n<blockquote>\n<h2><b><span class=\"fs24 ff1 cf3\">NOVIEMBRE 14 \u00a015 Y 16 DE 2014.<\/span><\/b><\/h2>\n<\/blockquote>\n<p style=\"text-align: center;\"><a href=\"http:\/\/zonabiker.com\/2014\/viii-ibague-bike-week-2014\/afiche-ibague-bike-week-2014\/\" target=\"_blank\" rel=\"attachment wp-att-2245 noopener\"><img loading=\"lazy\" decoding=\"async\" class=\"aligncenter wp-image-2245\" title=\"Ibagu\u00e9 Bike Week 2014\" src=\"http:\/\/zonabiker.com\/wp-content\/uploads\/2014\/09\/Afiche-Ibagu\u00e9-Bike-Week-2014.png\" alt=\"Ibagu\u00e9 Bike Week 2014\" width=\"450\" height=\"688\" \/><\/a><\/p>\n<p><span class=\"ff1 cf2 fs22\">VIII IBAGU\u00c9 BIKE WEEK 2014\u00a0es un certamen tur\u00edstico \u2013 deportivo, que re\u00fane la m\u00e1s grande exhibici\u00f3n nacional e internacional de motocicletas Custom y de Alto cilindraje, quienes vienen desde diferentes destinos nacionales e invitados extranjeros, con sus acompa\u00f1antes, amigos, familiares y equipos t\u00e9cnicos, aportando as\u00ed de manera significativa al turismo y comercio de la regi\u00f3n.<\/span><\/p>\n<p><span class=\"fs24 ff1 cf2\">El Festival Internacional <\/span><span class=\"fs22 ff1 cf2\"><b>IBAGU\u00c9 BIKE WEEK<\/b><\/span><span class=\"fs24 ff1 cf2\"> suma su VIII edici\u00f3n nacional, constituy\u00e9ndose en una gran feria que contiene: exhibiciones de motocicletas cl\u00e1sicas custom y de alto cilindraje, Showroom, Presentaci\u00f3n de El Biker m\u00e1s fuerte, Eleccion de la BIKE GIRL 2014, fiesta tem\u00e1tica y diversos lugares dentro y fuera de la ciudad para realizar las cl\u00e1sicas rodadas que caracterizan a los eventos de este tipo.<\/span><\/p>\n<h1 style=\"text-align: center;\"><span style=\"color: #ff0000;\"><strong>PROGRAMACI\u00d3N<\/strong><\/span><\/h1>\n<table border=\"1\" cellspacing=\"0\" cellpadding=\"0\">\n<tbody>\n<tr>\n<td colspan=\"2\" valign=\"top\" width=\"599\">\n<p align=\"center\"><b>VIERNES 14 DE NOVIEMBRE &#8211;\u00a0<wbr><\/wbr>A DISFRUTAR AL\u00a0M\u00c1XIMO\u00a0!!!<\/b><\/p>\n<\/td>\n<\/tr>\n<tr>\n<td width=\"130\">\n<p align=\"center\"><b>3:00 PM<\/b><\/p>\n<\/td>\n<td valign=\"top\" width=\"468\">Apertura de inscripciones y entrega de paquetes centro comercial LA ESTACI\u00d3N en la 60 con Ambala. Muestra comercial.<\/td>\n<\/tr>\n<tr>\n<td width=\"130\">\n<p align=\"center\"><b>8:00 PM<\/b><\/p>\n<\/td>\n<td valign=\"top\" width=\"468\">Bienvenida a los participantes del 8vo encuentro de motocicletas custom y de alto cilindraje en Ibagu\u00e9. Muestra comercial de accesorios para el mundo del alto cilindraje.<\/td>\n<\/tr>\n<tr>\n<td width=\"130\">\n<p align=\"center\"><b>9:00 PM<\/b><\/p>\n<\/td>\n<td valign=\"top\" width=\"468\">Rodada por las v\u00edas de Ibagu\u00e9 y circunvalares al centro vacacional TIERRA CALIENTE sede oficial del IBAGUE BIKE WEEK 2014.<\/td>\n<\/tr>\n<tr>\n<td width=\"130\">\n<p align=\"center\"><b>10:00 PM<\/b><\/p>\n<\/td>\n<td valign=\"top\" width=\"468\">Fiesta de bienvenida en la s\u00faper discoteca <strong>ESTANCOMODOS<\/strong> cerca del\u00a0round point de Mirolindo. M\u00fasica\u00a0crossover por DJ profesional y todo el ambiente de una<strong> GRAN FIESTA BIKER !!!<\/strong><\/td>\n<\/tr>\n<\/tbody>\n<\/table>\n<table border=\"1\" cellspacing=\"0\" cellpadding=\"0\">\n<tbody>\n<tr>\n<td colspan=\"2\" valign=\"top\" width=\"599\">\n<p align=\"center\"><b>S\u00c1BADO 15\u00a0DE NOVIEMBRE &#8211; A RODAR SE DIJO<\/b><\/p>\n<\/td>\n<\/tr>\n<tr>\n<td width=\"130\">\n<p align=\"center\"><b>7:00 AM<\/b><\/p>\n<\/td>\n<td valign=\"top\" width=\"468\">Desayuno en restaurante de Tierra caliente para los inscritos desde el viernes que tomaron el paquete con el alojamiento incluido.<\/td>\n<\/tr>\n<tr>\n<td width=\"130\">\n<p align=\"center\"><b>8:00 AM<\/b><\/p>\n<\/td>\n<td valign=\"top\" width=\"468\">Rodada desde el centro vacacional TIERRA CALIENTE al centro comercial LA ESTACI\u00d3N en la 60 con Ambala donde se reanudaran las inscripciones y muestra comercial.<\/td>\n<\/tr>\n<tr>\n<td width=\"130\">\n<p align=\"center\"><b>10:00 AM<\/b><\/p>\n<\/td>\n<td valign=\"top\" width=\"468\">Gran show de Stunt, tres HONDA CBR 600 har\u00e1n un show inolvidable de pericia y adrenalina a cargo de Cristian Benitez de <strong>STUNT WAY !!!<\/strong><\/td>\n<\/tr>\n<tr>\n<td width=\"130\">\n<p align=\"center\"><b>11:30 AM<\/b><\/p>\n<\/td>\n<td valign=\"top\" width=\"468\">Gran Caravana hacia la ciudad de El Espinal, Oriente del Tolima por la ruta de pintoresca de Payande &#8211;\u00a0<wbr><\/wbr>San Luis &#8211;\u00a0<wbr><\/wbr>Guamo &#8211;\u00a0<wbr><\/wbr>El Espinal, son 120 kms, parada en San Luis de 15 minutos para tomar un breve descanso, Solicitamos el favor de rodar en fila de a dos y guardando prudente distancia. Tendremos acompa\u00f1amiento de polic\u00eda de carreteras y ambulancia.<\/td>\n<\/tr>\n<tr>\n<td width=\"130\">\n<p align=\"center\"><b>2:30 PM<\/b><\/p>\n<\/td>\n<td valign=\"top\" width=\"468\">Caravana por las principales v\u00edas de El Espinal, recibimiento por parte de la alcald\u00eda.<\/td>\n<\/tr>\n<tr>\n<td width=\"130\">\n<p align=\"center\"><b>3:00 PM<\/b><\/p>\n<\/td>\n<td valign=\"top\" width=\"468\">Almuerzo t\u00edpico y Muestra folcl\u00f3rica.<\/td>\n<\/tr>\n<tr>\n<td width=\"130\">\n<p align=\"center\"><b>5:00 PM<\/b><\/p>\n<\/td>\n<td valign=\"top\" width=\"468\">Regreso a\u00a0la ciudad de Ibagu\u00e9.<\/td>\n<\/tr>\n<tr>\n<td width=\"130\">\n<p align=\"center\"><b>10:00 PM<\/b><\/p>\n<\/td>\n<td valign=\"top\" width=\"468\">Gran fiesta TROPICAL en las playas del lago del centro vacacional TIERRA CALIENTE con el mejor estilo caribe\u00f1o, se sentir\u00e1 en el caribe!!!! NO TE LA PUEDES PERDER! (Habr\u00e1 transporte de los hoteles del encuentro al centro vacacional)<\/td>\n<\/tr>\n<\/tbody>\n<\/table>\n<table border=\"1\" cellspacing=\"0\" cellpadding=\"0\">\n<tbody>\n<tr>\n<td colspan=\"2\" valign=\"top\" width=\"599\">\n<p align=\"center\"><b>DOMINGO 16 NOVIEMBRE &#8211;\u00a0<wbr><\/wbr>RELAX Y\u00a0RECREACI\u00d3N\u00a0!!!<br \/>\n<\/b><\/p>\n<\/td>\n<\/tr>\n<tr>\n<td width=\"130\">\n<p align=\"center\"><b>7:00 AM<\/b><\/p>\n<\/td>\n<td valign=\"top\" width=\"468\">Desayuno en restaurante de Tierra caliente para los inscritos desde el viernes que tomaron el paquete con el alojamiento incluido.<\/td>\n<\/tr>\n<tr>\n<td width=\"130\">\n<p align=\"center\"><b>9:30 AM<\/b><\/p>\n<\/td>\n<td valign=\"top\" width=\"468\">Punto de encuentro centro comercial <strong>LA ESTACION<\/strong>. Actividades recreativas y obsequios de los patrocinadores.<\/td>\n<\/tr>\n<tr>\n<td width=\"130\">\n<p align=\"center\"><b>11:30 AM<\/b><\/p>\n<\/td>\n<td valign=\"top\" width=\"468\">Actividades recreativas, rifas de los patrocinadores.<\/td>\n<\/tr>\n<tr>\n<td width=\"130\">\n<p align=\"center\"><b>12:00 M<\/b><\/p>\n<\/td>\n<td valign=\"top\" width=\"468\">Almuerzo en la plazoleta de comidas del Centro Comercial <strong>LA ESTACION<\/strong> (la organizaci\u00f3n entregara un vale de $10.000 por persona inscrita para ser usado en el pago de la cuenta).<\/td>\n<\/tr>\n<tr>\n<td width=\"130\">\n<p align=\"center\"><b>2:00 PM<\/b><\/p>\n<\/td>\n<td valign=\"top\" width=\"468\">Caravana de regreso al centro vacacional TIERRA CALIENTE.<\/td>\n<\/tr>\n<tr>\n<td width=\"130\">\n<p align=\"center\"><b>3:00 PM<\/b><\/p>\n<\/td>\n<td valign=\"top\" width=\"468\">Llegada al centro vacacional, Concursos recreativos con premiaciones.<\/td>\n<\/tr>\n<tr>\n<td width=\"130\">\n<p align=\"center\"><b>4:00 PM<\/b><\/p>\n<\/td>\n<td valign=\"top\" width=\"468\">concurso para la rifa de una bicicleta todo terreno profesional donada por la firma <strong>WELCOME<\/strong> de Ibagu\u00e9.<\/td>\n<\/tr>\n<tr>\n<td width=\"130\">\n<p align=\"center\"><b>6:00 PM<\/b><\/p>\n<\/td>\n<td valign=\"top\" width=\"468\">Concurso el BIKER MAS FUERTE en las instalaciones de la media torta del centro vacacional.<\/td>\n<\/tr>\n<tr>\n<td width=\"130\">\n<p align=\"center\"><b>7:00 PM<\/b><\/p>\n<\/td>\n<td valign=\"top\" width=\"468\">Espectacular fiesta de clausura en la media torta del centro vacacional, Elecci\u00f3n de la BIKE GRIL!<\/td>\n<\/tr>\n<tr>\n<td width=\"130\">\n<p align=\"center\"><b>12:00 PM<\/b><\/p>\n<\/td>\n<td valign=\"top\" width=\"468\">Clausura del evento.<\/td>\n<\/tr>\n<\/tbody>\n<\/table>\n<p>Esta programaci\u00f3n est\u00e1 sujeta a cambios de \u00faltimo momento.<\/p>\n<p><span class=\"cf2 ff1 fs24\">Las caravanas contar\u00e1n con un carro gu\u00eda el cual solicitamos no sea sobrepasado, deber\u00e1n rodar en fila de a dos, tendr\u00e1 acompa\u00f1amiento de la polic\u00eda de carreteras y ambulancia. La velocidad m\u00e1xima de la caravana en carretera ser\u00e1 de 80 Km.\/hora. Esta es una nueva oportunidad de mostrarle a la comunidad lo grande de la Hermandad Biker.<br \/>\n<\/span><\/p>\n<p><span class=\"cf2 ff1 fs24\">Los inscritos con el paquete de alojamiento tienen los desayunos incluidos en los d\u00edas que aplica. Los inscritos sin el paquete de alojamiento tienen incluido el ingreso al parque vacacional los d\u00edas s\u00e1bado y domingo.<br \/>\n<\/span><\/p>\n<p><span class=\"ff1 cf2 fs24\"><b><span style=\"color: #ff0000;\">Organiza:<\/span> PIJAOS BIKER\u00b4S M.C. &#8211;\u00a0<wbr><\/wbr>IBAGUE BIKE WEEK<br \/>\n<span style=\"color: #ff0000;\">Coordinadores:<\/span> integrantes PIJAOS BIKERS M.C<\/b><\/span><\/p>\n<h1 style=\"text-align: center;\"><strong><span style=\"color: #ff0000;\">INSCRIPCIONES<\/span><\/strong><\/h1>\n<p><span class=\"fs20\"><span class=\"ff1 cf0\">La inscripci\u00f3n para VII Festival Internacional Ibagu\u00e9 Bike Week, Encuentro de Motocicletas Custom y de Alto Cilindraje se podr\u00e1 efectuar a partir del mes de octubre v\u00eda Internet.<\/span><\/span><\/p>\n<p><b>El Costo por pareja es de ciento cincuenta mil pesos ($150.000)<br \/>\n<\/b><b><span class=\"cf3 fs20 ff1\">Preinscripcion $130.000 <span style=\"text-decoration: underline;\">Valida Hasta el 31 de Octubre<\/span><\/span><\/b><\/p>\n<p><strong>Individual por solo cien mil pesos ($100.000)<\/strong><\/p>\n<p><span class=\"fs20 ff1 cf3\"><b>Preinscripcion $90.000 <span style=\"text-decoration: underline;\">Valida Hasta el 31 de Octubre<\/span><\/b><\/span><\/p>\n<p><span class=\"fs20 ff1 cf3\"><b>Los primeros 50 inscritos se llevar\u00e1n una espectacular nevera.<br \/>\n<\/b><\/span><b><span class=\"cf4 fs20 ff1\"><br \/>\n<\/span><span class=\"fs24 cf4 ff1\">POR MAS DE 10 INSCRITOS SE OTORGARA UN CUPO GRATIS !!!<\/span><\/b><\/p>\n<p>Para hacer efectiva su\u00a0inscripci\u00f3n\u00a0puede consignar el valor de la misma en nuestra <strong>cuenta de recaudo #403979441 del\u00a0Banco AV VILLAS\u00a0a nombre de Maria Lourdes Obreg\u00f3n.\u00a0<\/strong><span class=\"fs20 cf4 ff1\">(la transacci\u00f3n no genera comisi\u00f3n)<\/span><span class=\"fs24 cf4 ff1\"><br \/>\n<\/span><\/p>\n<h3>Para m\u00e1s informaci\u00f3n por favor llamar a los celulares\u00a0(+57) <span style=\"color: #ff0000;\">316 8746259 &#8211; 321 3739260<\/span><\/h3>\n<p><span class=\"fs20 ff1 cf0\"><b>Con la inscripcion tiene derecho a:<\/b><\/span><\/p>\n<p><span class=\"fs20 ff1 cf0\"><b><a href=\"http:\/\/zonabiker.com\/2014\/viii-ibague-bike-week-2014\/logos\/\" target=\"_blank\" rel=\"attachment wp-att-2312 noopener\"><img loading=\"lazy\" decoding=\"async\" class=\"aligncenter wp-image-2312\" title=\"Buso del Ibagu\u00e9 Bike Week 2014\" src=\"http:\/\/zonabiker.com\/wp-content\/uploads\/2014\/09\/logos.jpg\" alt=\"Buso del Ibagu\u00e9 Bike Week 2014\" width=\"600\" height=\"564\" \/><\/a><\/b><\/span><\/p>\n<p><span class=\"fs20 ff1 cf0\">&#8211;<wbr><\/wbr> Parqueo de las motos en el lugar del Evento (NO EXISTIRA PARQUEO PARA LOS NO INSCRITOS)<br \/>\n&#8211;<wbr><\/wbr> Servicio de Ambulancia durante las rodadas<br \/>\n&#8211;<wbr><\/wbr> Acompa\u00f1amiento de la Policia de Carreteras en las Caravanas<br \/>\n&#8211;<wbr><\/wbr> Entradas VIP al Evento, Fiesta Tem\u00e1tica, Rumba y dem\u00e1s actividades programadas.<br \/>\n&#8211;<wbr><\/wbr> Cuatro Almuerzos ( 2 almuerzos el sabado &#8211;<wbr><\/wbr> 2 almuerzos el Domingo) para las parejas inscritas, y Dos almuerzos (1<\/span><span class=\"cf1 fs20 ff1\">almuerzo<\/span><span class=\"cf0 fs20 ff1\"> \u00a0el s\u00e1bado &#8211;<wbr><\/wbr> 1<\/span><span class=\"cf1 fs20 ff1\">almuerzo<\/span><span class=\"cf0 fs20 ff1\"> el Domingo) para la inscripcion individual<br \/>\n&#8211;<wbr><\/wbr> Dos Camisetas Conmemorativas para las parejas inscritas, y Una Camiseta conmemorativa para la inscripci\u00f3n individual<br \/>\n&#8211;<wbr><\/wbr> Memorias del Evento en formato digital para descargar desde la pagina web www.pijaosbikers.com<\/span><\/p>\n<p>Bueno y ahora a disfrutar al m\u00e1ximo y a sentirse bien como lo hace el motero que le gustan los encuentros!<br \/>\n<b><br \/>\nRECUERDA : !LA INSCRIPCI\u00d3N\u00a0ES LA QUE HACE POSIBLE ESTOS EVENTOS, APOYALOS INSCRIBIENDOTE!<\/b><\/p>\n<h1 style=\"text-align: center;\"><span style=\"color: #ff0000;\">GU\u00cdA HOTELERA<\/span><\/h1>\n<table border=\"0\" cellspacing=\"0\" cellpadding=\"0\">\n<tbody>\n<tr>\n<td valign=\"top\" width=\"366\">\u00a0<a href=\"http:\/\/zonabiker.com\/2014\/viii-ibague-bike-week-2014\/tierracaliente-centro-vacacional\/\" rel=\"attachment wp-att-2291\"><img loading=\"lazy\" decoding=\"async\" class=\"aligncenter size-medium wp-image-2291\" src=\"http:\/\/zonabiker.com\/wp-content\/uploads\/2014\/09\/Tierracaliente-Centro-Vacacional-300x175.png\" alt=\"Tierracaliente Centro Vacacional\" width=\"300\" height=\"175\" \/><\/a><\/td>\n<td width=\"236\">\n<h3 style=\"text-align: center;\"><span style=\"color: #ff0000;\">HOTEL OFICIAL DEL EVENTO<\/span><\/h3>\n<h3>TIERRACALIENTE Centro Vacacional<\/h3>\n<h4><span style=\"font-family: Calibri;\">Km. 22 v\u00eda Ibagu\u00e9\u00a0&#8211; Bogot\u00e1<\/span><\/h4>\n<h4>PBX: +57 (8) 277 09 19 \u00a0&#8211;<wbr><\/wbr> 277 09 31<\/h4>\n<h4>reservas@tierracalienteibague.com<\/h4>\n<h4><a title=\"Tierracaliente Centro Vacacional\" href=\"http:\/\/www.tierracalienteibague.com\/\" target=\"_blank\" rel=\"noopener\">www.tierracalienteibague.com<\/a><\/h4>\n<\/td>\n<\/tr>\n<tr>\n<td valign=\"top\" width=\"366\">\u00a0<a href=\"http:\/\/zonabiker.com\/2014\/viii-ibague-bike-week-2014\/logo-casamorales\/\" rel=\"attachment wp-att-2292\"><img loading=\"lazy\" decoding=\"async\" class=\"aligncenter size-full wp-image-2292\" src=\"http:\/\/zonabiker.com\/wp-content\/uploads\/2014\/09\/logo-casamorales.jpg\" alt=\"Hotel Casa Morales\" width=\"310\" height=\"97\" \/><\/a><\/td>\n<td width=\"236\">\n<h4><span style=\"font-family: Calibri;\">HOTEL\u00a0CASA MORALES<\/span><\/h4>\n<h4>Cra 3\u00aa No 3-47 B\/La Pola &#8211; Ibagu\u00e9.<\/h4>\n<h4>PBX: (098) 261 9404 &#8211; 261 9403<\/h4>\n<h4><span style=\"font-family: Calibri;\">Cel: (57)\u00a0315 3722423<\/span><\/h4>\n<h4><a title=\"Hotel Casa Morales\" href=\"http:\/\/www.hotelcasamorales.com\/\" target=\"_blank\" rel=\"noopener\">www.hotelcasamorales.com<\/a><\/h4>\n<\/td>\n<\/tr>\n<tr>\n<td valign=\"top\" width=\"366\">\u00a0<a href=\"http:\/\/zonabiker.com\/2014\/viii-ibague-bike-week-2014\/logo_ecostar_8\/\" rel=\"attachment wp-att-2293\"><img loading=\"lazy\" decoding=\"async\" class=\"aligncenter size-full wp-image-2293\" src=\"http:\/\/zonabiker.com\/wp-content\/uploads\/2014\/09\/Logo_Ecostar_8.png\" alt=\"Eco Star Hotel\" width=\"186\" height=\"166\" \/><\/a><\/td>\n<td width=\"236\">\n<h4>ECOSTAR HOTEL<\/h4>\n<h4><span style=\"font-family: Calibri;\">Calle 60 N\u00b0 7 &#8211; 96, Ibagu\u00e9.<\/span><\/h4>\n<h4>Conmutador:\u00a02741212 &#8211; 2741099<\/h4>\n<h4>Cel: (57)\u00a0314 2982310\u00a0&#8211;\u00a0318\u00a06081161<\/h4>\n<h4><a title=\"EcoStar Hotel\" href=\"http:\/\/www.ecostarhotel.co\/\" target=\"_blank\" rel=\"noopener\">www.ecostarhotel.co<\/a><\/h4>\n<\/td>\n<\/tr>\n<\/tbody>\n<\/table>\n<p style=\"text-align: center;\"><a href=\"http:\/\/zonabiker.com\/2014\/viii-ibague-bike-week-2014\/ibague-bike-week-2014-intro\/\" rel=\"attachment wp-att-2250\"><img loading=\"lazy\" decoding=\"async\" class=\"aligncenter size-full wp-image-2250\" src=\"http:\/\/zonabiker.com\/wp-content\/uploads\/2014\/09\/Ibagu\u00e9-Bike-Week-2014-Intro.jpg\" alt=\"VIII BIKE WEEK Ibagu\u00e9 2014.\" width=\"623\" height=\"341\" \/><\/a><\/p>\n","protected":false},"excerpt":{"rendered":"<p>VIII \u00a0ENCUENTRO DE MOTOS CUSTOM Y DE ALTO CILINDRAJE \u00a0EN IBAGU\u00c9 CIUDAD MUSICAL DE COLOMBIA-IBAGUE BIKE WEEK 2014. NOVIEMBRE 14 \u00a015 Y 16 DE 2014. VIII IBAGU\u00c9 BIKE WEEK 2014\u00a0es un certamen tur\u00edstico \u2013 deportivo, que re\u00fane la m\u00e1s grande exhibici\u00f3n nacional e internacional de&#8230;<\/p>\n","protected":false},"author":1,"featured_media":2247,"comment_status":"open","ping_status":"open","sticky":false,"template":"","format":"standard","meta":{"om_disable_all_campaigns":false,"_mi_skip_tracking":false,"footnotes":""},"categories":[5],"tags":[40,57,72,114,128,153,193,265,269],"class_list":["post-2242","post","type-post","status-publish","format-standard","has-post-thumbnail","hentry","category-eventos","tag-40","tag-alto-cilindraje","tag-bike","tag-custom","tag-encuentro","tag-ibague","tag-motos","tag-viii","tag-week"],"aioseo_notices":[],"_links":{"self":[{"href":"https:\/\/territoriobiker.com\/index.php\/wp-json\/wp\/v2\/posts\/2242","targetHints":{"allow":["GET"]}}],"collection":[{"href":"https:\/\/territoriobiker.com\/index.php\/wp-json\/wp\/v2\/posts"}],"about":[{"href":"https:\/\/territoriobiker.com\/index.php\/wp-json\/wp\/v2\/types\/post"}],"author":[{"embeddable":true,"href":"https:\/\/territoriobiker.com\/index.php\/wp-json\/wp\/v2\/users\/1"}],"replies":[{"embeddable":true,"href":"https:\/\/territoriobiker.com\/index.php\/wp-json\/wp\/v2\/comments?post=2242"}],"version-history":[{"count":0,"href":"https:\/\/territoriobiker.com\/index.php\/wp-json\/wp\/v2\/posts\/2242\/revisions"}],"wp:featuredmedia":[{"embeddable":true,"href":"https:\/\/territoriobiker.com\/index.php\/wp-json\/"}],"wp:attachment":[{"href":"https:\/\/territoriobiker.com\/index.php\/wp-json\/wp\/v2\/media?parent=2242"}],"wp:term":[{"taxonomy":"category","embeddable":true,"href":"https:\/\/territoriobiker.com\/index.php\/wp-json\/wp\/v2\/categories?post=2242"},{"taxonomy":"post_tag","embeddable":true,"href":"https:\/\/territoriobiker.com\/index.php\/wp-json\/wp\/v2\/tags?post=2242"}],"curies":[{"name":"wp","href":"https:\/\/api.w.org\/{rel}","templated":true}]}}