{"id":2186,"date":"2014-07-15T20:33:14","date_gmt":"2014-07-16T01:33:14","guid":{"rendered":"http:\/\/zonabiker.com\/?p=2186"},"modified":"2014-07-15T20:33:14","modified_gmt":"2014-07-16T01:33:14","slug":"4to-desfile-motociclistico-heroes-de-la-patria","status":"publish","type":"post","link":"https:\/\/territoriobiker.com\/index.php\/2014\/07\/15\/4to-desfile-motociclistico-heroes-de-la-patria\/","title":{"rendered":"4to Desfile Motocicl\u00edstico H\u00e9roes De La Patr\u00eda"},"content":{"rendered":"<h1>4to Desfile Motocicl\u00edstico H\u00e9roes De La Patr\u00eda &#8211; Feria de Flores 2014.<\/h1>\n<p><a href=\"http:\/\/zonabiker.com\/2014\/4to-desfile-motociclistico-heroes-de-la-patria\/flyer-tiro-final\/\" target=\"_blank\" rel=\"attachment wp-att-2187 noopener\"><img loading=\"lazy\" decoding=\"async\" class=\"aligncenter wp-image-2187\" title=\"Desfile H\u00e9roes de la Patria - Feria de Flores Medell\u00edn 2014\" src=\"http:\/\/zonabiker.com\/wp-content\/uploads\/2014\/07\/Flyer-tiro-final.jpg\" alt=\"Desfile H\u00e9roes de la Patria - Feria de Flores Medell\u00edn 2014\" width=\"450\" height=\"675\" \/><\/a><\/p>\n<h2>GRAN DESFILE H\u00c9ROES DE LA PATRIA<\/h2>\n<p style=\"text-align: justify;\">Este pr\u00f3ximo 7 de agosto se llevar\u00e1 acabo en la ciudad de Medell\u00edn dentro del marco de la Feria de Las Flores, el 4to Desfile H\u00e9roes de la Patria en apoyo a la FUNDACI\u00d3N PROTECCI\u00d3N H\u00c9ROES DE LA PATRIA; si existe una buena raz\u00f3n para salir a rodar es esta; por nuestra Colombia, por nuestro Ejercito Nacional, por los H\u00e9roes de la Patria que nos han mantenido a salvo en nuestras rutas y dan sus vidas por nosotros. Te esperamos.<\/p>\n<p style=\"text-align: justify;\">Todo el dinero recaudado en esta actividad es para la\u00a0FUNDACI\u00d3N PROTECCI\u00d3N H\u00c9ROES DE LA PATRIA.<\/p>\n<p style=\"text-align: justify;\"><strong>FECHA:<\/strong> Jueves 7 de Agosto de 2014 &#8211; D\u00eda del Ejercito Nacional.<\/p>\n<h2 style=\"text-align: center;\"><span style=\"color: #ff0000;\">PROGRAMACI\u00d3N<\/span><\/h2>\n<p>6:00 AM &#8211; 8:00 AM Formaci\u00f3n. Calle Colombia (Frente a la IV Brigada).<\/p>\n<p>8:50 AM Salida Puntual.<\/p>\n<p>Recorrido: Carrera 80 hasta la Aguacatala &#8211; V\u00eda Regional al Parque Lleras &#8211; La Presidenta.<\/p>\n<p>Gran recibimiento en el parque Lleras y exhibici\u00f3n militar.<\/p>\n<p>Donaci\u00f3n: <strong>Pre-inscripci\u00f3n $80.000 por moto.<\/strong><\/p>\n<p><strong>D\u00eda del evento $100.000 por moto.<\/strong><\/p>\n<p>Informes: 312 7953976<\/p>\n<p style=\"text-align: center;\"><a href=\"http:\/\/zonabiker.com\/2014\/4to-desfile-motociclistico-heroes-de-la-patria\/flyer_retiro_final\/\" target=\"_blank\" rel=\"attachment wp-att-2188 noopener\"><img loading=\"lazy\" decoding=\"async\" class=\"aligncenter wp-image-2188\" title=\"Recorrido del 4to Desfile H\u00e9roes de la Patria - Feria de Flores Medell\u00edn 2014.\" src=\"http:\/\/zonabiker.com\/wp-content\/uploads\/2014\/07\/Flyer_retiro_final.jpg\" alt=\"Recorrido del 4to Desfile H\u00e9roes de la Patria - Feria de Flores Medell\u00edn 2014.\" width=\"600\" height=\"395\" \/><\/a><\/p>\n<h1 style=\"text-align: justify;\"><a href=\"http:\/\/zonabiker.com\/2014\/4to-desfile-motociclistico-heroes-de-la-patria\/logo-heroes\/\" rel=\"attachment wp-att-2194\"><img loading=\"lazy\" decoding=\"async\" class=\"alignleft size-full wp-image-2194\" src=\"http:\/\/zonabiker.com\/wp-content\/uploads\/2014\/07\/logo-heroes.jpg\" alt=\"Fundaci\u00f3n Protecci\u00f3n H\u00e9roes de la Patria\" width=\"120\" height=\"212\" \/><\/a>Fundaci\u00f3n Protecci\u00f3n H\u00e9roes de la Patria<\/h1>\n<p style=\"text-align: justify;\">En Colombia los HEROES SI EXISTEN, son los hombres y mujeres de las Fuerzas Militares, quienes se sacrifican d\u00eda a d\u00eda en su misi\u00f3n de mantener nuestra seguridad; sin embargo, reciben ataques por m\u00faltiples flancos que se extienden m\u00e1s all\u00e1 del enfrentamiento armado, con la idea de perjudicar su integridad f\u00edsica y su dignidad personal, moral e intelectual. A trav\u00e9s de la guerra jur\u00eddica las organizaciones enemigas de la paz buscan afectar el buen nombre y la libertad de nuestros soldados y militares que enfrentan procesos jur\u00eddicos por causa de resultados operacionales. No podemos dejar solos a nuestros soldados, ellos nos defienden cada d\u00eda en el enfrentamiento militar y es nuestra responsabilidad apoyarlos en su justa defensa en los estrados judiciales.<\/p>\n<p style=\"text-align: justify;\">Tenemos el compromiso de buscar y obtener apoyo econ\u00f3mico de nuestros compatriotas, para que unidos defendamos el Honor y la Libertad de Nuestros H\u00e9roes. La Fundaci\u00f3n Protecci\u00f3n H\u00e9roes de la Patria trabaja y trabajar\u00e1 siempre para que los hombres de la IV Brigada de nuestro Glorioso Ej\u00e9rcito mantengan su, FE EN LA CAUSA!<\/p>\n<p style=\"text-align: justify;\">M\u00e1s informaci\u00f3n en\u00a0<a href=\"http:\/\/proteccionheroesdelapatria.org\/\" target=\"_blank\" rel=\"noopener\">www.proteccionheroesdelapatria.org<\/a><\/p>\n","protected":false},"excerpt":{"rendered":"<p>4to Desfile Motocicl\u00edstico H\u00e9roes De La Patr\u00eda &#8211; Feria de Flores 2014. GRAN DESFILE H\u00c9ROES DE LA PATRIA Este pr\u00f3ximo 7 de agosto se llevar\u00e1 acabo en la ciudad de Medell\u00edn dentro del marco de la Feria de Las Flores, el 4to Desfile H\u00e9roes de&#8230;<\/p>\n","protected":false},"author":1,"featured_media":0,"comment_status":"open","ping_status":"open","sticky":false,"template":"","format":"standard","meta":{"om_disable_all_campaigns":false,"_mi_skip_tracking":false,"footnotes":""},"categories":[5],"tags":[102,121,126,150,198,218],"class_list":["post-2186","post","type-post","status-publish","format-standard","hentry","category-eventos","tag-colombia","tag-desfile","tag-ejercito","tag-heroes","tag-nacional","tag-patria"],"aioseo_notices":[],"_links":{"self":[{"href":"https:\/\/territoriobiker.com\/index.php\/wp-json\/wp\/v2\/posts\/2186","targetHints":{"allow":["GET"]}}],"collection":[{"href":"https:\/\/territoriobiker.com\/index.php\/wp-json\/wp\/v2\/posts"}],"about":[{"href":"https:\/\/territoriobiker.com\/index.php\/wp-json\/wp\/v2\/types\/post"}],"author":[{"embeddable":true,"href":"https:\/\/territoriobiker.com\/index.php\/wp-json\/wp\/v2\/users\/1"}],"replies":[{"embeddable":true,"href":"https:\/\/territoriobiker.com\/index.php\/wp-json\/wp\/v2\/comments?post=2186"}],"version-history":[{"count":0,"href":"https:\/\/territoriobiker.com\/index.php\/wp-json\/wp\/v2\/posts\/2186\/revisions"}],"wp:attachment":[{"href":"https:\/\/territoriobiker.com\/index.php\/wp-json\/wp\/v2\/media?parent=2186"}],"wp:term":[{"taxonomy":"category","embeddable":true,"href":"https:\/\/territoriobiker.com\/index.php\/wp-json\/wp\/v2\/categories?post=2186"},{"taxonomy":"post_tag","embeddable":true,"href":"https:\/\/territoriobiker.com\/index.php\/wp-json\/wp\/v2\/tags?post=2186"}],"curies":[{"name":"wp","href":"https:\/\/api.w.org\/{rel}","templated":true}]}}