{"id":2144,"date":"2014-07-02T22:04:48","date_gmt":"2014-07-03T03:04:48","guid":{"rendered":"http:\/\/zonabiker.com\/?p=2144"},"modified":"2014-07-02T22:04:48","modified_gmt":"2014-07-03T03:04:48","slug":"cronica-del-14th-classic-custom-bike-week-medellin-2014","status":"publish","type":"post","link":"https:\/\/territoriobiker.com\/index.php\/2014\/07\/02\/cronica-del-14th-classic-custom-bike-week-medellin-2014\/","title":{"rendered":"Cr\u00f3nica del 14Th Classic &#038; Custom BIKE WEEK Medell\u00edn 2014"},"content":{"rendered":"<h1>Cr\u00f3nica del 14Th Classic &amp; Custom BIKE WEEK Medell\u00edn 2014.<\/h1>\n<blockquote>\n<address>\u00a0<\/address>\n<address>Con sentimiento patrio, con la camiseta\u00a0de Colombia y apoyando a nuestra selecci\u00f3n.<\/address>\n<address>Por Juan Pablo Mart\u00ednez V. (Bucaramanga)<\/address>\n<\/blockquote>\n<p style=\"text-align: justify;\">Colombia es un pa\u00eds de pasiones, vivimos apasionadamente cada una de las cosas que hacen parte de nuestra vida, un sentimiento colectivo \u00fanico de amor patrio cada vez que alguien representa\u00a0nuestra naci\u00f3n o cuando somos destacados en cualquier \u00e1rea; y cuando un Colombiano logra un triunfo en el exterior nos llenamos de orgullo patrio; el f\u00fatbol siendo el deporte que mayor cantidad de seguidores tiene en el mundo no es la excepci\u00f3n; hace 16 a\u00f1os la selecci\u00f3n Colombiana de f\u00fatbol no asist\u00eda a un mundial y con esta nueva generaci\u00f3n de jugadores, de la mano del director t\u00e9cnico Jos\u00e9 N\u00e9stor P\u00e9kerman, llevaron la selecci\u00f3n nuevamente a un mundial; revivi\u00f3 el sentimiento patrio de apoyo apasionado por nuestra selecci\u00f3n. Esta cr\u00f3nica del 14th Classic &amp; Custom BIKE WEEK Medell\u00edn 2014 no pod\u00eda ser indiferente ante el enorme sentimiento que todo un pa\u00eds experimenta cuando su selecci\u00f3n nacional de f\u00fatbol hace una excelente participaci\u00f3n hist\u00f3rica en un\u00a0mundial y es por eso que hoy comienzo estas palabras recordando nuestra histeria colectiva despu\u00e9s de cada triunfo de nuestra selecci\u00f3n de f\u00fatbol.<\/p>\n<p style=\"text-align: justify;\"><a href=\"http:\/\/zonabiker.com\/coppermine\/displayimage.php?album=69&amp;pid=19875#top_display_media\" target=\"_blank\" rel=\"noopener\"><img loading=\"lazy\" decoding=\"async\" class=\"alignleft wp-image-2154\" title=\"Sergio Munera (organizador del evento) y las chicas Bike Week 2014\" src=\"http:\/\/zonabiker.com\/wp-content\/uploads\/2014\/07\/Bike_Week_Medellin_2014_003.jpg\" alt=\"Sergio Munera (organizador del evento) y las chicas Bike Week 2014\" width=\"267\" height=\"200\" \/><\/a>En medio de este ambiente mundialista, despu\u00e9s de la clasificaci\u00f3n de la selecci\u00f3n Colombiana de f\u00fatbol a los octavos de final y en su tradicional fecha de vacaciones de mitad de a\u00f1o, se extendi\u00f3 la invitaci\u00f3n a\u00a0participar del BIKE WEEK MEDELL\u00cdN que este a\u00f1o llegaba a su edici\u00f3n n\u00famero catorce\u00a0de la mano de su director Sergio M\u00fanera y el equipo de trabajo de Eventos a Motor. La cita era en el HARD ROCK CAFE MEDELL\u00cdN, un amplio espacio para la integraci\u00f3n de los asistentes que contaba con multitud de pantallas, comida y bebidas; un ambiente \u00fanico para disfrutar de la fiesta del f\u00fatbol. El viernes despu\u00e9s de realizadas la mayor\u00eda de\u00a0inscripciones que amablemente atend\u00edan las hermosas chicas del TEAM LOG\u00cdSTICO encargadas de recibir\u00a0a las delegaciones asistentes y provenientes de todos los rincones del territorio nacional y mientras los presentes disfrutaban del ambiente motero para tomarse algunas fotos con las chicas BIKE WEEK, en el interior del Hard Rock Caf\u00e9 se escuchaban las notas musicales de una banda que al ritmo de sus guitarras interpretaba los temas cl\u00e1sicos y contempor\u00e1neos del Rock; de esta manera\u00a0disfrutamos de la grata compa\u00f1\u00eda de los viejos y los nuevos amigos hasta pasada la media noche; as\u00ed dio inicio este evento con mucho car\u00e1cter familiar.<\/p>\n<p style=\"text-align: center;\"><a href=\"http:\/\/zonabiker.com\/coppermine\/displayimage.php?album=69&amp;pid=19891#top_display_media\" target=\"_blank\" rel=\"attachment wp-att-2157 noopener\"><img loading=\"lazy\" decoding=\"async\" class=\"alignnone wp-image-2157\" title=\"Asistentes al evento y las Chicas Bike Week Medell\u00edn 2014\" src=\"http:\/\/zonabiker.com\/wp-content\/uploads\/2014\/07\/Bike_Week_Medellin_2014_020.jpg\" alt=\"Asistentes al evento y las Chicas Bike Week Medell\u00edn 2014\" width=\"200\" height=\"150\" \/><\/a>\u00a0<a href=\"http:\/\/zonabiker.com\/coppermine\/displayimage.php?album=69&amp;pid=19873#top_display_media\" target=\"_blank\" rel=\"attachment wp-att-2156 noopener\"><img loading=\"lazy\" decoding=\"async\" class=\"alignnone wp-image-2156\" title=\"Yamaha Custom Club Colombia (YCCC) en el Hard Rock Caf\u00e9 Medell\u00edn 2014\" src=\"http:\/\/zonabiker.com\/wp-content\/uploads\/2014\/07\/Bike_Week_Medellin_2014_002.jpg\" alt=\"Yamaha Custom Club Colombia (YCCC) en el Hard Rock Caf\u00e9 Medell\u00edn 2014\" width=\"200\" height=\"150\" \/><\/a>\u00a0<a href=\"http:\/\/zonabiker.com\/coppermine\/displayimage.php?album=69&amp;pid=19880#top_display_media\" target=\"_blank\" rel=\"attachment wp-att-2153 noopener\"><img loading=\"lazy\" decoding=\"async\" class=\"Hard Rock Caf\u00e9 Medell\u00edn alignnone wp-image-2153\" src=\"http:\/\/zonabiker.com\/wp-content\/uploads\/2014\/07\/Bike_Week_Medellin_2014_008.jpg\" alt=\"Hard Rock Caf\u00e9 Medell\u00edn\" width=\"200\" height=\"150\" \/><\/a><\/p>\n<p style=\"text-align: justify;\"><a href=\"http:\/\/zonabiker.com\/coppermine\/displayimage.php?album=69&amp;pid=19892#top_display_media\" target=\"_blank\" rel=\"attachment wp-att-2159 noopener\"><img loading=\"lazy\" decoding=\"async\" class=\"alignleft wp-image-2159\" title=\"Caravana del d\u00eda s\u00e1bado del Bike Week Medellin 2014\" src=\"http:\/\/zonabiker.com\/wp-content\/uploads\/2014\/07\/Bike_Week_Medellin_2014_019.jpg\" alt=\"Caravana del d\u00eda s\u00e1bado del Bike Week Medellin 2014\" width=\"200\" height=\"150\" \/><\/a>El s\u00e1bado en la ma\u00f1ana el tradicional traje negro que usualmente visten los motociclistas en estos eventos, daba paso a la camiseta amarilla del seleccionado nacional, convirtiendo la escena en un extra\u00f1o cuadro de fiebre amarilla; mientras algunos que reci\u00e9n llegaban proced\u00edan con la correspondiente inscripci\u00f3n al evento, los adelantados nos acomod\u00e1bamos para disfrutar del encuentro entre Brasil y Chile pactado para las 11 de la ma\u00f1ana. Entre los comentarios que envidiar\u00eda cualquier experimentado director t\u00e9cnico y que solucionaban el ataque o la defensa del equipo de su preferencia y el m\u00e1s profundo an\u00e1lisis futbol\u00edstico del que podr\u00eda desear ser comentarista deportivo de la m\u00e1s prestigiosa cadena de televisi\u00f3n, pas\u00f3 el partido que dio como vencedor a Brasil y por supuesto con el pitazo final se dio inicio a la caravana programada para llegar al Hotel Hacienda La Bonita, ubicado en el sur-oeste antioque\u00f1o. Al llegar al sitio en menci\u00f3n, nos esperaba un amplio espacio de parqueadero, un fresco y amplio kiosco\u00a0en donde se dispon\u00eda una pantalla gigante y un buffet con un suculento almuerzo ofrecido por la organizaci\u00f3n del evento. C\u00f3modamente sentados y mientras disfrutamos de la deliciosa comida, vimos a la selecci\u00f3n Colombiana de f\u00fatbol hacer historia, celebramos, gritamos, nos abrazamos y volvimos a celebrar, estos j\u00f3venes futbolistas escribieron un nuevo cap\u00edtulo en la historia deportiva del pa\u00eds al clasificarnos por primera vez a unos cuartos de final en un mundial de f\u00fatbol. Personalmente ten\u00eda un leve temor por el regreso a Medell\u00edn despu\u00e9s de la victoria de la selecci\u00f3n pues las noticias nacionales no eran alentadoras; muertos, ri\u00f1as, conductores ebrios y un desorden total se hab\u00edan presentado en las diferentes ciudades del pa\u00eds despu\u00e9s de los tres partidos anteriores y ahora ten\u00edamos que regresar a la ciudad; la sorpresa fue mayor para mi al encontrar una ciudad sin congestiones, sin caravanas arrojando maizena, espuma, confetti o cerrando las v\u00edas, todo el tr\u00e1fico en total orden y tranquilidad; tanto a la llegada al Hard Rock Caf\u00e9 en donde finaliz\u00f3 la caravana como el durante el desplazamiento al hotel, solo pude ver paisas que celebraban la victoria de nuestro seleccionado en total calma, orden, armon\u00eda, despu\u00e9s de ver como se convierte mi ciudad cada vez que la selecci\u00f3n gana un partido, sent\u00eda que en Medell\u00edn estaba en otro pa\u00eds en donde el civismo y la cultura reinaba y en donde la gente pod\u00eda celebrar y festejar sin destrozar la ciudad ni agredir a los dem\u00e1s; que buen ejemplo de cultura ciudadana es Medell\u00edn.<\/p>\n<p style=\"text-align: center;\"><a href=\"http:\/\/zonabiker.com\/coppermine\/displayimage.php?album=69&amp;pid=19972#top_display_media\" target=\"_blank\" rel=\"attachment wp-att-2161 noopener\"><img loading=\"lazy\" decoding=\"async\" class=\"alignnone wp-image-2161\" title=\"Caravana por el Suroeste Antioque\u00f1o\" src=\"http:\/\/zonabiker.com\/wp-content\/uploads\/2014\/07\/Bike_Week_Medellin_2014_101.jpg\" alt=\"Caravana por el Suroeste Antioque\u00f1o\" width=\"200\" height=\"150\" \/><\/a> <a href=\"http:\/\/zonabiker.com\/coppermine\/displayimage.php?album=69&amp;pid=20064#top_display_media\" target=\"_blank\" rel=\"attachment wp-att-2162 noopener\"><img loading=\"lazy\" decoding=\"async\" class=\"alignnone wp-image-2162\" title=\"Hotel Hacienda La Bonita\" src=\"http:\/\/zonabiker.com\/wp-content\/uploads\/2014\/07\/Bike_Week_Medellin_2014_192.jpg\" alt=\"Hotel Hacienda La Bonita\" width=\"200\" height=\"150\" \/><\/a> <a href=\"http:\/\/zonabiker.com\/coppermine\/displayimage.php?album=69&amp;pid=20073#top_display_media\" target=\"_blank\" rel=\"attachment wp-att-2163 noopener\"><img loading=\"lazy\" decoding=\"async\" class=\"alignnone wp-image-2163\" title=\"Celebraci\u00f3n del segundo gol de Colombia ante Uruguay\" src=\"http:\/\/zonabiker.com\/wp-content\/uploads\/2014\/07\/Bike_Week_Medellin_2014_201.jpg\" alt=\"Celebraci\u00f3n del segundo gol de Colombia ante Uruguay\" width=\"200\" height=\"150\" \/><\/a><\/p>\n<p style=\"text-align: justify;\"><a href=\"http:\/\/zonabiker.com\/coppermine\/displayimage.php?album=69&amp;pid=20108#top_display_media\" target=\"_blank\" rel=\"attachment wp-att-2165 noopener\"><img loading=\"lazy\" decoding=\"async\" class=\"alignleft wp-image-2165\" title=\"Bienvenida de las chicas Bike Week Medell\u00edn 2014 a la discoteca LOFT\" src=\"http:\/\/zonabiker.com\/wp-content\/uploads\/2014\/07\/Bike_Week_Medellin_2014_235.jpg\" alt=\"Bienvenida de las chicas Bike Week Medell\u00edn 2014 a la discoteca LOFT\" width=\"200\" height=\"150\" \/><\/a>La noche trajo la fiesta de integraci\u00f3n a la discoteca LOFT ubicada en la avenida Las Palmas y desde donde se contaba con una espectacular vista de la ciudad; las chicas Bike Week 2014 le daban la bienvenida a los asistentes, mientras adentro la rumba daba inicio. La noche nos trajo gratas sorpresas; dos presentaciones de las chicas Bike Week, la primera salida en traje sport y la segunda salida en traje de ba\u00f1o; un espectacular show de camisetas mojadas y la m\u00fasica en vivo del artista invitado Amado Boom (ex-integrante de los cuentos de la cripta) le dieron sabor a la fiesta que se prolong\u00f3 hasta las 4 de la ma\u00f1ana cuando salieron los \u00faltimos asistentes.<\/p>\n<p style=\"text-align: justify;\">El domingo la cita mundialista era para ver el partido entre Holanda y M\u00e9xico, algunos disfrutaron de las atenciones del Hard Rock Caf\u00e9 mientras otros prefirieron llegar al sitio de encuentro despu\u00e9s del certamen futbol\u00edstico. La caravana parti\u00f3 por la avenida El Poblado paralela a la ciclov\u00eda, lo que le permiti\u00f3 a los ciudadanos presentes disfrutar el desfilar de las hermosas m\u00e1quinas que con su rugir atra\u00edan las miradas de todos. La ruta escogida es la mejor que conozco de los alrededores de Medell\u00edn, un magn\u00edfico recorrido por el oriente Antioque\u00f1o que nos llev\u00f3 por la v\u00eda Las Palmas, el Aeropuerto, Llanogrande para finalmente llegar al Mall Zona Gourmet en la v\u00eda a El Retiro.<\/p>\n<p style=\"text-align: center;\"><a href=\"http:\/\/zonabiker.com\/coppermine\/displayimage.php?album=69&amp;pid=19995#top_display_media\" target=\"_blank\" rel=\"attachment wp-att-2166 noopener\"><img loading=\"lazy\" decoding=\"async\" class=\"alignnone wp-image-2166\" title=\"Show de camisetas mojadas en la discoteca LOFT\" src=\"http:\/\/zonabiker.com\/wp-content\/uploads\/2014\/07\/Bike_Week_Medellin_2014_123.jpg\" alt=\"Show de camisetas mojadas en la discoteca LOFT\" width=\"200\" height=\"150\" \/><\/a> <a href=\"http:\/\/zonabiker.com\/coppermine\/displayimage.php?album=69&amp;pid=20135#top_display_media\" target=\"_blank\" rel=\"attachment wp-att-2167 noopener\"><img loading=\"lazy\" decoding=\"async\" class=\"alignnone wp-image-2167\" title=\"Mall Zona Gourmet\" src=\"http:\/\/zonabiker.com\/wp-content\/uploads\/2014\/07\/Bike_Week_Medellin_2014_263.jpg\" alt=\"Mall Zona Gourmet\" width=\"200\" height=\"150\" \/><\/a> <a href=\"http:\/\/zonabiker.com\/coppermine\/displayimage.php?album=69&amp;pid=20229#top_display_media\" target=\"_blank\" rel=\"attachment wp-att-2168 noopener\"><img loading=\"lazy\" decoding=\"async\" class=\"alignnone wp-image-2168\" title=\"Un evento de car\u00e1cter familiar\" src=\"http:\/\/zonabiker.com\/wp-content\/uploads\/2014\/07\/Bike_Week_Medellin_2014_357.jpg\" alt=\"Un evento de car\u00e1cter familiar\" width=\"200\" height=\"150\" \/><\/a><\/p>\n<p style=\"text-align: justify;\">Cuatro restaurantes con variedad de comidas y bebidas, suficiente cantidad de pantallas para ver el partido de f\u00fatbol entre Costa Rica y Grecia, espacio amplio y suficiente para motocicletas y asistentes, m\u00fasica Rock a cargo de la banda Trafico Sur, presentaci\u00f3n y show de m\u00fasica llanera a cargo de Angel Rodriguez de Colombia Tiene Talento, entrega de reconocimientos a la delegaci\u00f3n procedente de Barinas (Venezuela) y a los\u00a0diferentes personajes\u00a0asistentes y finalmente la elecci\u00f3n de la chica Bike Week 2014 que dio como ganadora a Marisol Meza; fueron los eventos que dieron clausura al 14th Classic y Custom BIKE WEEK Medell\u00edn 2014.<\/p>\n<p style=\"text-align: justify;\"><strong><a href=\"http:\/\/zonabiker.com\/coppermine\/displayimage.php?album=69&amp;pid=20252#top_display_media\" target=\"_blank\" rel=\"attachment wp-att-2170 noopener\"><img loading=\"lazy\" decoding=\"async\" class=\"alignleft wp-image-2170\" title=\"Piloto m\u00e1s joven y piloto m\u00e1s viejo del Bike Week Medellin 2014\" src=\"http:\/\/zonabiker.com\/wp-content\/uploads\/2014\/07\/Bike_Week_Medellin_2014_380.jpg\" alt=\"Piloto m\u00e1s joven y piloto m\u00e1s viejo del Bike Week Medellin 2014\" width=\"200\" height=\"150\" \/><\/a>Editorial:<\/strong>\u00a0Muchos estar\u00e1n de acuerdo conmigo que el mayor gusto que puede tener un biker es rodar con cientos, ojal\u00e1 miles, de motocicletas por una ruta que serpentea por los hermosos valles de la geograf\u00eda Colombiana; pero esto no puede ser posible si no asistimos, apoyamos y finalmente nos inscribimos a los encuentros programados. No se asiste a un evento o encuentro biker por la camiseta o el almuerzo que nos dan, porque\u00a0cuente con la presentaci\u00f3n de X o Y personaje o grupo musical, no se trata de si la rodada es larga, corta o si ya conozco el sitio al que vamos a ir, no es un tema de si el evento es en tal pueblo o tal ciudad, no se trata ni siquiera de quien lo organiza, se trata de compartir, de tener la excusa perfecta para sacar la moto, desempolvarla y salir a rodar, hacer el viaje, disfrutar de la ruta, la compa\u00f1\u00eda de los amigos y conocer nuevas personas que comparten con nosotros la misma pasi\u00f3n por las motos y por viajar en ellas; no se trata de si su moto es de determinada marca o de m\u00e1s de tal o cual cilindraje, no se trata del costo, ni de lo que me van a dar; por supuesto que como participantes y asistentes debemos exigirle a los organizadores un buen evento, porque indiscut\u00edblemente las personas pagan por un buen producto, no por algo improvisado o mal organizado pero este no es el caso, en Colombia afortunadamente tenemos organizadores que se esfuerzan y se comprometen para ofrecer un muy buen evento y es triste ver la pobre asistencia que se ve en algunos eventos que merecen mucho m\u00e1s. Motociclista, motero, harlista o harlero, biker&#8230; es momento de cambiar nuestra actitud hac\u00eda nuestra pasi\u00f3n, muchos cambios se han vivido en los \u00faltimos tiempos pero a\u00fan nos falta mayor compromiso, exija un buen evento y apoye a quien se lo merece, apoye los eventos porque de otra manera van a desaparecer y volveremos a la \u00e9poca en que el \u00fanico plan en moto era salir con 3 o 4 amigos a almorzar el domingo a cualquier lugar cercano de la ciudad; la moto naci\u00f3 para ser rodada, para ser montada, para hacerle kil\u00f3metros.<\/p>\n<p style=\"text-align: justify;\"><a href=\"http:\/\/zonabiker.com\/coppermine\/displayimage.php?album=69&amp;pid=20242#top_display_media\" target=\"_blank\" rel=\"attachment wp-att-2171 noopener\"><img loading=\"lazy\" decoding=\"async\" class=\"alignleft wp-image-2171\" title=\"Delegaci\u00f3n de Venezuela presente en el Bike Week Medellin 2014\" src=\"http:\/\/zonabiker.com\/wp-content\/uploads\/2014\/07\/Bike_Week_Medellin_2014_370.jpg\" alt=\"Delegaci\u00f3n de Venezuela presente en el Bike Week Medellin 2014\" width=\"200\" height=\"150\" \/><\/a>No puedo despedirme de esta cr\u00f3nica ni de este evento sin antes dar las gracias; gracias a Sergio M\u00fanera por su invitaci\u00f3n, por trabajar duro e incansablemente por mantener este evento vivo y siempre en mejora a\u00f1o tras a\u00f1o procurando superarse a si mismo en cada nueva edici\u00f3n, gracias tambi\u00e9n por escuchar las sugerencias de los asistentes, por hacer un evento pensado para los que asistimos desde otras ciudades, por pensar en como satisfacer a todos los inscritos, esa debe ser la actitud de quienes programan y ejecutan estos eventos; este fue un evento equilibrado, con una buena dosis de buena rumba, buenas rodadas, buena comida y sobre todo espacios pensados para la integraci\u00f3n de los asistentes. Un agradecimiento especial a la delegaci\u00f3n de Venezuela a quienes acompa\u00f1amos desde su arribo a la ciudad de Bucaramanga, 11 motocicletas que desde Barinas, Merida y El Vigia viajaron durante dos d\u00edas para llegar a este evento a pesar de la enorme desventaja que representa el cambio de moneda y los costos de viaje en Colombia para ellos, gracias infinitas a Ram\u00f3n Sosa, organizador del encuentro de Barinas que se realiza a finales del mes de Octubre y que asiste y dirige este viaje para llevar ideas nuevas para su evento; un biker con pasi\u00f3n en sus venas, una pasi\u00f3n que lo a llevado a viajar desde Estados Unidos hasta Argentina y Chile, un trotamundo en motocicleta y cuyo pr\u00f3ximo reto es llegar a Alaska. Un agradecimiento para Jos\u00e9 Velasquez Pereira con su programa IMPACTO y a su esposa Johanna, quienes viajan y representan a Colombia y a Bucaramanga en innumerables eventos durante todo el a\u00f1o, personas apasionadas y entregadas a este mundo del motociclismo y la hermandad motera y mi nuevo amigo Jose Acosta a quien conoc\u00ed viajando en carretera, rumbo a Medell\u00edn como el llanero. Un agradecimiento para Catherin Arroyave por su invaluable colaboraci\u00f3n para la toma de las fotograf\u00edas de caravana, por su amistad y su incondicional apoyo a ZONA BIKER y finalmente gracias a todas las personas que se acercaron, saludaron y ofrecieron su amistad a este servidor; personas sencillas que con su gran coraz\u00f3n hacen que todo sacrificio por este portal valga la pena, Elkin y se\u00f1ora; as\u00ed como a Andr\u00e9s Echavarr\u00eda y su hermosa compa\u00f1era; a Vikingos Esp\u00edritu Motero representado por John Faiber Garzon y su compa\u00f1era de ruta\u00a0y por supuesto a Edgar Acosta, su esposa Luz Yaned Barrera y a Walter Guarin, los integrantes de Halcones de Villavicencio, quienes tuvieron el hermoso detalle de reconocer nuestra amistad con un parche de su Moto Club, el cual portar\u00e9 con orgullo en mi chaleco.<\/p>\n<p style=\"text-align: center;\"><a href=\"http:\/\/zonabiker.com\/coppermine\/displayimage.php?album=69&amp;pid=20165#top_display_media\" target=\"_blank\" rel=\"attachment wp-att-2173 noopener\"><img loading=\"lazy\" decoding=\"async\" class=\"alignnone wp-image-2173\" title=\"Juan Pablo Mart\u00ednez, director de www.zonabiker.com presente en el Bike Week Medellin 2014\" src=\"http:\/\/zonabiker.com\/wp-content\/uploads\/2014\/07\/Bike_Week_Medellin_2014_293.jpg\" alt=\"Juan Pablo Mart\u00ednez, director de www.zonabiker.com presente en el Bike Week Medellin 2014\" width=\"600\" height=\"450\" \/><\/a><\/p>\n<p style=\"text-align: justify;\">No siendo m\u00e1s por el momento (y perd\u00f3n por lo extenso de los agradecimientos), me despido de todos ustedes con la esperanza de poder verlos en el pr\u00f3ximo evento al que nos inviten.<\/p>\n<h3 style=\"color: #252324;\"><a title=\"Click aqu\u00ed para ver el \u00e1lbum de fotos del 14Th Classic &amp; Custom BIKE WEEK Medell\u00edn 2014\" href=\"http:\/\/zonabiker.com\/coppermine\/thumbnails.php?album=69&amp;page=1\" target=\"_blank\" rel=\"noopener\">Si quieres ver las 400 fotos que publicamos\u00a0de este evento, entonces\u00a0visita el \u00e1lbum de fotos del<\/a><\/h3>\n<h2 style=\"color: #000000;\"><a title=\"Click aqu\u00ed para ver el \u00e1lbum de fotos del 14Th Classic &amp; Custom BIKE WEEK Medell\u00edn 2014\" href=\"http:\/\/zonabiker.com\/coppermine\/thumbnails.php?album=69&amp;page=1\" target=\"_blank\" rel=\"noopener\">14Th Classic &amp; Custom BIKE WEEK Medell\u00edn 2014<\/a><\/h2>\n<h3 style=\"color: #252324;\">.<\/h3>\n","protected":false},"excerpt":{"rendered":"<p>Cr\u00f3nica del 14Th Classic &amp; Custom BIKE WEEK Medell\u00edn 2014. \u00a0 Con sentimiento patrio, con la camiseta\u00a0de Colombia y apoyando a nuestra selecci\u00f3n. Por Juan Pablo Mart\u00ednez V. (Bucaramanga) Colombia es un pa\u00eds de pasiones, vivimos apasionadamente cada una de las cosas que hacen parte&#8230;<\/p>\n","protected":false},"author":1,"featured_media":2154,"comment_status":"open","ping_status":"open","sticky":false,"template":"","format":"standard","meta":{"om_disable_all_campaigns":false,"_mi_skip_tracking":false,"footnotes":""},"categories":[13],"tags":[28,40,72,99,112,114,177,269],"class_list":["post-2144","post","type-post","status-publish","format-standard","has-post-thumbnail","hentry","category-cronicas","tag-14th","tag-40","tag-bike","tag-classic","tag-cronica","tag-custom","tag-medellin","tag-week"],"aioseo_notices":[],"_links":{"self":[{"href":"https:\/\/territoriobiker.com\/index.php\/wp-json\/wp\/v2\/posts\/2144","targetHints":{"allow":["GET"]}}],"collection":[{"href":"https:\/\/territoriobiker.com\/index.php\/wp-json\/wp\/v2\/posts"}],"about":[{"href":"https:\/\/territoriobiker.com\/index.php\/wp-json\/wp\/v2\/types\/post"}],"author":[{"embeddable":true,"href":"https:\/\/territoriobiker.com\/index.php\/wp-json\/wp\/v2\/users\/1"}],"replies":[{"embeddable":true,"href":"https:\/\/territoriobiker.com\/index.php\/wp-json\/wp\/v2\/comments?post=2144"}],"version-history":[{"count":0,"href":"https:\/\/territoriobiker.com\/index.php\/wp-json\/wp\/v2\/posts\/2144\/revisions"}],"wp:featuredmedia":[{"embeddable":true,"href":"https:\/\/territoriobiker.com\/index.php\/wp-json\/"}],"wp:attachment":[{"href":"https:\/\/territoriobiker.com\/index.php\/wp-json\/wp\/v2\/media?parent=2144"}],"wp:term":[{"taxonomy":"category","embeddable":true,"href":"https:\/\/territoriobiker.com\/index.php\/wp-json\/wp\/v2\/categories?post=2144"},{"taxonomy":"post_tag","embeddable":true,"href":"https:\/\/territoriobiker.com\/index.php\/wp-json\/wp\/v2\/tags?post=2144"}],"curies":[{"name":"wp","href":"https:\/\/api.w.org\/{rel}","templated":true}]}}