{"id":2103,"date":"2014-06-04T21:55:44","date_gmt":"2014-06-05T02:55:44","guid":{"rendered":"http:\/\/zonabiker.com\/?p=2103"},"modified":"2014-06-04T21:55:44","modified_gmt":"2014-06-05T02:55:44","slug":"cronica-del-primer-encuentro-harley-davidson-medellin-2014","status":"publish","type":"post","link":"https:\/\/territoriobiker.com\/index.php\/2014\/06\/04\/cronica-del-primer-encuentro-harley-davidson-medellin-2014\/","title":{"rendered":"Cr\u00f3nica del Primer Encuentro Harley-Davidson Medell\u00edn 2014"},"content":{"rendered":"<h1>Cr\u00f3nica del Primer Encuentro Harley-Davidson Medell\u00edn 2014.<\/h1>\n<blockquote>\n<address>Un evento de ciudad con sabor internacional.<\/address>\n<address>Por Juan Pablo Mart\u00ednez V. (Bucaramanga)<\/address>\n<\/blockquote>\n<p style=\"text-align: justify;\"><a href=\"http:\/\/www.zonabiker.com\/coppermine\/displayimage.php?album=68&amp;pid=19491#top_display_media\" target=\"_blank\" rel=\"noopener\"><img loading=\"lazy\" decoding=\"async\" class=\"alignleft wp-image-2105\" title=\"Harley-Davidson Medell\u00edn\" src=\"http:\/\/zonabiker.com\/wp-content\/uploads\/2014\/06\/H-Dmedellin2014-019-300x225.jpg\" alt=\"Harley-Davidson Medell\u00edn\" width=\"200\" height=\"150\" \/><\/a>Con la llegada del segundo concesionario de Harley-Davidson a Colombia era de esperarse que un nuevo encuentro de la famosa marca de motocicletas norte americana se programara en el calendario nacional; dif\u00edcil labor dado el gran n\u00famero de encuentros que se realizan en nuestro pa\u00eds y que a\u00f1o tras a\u00f1o aumenta haciendo que cada vez sean m\u00e1s los eventos enfrentados en una misma fecha.\u00a0Una vez establecida la fecha para este evento, no qued\u00f3 m\u00e1s que dejar en manos de ZONA BIKER la convocatoria que pretend\u00eda reunir al menos 300 motocicletas que deb\u00edan cumplir con el \u00fanico requisito de tener un motor de m\u00e1s de 500 cent\u00edmetros c\u00fabicos.\u00a0Con la expectativa que exist\u00eda en torno a este evento aunado al apoyo econ\u00f3mico brindado por Harley-Davidson Medell\u00edn, era el momento oportuno para regresar a la ciudad de la eterna primavera.<\/p>\n<p style=\"text-align: justify;\"><a href=\"http:\/\/www.zonabiker.com\/coppermine\/displayimage.php?album=68&amp;pid=19501#top_display_media\" target=\"_blank\" rel=\"noopener\"><img loading=\"lazy\" decoding=\"async\" class=\"alignright wp-image-2107 size-medium\" src=\"http:\/\/zonabiker.com\/wp-content\/uploads\/2014\/06\/H-Dmedellin2014_030-300x225.jpg\" alt=\"Tienda Harley-Davidson Medell\u00edn\" width=\"300\" height=\"225\" \/><\/a>El viernes 30 de mayo, hacia el mediod\u00eda, llegu\u00e9 a la tienda Harley-Davidson Medell\u00edn ubicada en la zona del parque Lleras, un pintoresco sector de la ciudad lleno de restaurantes, discotecas y bares que lo convierten en la zona de la diversi\u00f3n y la rumba, y por este fin de semana, en la zona de las motos.<\/p>\n<p style=\"text-align: justify;\">La calle rebosaba de actividad, motociclistas locales y muchos otros venidos de todos los rincones del pa\u00eds comenzaban a llenar las instalaciones con sus espectaculares maquinas cubiertas de polvo y tierra que evidenciaban el trajinar por las rutas polvorientas de nuestra geograf\u00eda; para solucionar esta situaci\u00f3n, Sergio, el administrador del \u00e1rea de partes y servicios, estaba recibiendo las motos que requer\u00edan de un lavado urgente y con total diligencia se encargaba de dejar las maquinas como nuevas. De la misma forma en que Sergio se encargaba de embellecer las motos, Diana, La Negra como cari\u00f1osamente se le conoce, se encargaba de embellecer a los asistentes con los productos del \u00e1rea de almac\u00e9n, en donde los amantes de la Mo.Co. encontraron un muy variado surtido de ropa y accesorios para los chicos y grandes. En las oficinas de gerencia, Patricia y Manllelay atend\u00edan a quienes llegaban a inscribirse o a reportar su pre-inscripci\u00f3n, indic\u00e1ndoles a los asistentes que muy pronto comenzar\u00edan a repartir los kits de inscripci\u00f3n.<\/p>\n<p style=\"text-align: justify;\">En el parque La Presidenta, ubicado a la espalda de la tienda Harley-Davidson, se encontraba una tarima instalada con sonido y espacio para los asistentes y sus motocicletas; all\u00ed se pod\u00eda disfrutar de 3 stands, uno de pizza, otro de club Colombia y uno de nuestros hermanos de L.A.M.A. Medell\u00edn quienes por medio de fotos y v\u00eddeos le contaban a los curiosos de que se trata esta maravillosa asociaci\u00f3n.<\/p>\n<p style=\"text-align: center;\"><a href=\"http:\/\/www.zonabiker.com\/coppermine\/displayimage.php?album=68&amp;pid=19595#top_display_media\" target=\"_blank\" rel=\"noopener\"><img loading=\"lazy\" decoding=\"async\" class=\"alignnone wp-image-2112\" src=\"http:\/\/zonabiker.com\/wp-content\/uploads\/2014\/06\/H-Dmedellin2014_285-300x225.jpg\" alt=\"H-Dmedellin2014_285\" width=\"200\" height=\"150\" \/>\u00a0<img loading=\"lazy\" decoding=\"async\" class=\"alignnone wp-image-2110\" src=\"http:\/\/zonabiker.com\/wp-content\/uploads\/2014\/06\/H-Dmedellin2014_123-300x225.jpg\" alt=\"H-Dmedellin2014_123\" width=\"200\" height=\"150\" \/><\/a>\u00a0<a href=\"http:\/\/www.zonabiker.com\/coppermine\/displayimage.php?album=68&amp;pid=19618#top_display_media\" target=\"_blank\" rel=\"noopener\"><img loading=\"lazy\" decoding=\"async\" class=\"alignnone wp-image-2111\" src=\"http:\/\/zonabiker.com\/wp-content\/uploads\/2014\/06\/H-Dmedellin2014_146-300x225.jpg\" alt=\"H-Dmedellin2014_146\" width=\"200\" height=\"150\" \/><\/a><\/p>\n<p style=\"text-align: justify;\"><a href=\"http:\/\/www.zonabiker.com\/coppermine\/displayimage.php?album=68&amp;pid=19500#top_display_media\"><img loading=\"lazy\" decoding=\"async\" class=\"alignleft size-medium wp-image-2114\" src=\"http:\/\/zonabiker.com\/wp-content\/uploads\/2014\/06\/H-Dmedellin2014_028-300x225.jpg\" alt=\"H-Dmedellin2014_028\" width=\"300\" height=\"225\" \/><\/a>Las calles aleda\u00f1as a la tienda Harley-Davidson Medell\u00edn se encontraban abarrotadas de gente, por una parte los asistentes al evento pod\u00edan estacionar\u00a0sus motos en una serie de calles cerradas para tal fin y disfrutar de una segunda tarima instalada en el Parque Lleras en donde las presentaciones en vivo del grupo Trafico Sur y otras bandas de rock deleitaban con su m\u00fasica a los presentes. Grupos, clubes e independientes se sentaban en los distintos bares y restaurantes en donde disfrutaban de variados ritmos musicales y los platos t\u00edpicos de la regi\u00f3n; tal era la comodidad del lugar que las hermosas vendedoras de S\u00e1ndwich Qbano y otros negocios ofrec\u00edan sus productos a quienes disfrutaban del ambiente sentados c\u00f3modamente en sus m\u00e1quinas; no existe otra forma de describir el ambiente que se presentaba m\u00e1s que como un peque\u00f1o Daytona o un Sturgis criollo; una forma relajada de disfrutar de un encuentro de ciudad con un concepto m\u00e1s internacional; muchos preguntaban cu\u00e1l era la discoteca de la rumba de esa noche porque est\u00e1n tan condicionados al formato de los encuentros nacionales que por a\u00f1os se han dedicado a aplicar la f\u00f3rmula 3 x 2, tres rumbas en discotecas incluso repetidas, por dos rodadas consecutivas y punto de encuentro cerrado o exclusivo, que se sent\u00edan perdidos o desorientados; sin embargo otros tantos se tomaron las calles para compartir con los viejos y los nuevos amigos, disfrutar de una cerveza o un trago, con la tranquilidad de saber que se pod\u00edan dejar las motos parqueadas hasta el d\u00eda siguiente, ya que se contaba con seguridad de sobra en el sitio y se dedicaron simplemente a disfrutar de una forma diferente de un encuentro que con sus primeros pasos comienza a demostrar que va a ofrecer a sus asistentes un concepto diferente con un formato m\u00e1s americano, m\u00e1s fiel a las ra\u00edces de los grandes eventos del mundo.<\/p>\n<p style=\"text-align: justify;\">El s\u00e1bado arranc\u00f3 con la entrega de kits, que al momento se quedaron cortos en existencias pues los organizadores se prepararon para recibir 600 motos inscritas y se vieron sorprendidos con una incre\u00edble asistencia que super\u00f3 todas las expectativas, logrando reunir m\u00e1s de 1.300 motocicletas participantes, por lo cual ofrecieron sus m\u00e1s sinceras disculpas y dos posibles soluciones; una era realizar la inscripci\u00f3n y esperar a vuelta de correo que H-D les enviar\u00e1 los busos pendientes o que pagaran la inscripci\u00f3n con descuento por no recibir la consabida prenda de vestir.<br \/>\n<a href=\"http:\/\/www.zonabiker.com\/coppermine\/displayimage.php?album=68&amp;pid=19600#top_display_media\"><img loading=\"lazy\" decoding=\"async\" class=\"alignright size-medium wp-image-2115\" src=\"http:\/\/zonabiker.com\/wp-content\/uploads\/2014\/06\/H-Dmedellin2014_128-300x225.jpg\" alt=\"H-Dmedellin2014_128\" width=\"300\" height=\"225\" \/><\/a>Hac\u00eda el medio d\u00eda se dio inicio a la caravana hacia el municipio de San Pedro de los Milagros para visitar el parque tem\u00e1tico V\u00eda L\u00e1ctea, ubicado a 44 kil\u00f3metros de la ciudad de Medell\u00edn en donde un delicioso almuerzo tipo buffet esperaba por nosotros. Los juegos de integraci\u00f3n, las presentaciones art\u00edsticas, el cuarto de milla en burro y las actividades propias del lugar, nos hicieron olvidar los ca\u00f3ticos minutos que trascurrieron mientras la caravana particionada dejaba la ciudad en medio de tr\u00e1fico vehicular incontrolable. Al regreso los asistentes pudieron disfrutar de los alrededores del Parque Lleras y la tarima instalada en el Parque La Presidenta, tarimas en las que las notas del rock cl\u00e1sico acompa\u00f1aron a los motociclistas y ciudadanos que por all\u00ed transitaban; un momento para la amistad y la camarader\u00eda.<\/p>\n<p style=\"text-align: center;\"><a href=\"http:\/\/www.zonabiker.com\/coppermine\/displayimage.php?album=68&amp;pid=19731#top_display_media\" target=\"_blank\" rel=\"noopener\"><img loading=\"lazy\" decoding=\"async\" class=\"alignnone wp-image-2119\" src=\"http:\/\/zonabiker.com\/wp-content\/uploads\/2014\/06\/H-Dmedellin2014_170-300x225.jpg\" alt=\"H-Dmedellin2014_170\" width=\"200\" height=\"150\" \/>\u00a0<img loading=\"lazy\" decoding=\"async\" class=\"alignnone wp-image-2117\" src=\"http:\/\/zonabiker.com\/wp-content\/uploads\/2014\/06\/H-Dmedellin2014_259-300x225.jpg\" alt=\"H-Dmedellin2014_259\" width=\"200\" height=\"150\" \/><\/a> <a href=\"http:\/\/www.zonabiker.com\/coppermine\/displayimage.php?album=68&amp;pid=19769#top_display_media\" target=\"_blank\" rel=\"noopener\"><img loading=\"lazy\" decoding=\"async\" class=\"alignnone wp-image-2118\" src=\"http:\/\/zonabiker.com\/wp-content\/uploads\/2014\/06\/H-Dmedellin2014_297-300x225.jpg\" alt=\"H-Dmedellin2014_297\" width=\"200\" height=\"150\" \/><\/a><\/p>\n<p style=\"text-align: justify;\"><a href=\"http:\/\/www.zonabiker.com\/coppermine\/displayimage.php?album=68&amp;pid=19853#top_display_media\" target=\"_blank\" rel=\"noopener\"><img loading=\"lazy\" decoding=\"async\" class=\"alignleft wp-image-2120 size-medium\" src=\"http:\/\/zonabiker.com\/wp-content\/uploads\/2014\/06\/H-Dmedellin2014_381-300x225.jpg\" alt=\"H-Dmedellin2014_381\" width=\"300\" height=\"225\" \/><\/a>El d\u00eda domingo la gente ya estaba asimilado la din\u00e1mica del evento; mientras algunos hac\u00edan sus compras en la tienda Harley-Davidson Medell\u00edn, otros aprovechaban el servicio t\u00e9cnico en cabeza del se\u00f1or Enrique Gaviria para poner sus m\u00e1quinas a punto o realizar el mantenimiento respectivo. Los que gustan de las compras se fueron a los centros comerciales, otros decidieron hacer sus propias caravanas con sus amigos m\u00e1s cercanos y el restante p\u00fablico asistente tomo la ruta hacia Santa Fe de Antioqu\u00eda. All\u00ed arribaron poco m\u00e1s de la mitad de las motos asistentes al evento y disfrutaron de la piscina, las instalaciones y dem\u00e1s entretenimientos de la casa de encuentros FUNDEPAZ de la Arquidi\u00f3cesis de Santa Fe de Antioquia; el desfile de las modelos que acompa\u00f1aron al evento fue la atracci\u00f3n principal, 5 hermosas modelos que representaron a la marca deleitaron al p\u00fablico asistente con su belleza natural. Al regreso al Parque Lleras, la m\u00fasica de Tr\u00e1fico Sur nos recib\u00eda para compartir una \u00faltima cerveza con los amigos y luego a la gran rumba de despedida en la discoteca Caritos en donde la organizaci\u00f3n entreg\u00f3 las placas de premiaci\u00f3n de las diferentes actividades, reconocimientos a personalidades que con su contribuci\u00f3n hacen del motociclismo en Colombia lo que es hoy en d\u00eda y el p\u00fablico asistente eligi\u00f3 la mejor modelo del certamen. La noche fue breve para algunos, como este servidor, pues el retorno el d\u00eda lunes a nuestras respectivas ciudades hac\u00eda imperiosa la necesidad de descanso.<\/p>\n<p style=\"text-align: justify;\">No puedo despedirme sin antes agradecer al Se\u00f1or William Bolivar\u00a0por brindarnos la oportunidad de demostrar que anunciar un evento, una empresa o una marca en www.zonabiker.com es garant\u00eda de \u00e9xito y vale la pena hacerlo, pues cada peso pagado para ayudar a sostener este proyecto le ser\u00e1 multiplicado; tambi\u00e9n quiero agradecer a Hector Gonzalez y toda su hermosa familia, quienes me brindaron su hogar, su apoyo y lo m\u00e1s importante, su amistad; un agradecimiento para mis hermanos de L.A.M.A. Medell\u00edn por su hospitalidad y por \u00faltimo pero no menos importante, un agradecimiento a todo el staff de Harley-Davidson Medell\u00edn por el enorme esfuerzo que pusieron para que este evento fuera el \u00e9xito que sin duda fue, un aplauso para todos ustedes y el agradecimiento de todos los que pudimos asistir y disfrutar de este evento, mil gracias.<\/p>\n<p style=\"text-align: center;\"><a href=\"http:\/\/www.zonabiker.com\/coppermine\/displayimage.php?album=68&amp;pid=19817#top_display_media\" target=\"_blank\" rel=\"noopener\"><img loading=\"lazy\" decoding=\"async\" class=\"alignnone wp-image-2122\" src=\"http:\/\/zonabiker.com\/wp-content\/uploads\/2014\/06\/H-Dmedellin2014_345-300x225.jpg\" alt=\"H-Dmedellin2014_345\" width=\"200\" height=\"150\" \/><\/a> <a href=\"http:\/\/www.zonabiker.com\/coppermine\/displayimage.php?album=68&amp;pid=19826#top_display_media\" target=\"_blank\" rel=\"noopener\"><img loading=\"lazy\" decoding=\"async\" class=\"alignnone wp-image-2123\" src=\"http:\/\/zonabiker.com\/wp-content\/uploads\/2014\/06\/H-Dmedellin2014_354-300x225.jpg\" alt=\"H-Dmedellin2014_354\" width=\"200\" height=\"150\" \/><\/a> <a href=\"http:\/\/www.zonabiker.com\/coppermine\/displayimage.php?album=68&amp;pid=19837#top_display_media\" target=\"_blank\" rel=\"noopener\"><img loading=\"lazy\" decoding=\"async\" class=\"alignnone wp-image-2124\" src=\"http:\/\/zonabiker.com\/wp-content\/uploads\/2014\/06\/H-Dmedellin2014_365-300x225.jpg\" alt=\"H-Dmedellin2014_365\" width=\"200\" height=\"150\" \/><\/a><\/p>\n<p style=\"text-align: justify;\"><strong>Editorial:<\/strong> Este evento es un inicio, un paso hacia eventos con m\u00e1s car\u00e1cter motero, con un formato m\u00e1s internacional, m\u00e1s parecido a las grandes concentraciones que se viven en Daytona o Sturgis, eventos m\u00e1s pensados en la integraci\u00f3n de los asistentes; con este evento estamos un poco m\u00e1s cerca de comprender que para ir a discotecas estamos todos los fines de semana, que la verdadera integraci\u00f3n est\u00e1 en espacios m\u00e1s abiertos en donde los asistentes elijan libremente que desean hacer y adonde quieren rodar; alg\u00fan d\u00eda no muy lejano entenderemos que el sentido de asistir a un encuentro no es m\u00e1s que el de encontrarse con los viejos amigos, intercambiar an\u00e9cdotas y conocer a nuevas personas que comparten nuestra misma afici\u00f3n por las motos; no se trata de las tres rumbas en discoteca, no son necesarias m\u00e1s rodadas que la que hacemos para llegar al sitio de encuentro y que solo precisamos de una cerveza fr\u00eda, las notas de un buen rock cl\u00e1sico, los nuevos y viejos amigos y una motocicleta donde poner el culo y sentirnos hermanos, leales a nuestro credo y sobre todo libres; un abrazo para todos ustedes y en la ruta nos veremos y en el pr\u00f3ximo encuentro nos encontraremos\u2026 ya saben, a disfrutarlo.<\/p>\n<h3 style=\"color: #252324;\"><a href=\"http:\/\/www.zonabiker.com\/coppermine\/thumbnails.php?album=68&amp;page=1\" target=\"_blank\" rel=\"noopener\"><img loading=\"lazy\" decoding=\"async\" class=\"alignleft wp-image-2125\" src=\"http:\/\/zonabiker.com\/wp-content\/uploads\/2014\/06\/H-Dmedellin2014_346-225x300.jpg\" alt=\"H-Dmedellin2014_346\" width=\"113\" height=\"150\" \/><\/a>Si quieres ver las 400 fotos que publicamos\u00a0de este evento, entonces\u00a0<a title=\"\u00c1lbum de fotos del Primer Encuentro HARLEY-DAVIDSON Medell\u00edn 2014\" href=\"http:\/\/www.zonabiker.com\/coppermine\/thumbnails.php?album=68&amp;page=1\" target=\"_blank\" rel=\"noopener\">visita el \u00e1lbum de fotos del Primer Encuentro HARLEY-DAVIDSON Medell\u00edn 2014.<\/a><\/h3>\n","protected":false},"excerpt":{"rendered":"<p>Cr\u00f3nica del Primer Encuentro Harley-Davidson Medell\u00edn 2014. Un evento de ciudad con sabor internacional. Por Juan Pablo Mart\u00ednez V. (Bucaramanga) Con la llegada del segundo concesionario de Harley-Davidson a Colombia era de esperarse que un nuevo encuentro de la famosa marca de motocicletas norte americana&#8230;<\/p>\n","protected":false},"author":1,"featured_media":0,"comment_status":"open","ping_status":"open","sticky":false,"template":"","format":"standard","meta":{"om_disable_all_campaigns":false,"_mi_skip_tracking":false,"footnotes":""},"categories":[13],"tags":[40,112,115,128,146,177,226],"class_list":["post-2103","post","type-post","status-publish","format-standard","hentry","category-cronicas","tag-40","tag-cronica","tag-davidson","tag-encuentro","tag-harley","tag-medellin","tag-primer"],"aioseo_notices":[],"_links":{"self":[{"href":"https:\/\/territoriobiker.com\/index.php\/wp-json\/wp\/v2\/posts\/2103","targetHints":{"allow":["GET"]}}],"collection":[{"href":"https:\/\/territoriobiker.com\/index.php\/wp-json\/wp\/v2\/posts"}],"about":[{"href":"https:\/\/territoriobiker.com\/index.php\/wp-json\/wp\/v2\/types\/post"}],"author":[{"embeddable":true,"href":"https:\/\/territoriobiker.com\/index.php\/wp-json\/wp\/v2\/users\/1"}],"replies":[{"embeddable":true,"href":"https:\/\/territoriobiker.com\/index.php\/wp-json\/wp\/v2\/comments?post=2103"}],"version-history":[{"count":0,"href":"https:\/\/territoriobiker.com\/index.php\/wp-json\/wp\/v2\/posts\/2103\/revisions"}],"wp:attachment":[{"href":"https:\/\/territoriobiker.com\/index.php\/wp-json\/wp\/v2\/media?parent=2103"}],"wp:term":[{"taxonomy":"category","embeddable":true,"href":"https:\/\/territoriobiker.com\/index.php\/wp-json\/wp\/v2\/categories?post=2103"},{"taxonomy":"post_tag","embeddable":true,"href":"https:\/\/territoriobiker.com\/index.php\/wp-json\/wp\/v2\/tags?post=2103"}],"curies":[{"name":"wp","href":"https:\/\/api.w.org\/{rel}","templated":true}]}}