{"id":2072,"date":"2014-04-27T11:42:43","date_gmt":"2014-04-27T16:42:43","guid":{"rendered":"http:\/\/zonabiker.com\/?p=2072"},"modified":"2014-04-27T11:42:43","modified_gmt":"2014-04-27T16:42:43","slug":"14th-classic-custom-bike-week-medellin-2014","status":"publish","type":"post","link":"https:\/\/territoriobiker.com\/index.php\/2014\/04\/27\/14th-classic-custom-bike-week-medellin-2014\/","title":{"rendered":"14Th Classic &#038; Custom BIKE WEEK Medell\u00edn 2014"},"content":{"rendered":"<h1>14Th Classic &amp; Custom BIKE WEEK Medell\u00edn 2014.<\/h1>\n<h2>Medell\u00edn, Junio 27, 28 y 29 de 2014.<\/h2>\n<p style=\"text-align: center;\"><a href=\"http:\/\/zonabiker.com\/wp-content\/uploads\/2014\/04\/NUEVA-IMAGEN-BIKE-FINAL.jpg\" target=\"_blank\" rel=\"attachment wp-att-2075 noopener\"><img loading=\"lazy\" decoding=\"async\" class=\"aligncenter wp-image-2135\" title=\"14Th Classic &amp; Custom BIKE WEEK Medell\u00edn 2014\" src=\"http:\/\/zonabiker.com\/wp-content\/uploads\/2014\/04\/NUEVA-IMAGEN-BIKE-FINAL-300x185.jpg\" alt=\"14Th Classic &amp; Custom BIKE WEEK Medell\u00edn 2014\" width=\"500\" height=\"309\" \/><\/a><\/p>\n<blockquote>\n<p style=\"text-align: justify;\">Como es ya tradicional en el \u00faltimo Puente del mes de Junio 27,\u00a028 y 29 del a\u00f1o en curso se llevara a cabo en la ciudad de\u00a0Medell\u00edn el mejor Encuentro Nacional de Motos Custom,\u00a0Cl\u00e1sicas y Chopper Multimarca de nuestro pa\u00eds el cual se ha\u00a0caracterizado en sus \u00faltimos 3 a\u00f1os por su organizaci\u00f3n y variada\u00a0programaci\u00f3n, la cual en asocio con el tradicional verano de\u00a0Junio y las vacaciones de mitad de a\u00f1o, lo convierten en la mejor\u00a0opci\u00f3n para todos los motociclistas de Colombia y pa\u00edses vecinos.<br \/>\nEste a\u00f1o tendremos como punto de encuentro y partida todas\u00a0las actividades en el HARD ROCK CAF\u00c9 MEDELLIN dentro de las\u00a0cuales tendremos fiesta de bienvenida el viernes, caravanas\u00a0tur\u00edsticas el d\u00eda s\u00e1bado y domingo, fiesta de integraci\u00f3n el d\u00eda\u00a0s\u00e1bado , chicas BIKE WEEK, entre otras atracciones.<\/p>\n<\/blockquote>\n<p style=\"text-align: center;\"><iframe loading=\"lazy\" src=\"\/\/www.youtube.com\/embed\/zPqpJbMWuTw\" width=\"560\" height=\"315\" frameborder=\"0\" allowfullscreen=\"allowfullscreen\"><\/iframe><\/p>\n<blockquote>\n<address style=\"text-align: center;\">PROGRAMATE, INSCRIBETE YA! RESERVA TU HOTEL CON DESCUENTO EN NUESTRA WEB WWW.EVENTOSAMOTOR.COM.CO<\/address>\n<\/blockquote>\n<h1 style=\"text-align: center;\"><strong><span style=\"color: #ff0000;\">PROGRAMACI\u00d3N<\/span><\/strong><\/h1>\n<table border=\"1\" cellspacing=\"0\" cellpadding=\"0\">\n<tbody>\n<tr>\n<td colspan=\"2\" valign=\"top\" width=\"599\">\n<p align=\"center\"><b>VIERNES 27 de\u00a0JUNIO<\/b><\/p>\n<\/td>\n<\/tr>\n<tr>\n<td width=\"130\">\n<p align=\"center\"><b>4:00 PM<\/b><\/p>\n<\/td>\n<td valign=\"top\" width=\"468\">HARD ROCK CAFE. Apertura de inscripciones y acreditaciones. Cupo m\u00e1ximo para 300 motos.<\/td>\n<\/tr>\n<tr>\n<td width=\"130\">\n<p align=\"center\"><b>5:00 PM<\/b><\/p>\n<\/td>\n<td valign=\"top\" width=\"468\">Dj en vivo, animador y bienvenida a todas las delegaciones de Colombia, Ecuador y Venezuela.<\/td>\n<\/tr>\n<tr>\n<td width=\"130\">\n<p align=\"center\"><b>8:00 PM<\/b><\/p>\n<\/td>\n<td valign=\"top\" width=\"468\">Presentaci\u00f3n en tarima de las chicas Bike Week.<\/td>\n<\/tr>\n<tr>\n<td width=\"130\">\n<p align=\"center\"><b>10:00 PM<\/b><\/p>\n<\/td>\n<td valign=\"top\" width=\"468\">Banda de Rock en vivo y fiesta de bienvenida para todos los participantes inscritos.<\/td>\n<\/tr>\n<\/tbody>\n<\/table>\n<table border=\"1\" cellspacing=\"0\" cellpadding=\"0\">\n<tbody>\n<tr>\n<td colspan=\"2\" valign=\"top\" width=\"599\">\n<p align=\"center\"><b>S\u00c1BADO 28 de\u00a0JUNIO<\/b><\/p>\n<\/td>\n<\/tr>\n<tr>\n<td width=\"130\">\n<p align=\"center\"><b>10:00 AM<\/b><\/p>\n<\/td>\n<td valign=\"top\" width=\"468\">HARD ROCK CAFE Contin\u00faan inscripciones y acreditaciones.<\/td>\n<\/tr>\n<tr>\n<td width=\"130\">\n<p align=\"center\"><b>11:00 AM<\/b><\/p>\n<\/td>\n<td valign=\"top\" width=\"468\">Primer partido octavos de final Mundial Brasil 2014, tendremos 15 pantallas Full HD y polla mundialista.<\/td>\n<\/tr>\n<tr>\n<td width=\"130\">\n<p align=\"center\"><b>1:00 PM<\/b><\/p>\n<\/td>\n<td valign=\"top\" width=\"468\">Caravana hacia el suroeste Antioque\u00f1o. (Clima calido), a 1 hora de Medell\u00edn.<\/td>\n<\/tr>\n<tr>\n<td width=\"130\">\n<p align=\"center\"><b>2:00 PM<\/b><\/p>\n<\/td>\n<td valign=\"top\" width=\"468\">Almuerzo en el Hotel Hacienda La Bonita, (incluido en la inscripci\u00f3n), Dj, animaci\u00f3n, tendremos a su disposici\u00f3n 3 piscinas, spa; no olvide llevar traje de ba\u00f1o.<\/td>\n<\/tr>\n<tr>\n<td width=\"130\">\n<p align=\"center\"><b>3:00 PM<\/b><\/p>\n<\/td>\n<td valign=\"top\" width=\"468\">Pantalla gigante para ver el segundo partido del mundial, simult\u00e1neamente realizaremos los juegos m\u00faltiples Bike Week, deben ser m\u00ednimo 5 equipos conformados por 4 hombres y 1 mujer cada uno, premio para el ganador $500.000.<\/td>\n<\/tr>\n<tr>\n<td width=\"130\">\n<p align=\"center\"><b>5:30 PM<\/b><\/p>\n<\/td>\n<td valign=\"top\" width=\"468\">Retorno a la ciudad de Medell\u00edn.<\/td>\n<\/tr>\n<tr>\n<td width=\"130\">\n<p align=\"center\"><b>9:00 PM<\/b><\/p>\n<\/td>\n<td valign=\"top\" width=\"468\">Espectacular fiesta de integraci\u00f3n, Discoteca LOFT (Av Las Palmas), artista invitado, presentaci\u00f3n en traje de ba\u00f1o Chicas Bike Week.<\/td>\n<\/tr>\n<\/tbody>\n<\/table>\n<table border=\"1\" cellspacing=\"0\" cellpadding=\"0\">\n<tbody>\n<tr>\n<td colspan=\"2\" valign=\"top\" width=\"599\">\n<p align=\"center\"><b>DOMINGO 29 de\u00a0JUNIO<\/b><\/p>\n<\/td>\n<\/tr>\n<tr>\n<td width=\"130\">\n<p align=\"center\"><b>10:00 AM<\/b><\/p>\n<\/td>\n<td valign=\"top\" width=\"468\">HARD ROCK CAFE Encuentro de motociclistas.<\/td>\n<\/tr>\n<tr>\n<td width=\"130\">\n<p align=\"center\"><b>11:00 AM<\/b><\/p>\n<\/td>\n<td valign=\"top\" width=\"468\">Partido octavos de final tendremos 15 pantallas Full HD y polla mundialista.<\/td>\n<\/tr>\n<tr>\n<td width=\"130\">\n<p align=\"center\"><b>1:00 PM<\/b><\/p>\n<\/td>\n<td valign=\"top\" width=\"468\">Caravana hacia el Oriente Antioque\u00f1o: Las Palmas, v\u00eda Aeropuerto y Llanogrande (clima fr\u00edo).<\/td>\n<\/tr>\n<tr>\n<td width=\"130\">\n<p align=\"center\"><b>2:30 PM<\/b><\/p>\n<\/td>\n<td valign=\"top\" width=\"468\">Llegada al Mall Zona Gourmet, en el Retiro Dj, animador, men\u00fa biker en los restaurantes Hot Wings, Callao, El Torito y Cazuelitas.<\/td>\n<\/tr>\n<tr>\n<td width=\"130\">\n<p align=\"center\"><b>3:00 PM<\/b><\/p>\n<\/td>\n<td valign=\"top\" width=\"468\">Partido octavos de final del mundial Brasil 2014.<\/td>\n<\/tr>\n<tr>\n<td width=\"130\">\n<p align=\"center\"><b>5:00 PM<\/b><\/p>\n<\/td>\n<td valign=\"top\" width=\"468\">Banda de rock en vivo.<\/td>\n<\/tr>\n<tr>\n<td width=\"130\">\n<p align=\"center\"><b>6:00 PM<\/b><\/p>\n<\/td>\n<td valign=\"top\" width=\"468\">Elecci\u00f3n Chica Bike Week.<\/td>\n<\/tr>\n<tr>\n<td width=\"130\">\n<p align=\"center\"><b>7:00 PM<\/b><\/p>\n<\/td>\n<td valign=\"top\" width=\"468\">Premiaci\u00f3n de concursos: motocicleta m\u00e1s nueva, la m\u00e1s antigua, piloto m\u00e1s veterano y m\u00e1s joven, Jack Daniel&#8217;s Men and Woman y juegos multiples.<\/td>\n<\/tr>\n<tr>\n<td width=\"130\">\n<p align=\"center\"><b>8:00 PM<\/b><\/p>\n<\/td>\n<td valign=\"top\" width=\"468\">Clausura del evento.<\/td>\n<\/tr>\n<\/tbody>\n<\/table>\n<h3><span style=\"color: #ff0000;\">INSCRIPCIONES<\/span><\/h3>\n<h3><strong>$140.000 por MOTO<\/strong><\/h3>\n<p><span style=\"color: #ff0000;\"><strong>INCLUYE:<\/strong>\u00a0<\/span>Camiseta para hombre y blusa para dama, manilla para casa uno, 2 almuerzos el d\u00eda s\u00e1bado, ambulancia, participaci\u00f3n en todos los concursos y caravanas programadas, tarjeta preferencial Hard Rock Caf\u00e9 por un a\u00f1o.<\/p>\n<p><span style=\"color: #ff0000;\"><strong>COMO INSCRIBIRSE:<\/strong><\/span><strong>\u00a0<\/strong>Registra tus datos en <a title=\"Eventos a Motor\" href=\"http:\/\/www.eventosamotor.com.co\" target=\"_blank\" rel=\"noopener\">www.eventosamotor.com.co<\/a> y luego consignas a la <strong>cuenta de ahorros Bancolombia #00581762933 a nombre de Eventos a Motor\/Sergio Munera<\/strong> (consignaciones de otras ciudades generan una comisi\u00f3n de $10.000, sugerimos realizar transferencia electr\u00f3nica o en su defecto deber\u00e1 el inscrito asumir este sobre costo.<\/p>\n<p style=\"text-align: center;\"><a href=\"http:\/\/zonabiker.com\/2014\/14th-classic-custom-bike-week-medellin-2014\/camisetas\/\" target=\"_blank\" rel=\"attachment wp-att-2099 noopener\"><img loading=\"lazy\" decoding=\"async\" class=\"alignnone wp-image-2099\" title=\"Camisetas incluidas en el kit del 14th Custom &amp; Classic Bike Week Medell\u00edn 2014\" src=\"http:\/\/zonabiker.com\/wp-content\/uploads\/2014\/04\/camisetas.jpg\" alt=\"Camisetas incluidas en el kit del 14th Custom &amp; Classic Bike Week Medell\u00edn 2014\" width=\"620\" height=\"407\" \/><\/a><\/p>\n<p style=\"text-align: center;\"><a href=\"http:\/\/zonabiker.com\/wp-content\/uploads\/2014\/04\/PROGRAMACION-FINAL-BIKE-WEEK.jpg\" target=\"_blank\" rel=\"attachment wp-att-2090 noopener\"><img loading=\"lazy\" decoding=\"async\" class=\"aligncenter wp-image-2137\" title=\"Programaci\u00f3n del 14th Classic &amp; Custom BIKE WEEK Medell\u00edn 2014\" src=\"http:\/\/zonabiker.com\/wp-content\/uploads\/2014\/04\/PROGRAMACION-FINAL-BIKE-WEEK.jpg\" alt=\"Programaci\u00f3n del 14th Classic &amp; Custom BIKE WEEK Medell\u00edn 2014\" width=\"620\" height=\"383\" \/><\/a><\/p>\n<p style=\"text-align: center;\"><a href=\"http:\/\/zonabiker.com\/2014\/14th-classic-custom-bike-week-medellin-2014\/hotel-oficial-del-evento-bike-ww\/\" target=\"_blank\" rel=\"noopener\"><img loading=\"lazy\" decoding=\"async\" class=\"alignnone wp-image-2141\" title=\"HOTELES OFICIALES DEL EVENTO BIKE WEEK MEDELL\u00cdN 2014\" src=\"http:\/\/zonabiker.com\/wp-content\/uploads\/2014\/04\/HOTEL-OFICIAL-DEL-EVENTO-BIKE-WW-1024x553.jpg\" alt=\"HOTELES OFICIALES DEL EVENTO BIKE WEEK MEDELL\u00cdN 2014\" width=\"620\" height=\"335\" \/><\/a><\/p>\n<p>&nbsp;<\/p>\n","protected":false},"excerpt":{"rendered":"<p>14Th Classic &amp; Custom BIKE WEEK Medell\u00edn 2014. Medell\u00edn, Junio 27, 28 y 29 de 2014. Como es ya tradicional en el \u00faltimo Puente del mes de Junio 27,\u00a028 y 29 del a\u00f1o en curso se llevara a cabo en la ciudad de\u00a0Medell\u00edn el mejor&#8230;<\/p>\n","protected":false},"author":1,"featured_media":2080,"comment_status":"open","ping_status":"open","sticky":false,"template":"","format":"standard","meta":{"om_disable_all_campaigns":false,"_mi_skip_tracking":false,"footnotes":""},"categories":[5],"tags":[40,72,99,114,177,269],"class_list":["post-2072","post","type-post","status-publish","format-standard","has-post-thumbnail","hentry","category-eventos","tag-40","tag-bike","tag-classic","tag-custom","tag-medellin","tag-week"],"aioseo_notices":[],"_links":{"self":[{"href":"https:\/\/territoriobiker.com\/index.php\/wp-json\/wp\/v2\/posts\/2072","targetHints":{"allow":["GET"]}}],"collection":[{"href":"https:\/\/territoriobiker.com\/index.php\/wp-json\/wp\/v2\/posts"}],"about":[{"href":"https:\/\/territoriobiker.com\/index.php\/wp-json\/wp\/v2\/types\/post"}],"author":[{"embeddable":true,"href":"https:\/\/territoriobiker.com\/index.php\/wp-json\/wp\/v2\/users\/1"}],"replies":[{"embeddable":true,"href":"https:\/\/territoriobiker.com\/index.php\/wp-json\/wp\/v2\/comments?post=2072"}],"version-history":[{"count":0,"href":"https:\/\/territoriobiker.com\/index.php\/wp-json\/wp\/v2\/posts\/2072\/revisions"}],"wp:featuredmedia":[{"embeddable":true,"href":"https:\/\/territoriobiker.com\/index.php\/wp-json\/"}],"wp:attachment":[{"href":"https:\/\/territoriobiker.com\/index.php\/wp-json\/wp\/v2\/media?parent=2072"}],"wp:term":[{"taxonomy":"category","embeddable":true,"href":"https:\/\/territoriobiker.com\/index.php\/wp-json\/wp\/v2\/categories?post=2072"},{"taxonomy":"post_tag","embeddable":true,"href":"https:\/\/territoriobiker.com\/index.php\/wp-json\/wp\/v2\/tags?post=2072"}],"curies":[{"name":"wp","href":"https:\/\/api.w.org\/{rel}","templated":true}]}}