{"id":197,"date":"2006-12-15T17:49:06","date_gmt":"2006-12-15T22:49:06","guid":{"rendered":"http:\/\/zonabiker.com\/?p=197"},"modified":"2006-12-15T17:49:06","modified_gmt":"2006-12-15T22:49:06","slug":"cronica-de-la-participacion-en-el-1er-encuentro-nacional-de-motos-maxima-potencia-neiva-2006","status":"publish","type":"post","link":"https:\/\/territoriobiker.com\/index.php\/2006\/12\/15\/cronica-de-la-participacion-en-el-1er-encuentro-nacional-de-motos-maxima-potencia-neiva-2006\/","title":{"rendered":"Cr\u00f3nica de la participaci\u00f3n en el 1er Encuentro Nacional de Motos M\u00e1xima Potencia Neiva 2006"},"content":{"rendered":"<h1>Cr\u00f3nica de la participaci\u00f3n en el 1er Encuentro Nacional de Motos M\u00e1xima Potencia Neiva 2006<\/h1>\n<address>Por <strong>Diego F. Suero<\/strong>\u00a0(Pasto \u2013 Colombia)<\/address>\n<address><strong>15\u00a0de\u00a0Diciembre de 2006.<\/strong><\/address>\n<p style=\"text-align: justify;\"><a href=\"http:\/\/zonabiker.com\/wp-content\/uploads\/2011\/12\/Afiche-Neiva-2006.gif\"><img loading=\"lazy\" decoding=\"async\" class=\"alignleft  wp-image-199\" style=\"margin: 10px;\" title=\"Afiche del 1er. Encuentro nacional de motos m\u00e1xima potencia Neiva 2006\" src=\"http:\/\/zonabiker.com\/wp-content\/uploads\/2011\/12\/Afiche-Neiva-2006.gif\" alt=\"Afiche del 1er. Encuentro nacional de motos m\u00e1xima potencia Neiva 2006\" width=\"209\" height=\"298\" \/><\/a>Durante la rodadita\u00a0hacia la cuidad de Neiva\u00a0(Huila) encontramos que la carretera estaba en buenas condiciones, adem\u00e1s de las innumerables rectas bajo el sol que hicieron del desplazamiento una diversi\u00f3n a pesar de los 280 Km. de recorrido.<\/p>\n<p style=\"text-align: justify;\">Durante el trayecto pudimos deleitarnos con la famosa lechona tolimense, apreciar los terrenos llenos de arroz y los molinos arroceros, caracter\u00edsticas de la regi\u00f3n. Al llegar a la ex\u00f3tica cuidad de Neiva nos encontramos con gente muy amable y amistosa, con una poblaci\u00f3n de 330.817 habitantes, pudimos darnos cuenta que son personas pujantes que quieren sacar adelante su departamento y ciudad.<\/p>\n<p style=\"text-align: justify;\">Alrededor de las 4 de la tarde se comenzaron a ver y o\u00edr motocicletas de alto cilindraje\u00a0provenientes de diferentes ciudades del pa\u00eds, lo cual dio inicio al 1er Encuentro Nacional de motos m\u00e1xima potencia Neiva 2006.<\/p>\n<p style=\"text-align: justify;\">La primera rodada se realiz\u00f3 el d\u00eda Jueves en horas de la noche por las principales e iluminadas calles de la ciudad de Neiva\u00a0con destino a la discoteca Ol\u00e9, la rumba de inauguraci\u00f3n fue todo un \u00e9xito, m\u00fasica de moda, muchas personas asistieron, entre ellas las hermos\u00edsimas\u00a0Opitas, realmente una muy buena bailadita y unos tragos con moderaci\u00f3n con el fin de prepararnos para lo que ven\u00eda el Viernes.<\/p>\n<p style=\"text-align: center;\"><a title=\"\u00c1lbum de fotos del Encuentro de Neiva 2006\" href=\"http:\/\/www.zonabiker.com\/coppermine\/displayimage.php?album=2&amp;pid=330#top_display_media\" target=\"_blank\" rel=\"noopener\"><img loading=\"lazy\" decoding=\"async\" class=\"alignnone  wp-image-203\" title=\"Neiva-2006_282629_jpg\" src=\"http:\/\/zonabiker.com\/wp-content\/uploads\/2011\/12\/Neiva-2006_282629_jpg-300x225.jpg\" alt=\"Caravana Encuentro Neiva 2006\" width=\"300\" height=\"225\" srcset=\"https:\/\/territoriobiker.com\/wp-content\/uploads\/2011\/12\/Neiva-2006_282629_jpg-300x225.jpg 300w, https:\/\/territoriobiker.com\/wp-content\/uploads\/2011\/12\/Neiva-2006_282629_jpg-768x576.jpg 768w, https:\/\/territoriobiker.com\/wp-content\/uploads\/2011\/12\/Neiva-2006_282629_jpg.jpg 1024w\" sizes=\"auto, (max-width: 300px) 100vw, 300px\" \/><\/a> <a title=\"Compartiendo con la comunidad\" href=\"http:\/\/www.zonabiker.com\/coppermine\/displayimage.php?album=2&amp;pid=324#top_display_media\" target=\"_blank\" rel=\"noopener\"><img loading=\"lazy\" decoding=\"async\" class=\"alignnone size-medium wp-image-202\" title=\"Neiva-2006_282029_jpg\" src=\"http:\/\/zonabiker.com\/wp-content\/uploads\/2011\/12\/Neiva-2006_282029_jpg-300x225.jpg\" alt=\"Integraci\u00f3n con la comunidad.\" width=\"300\" height=\"225\" srcset=\"https:\/\/territoriobiker.com\/wp-content\/uploads\/2011\/12\/Neiva-2006_282029_jpg-300x225.jpg 300w, https:\/\/territoriobiker.com\/wp-content\/uploads\/2011\/12\/Neiva-2006_282029_jpg-768x576.jpg 768w, https:\/\/territoriobiker.com\/wp-content\/uploads\/2011\/12\/Neiva-2006_282029_jpg.jpg 1024w\" sizes=\"auto, (max-width: 300px) 100vw, 300px\" \/><\/a><\/p>\n<p style=\"text-align: justify;\">Una de las cosas m\u00e1s novedosas del encuentro fue la invitaci\u00f3n a nadar en Playa Juncal, donde pudimos no solo refrescarnos del inclemente sol, sino tambi\u00e9n apreciar el desfile en traje de ba\u00f1o de algunas se\u00f1oritas que hicieron llamar nuestra atenci\u00f3n y la exhibici\u00f3n de las nuevas motos AMC.<\/p>\n<p style=\"text-align: justify;\">Luego de la nadadita pudimos dar una rodada nocturna por las calles de la cuidad, algunos sorprendidos al escuchar el fuerte rugido de nuestras motos y otros extasiados por los flamantes dise\u00f1os de algunas de ellas. La rumba sigui\u00f3 hasta tarde en la noche y las ni\u00f1as dejaron ver sus habilidades como bailarinas en la pista de baile.<\/p>\n<p style=\"text-align: justify;\"><a title=\"Rodando por las carreteras del Huila\" href=\"http:\/\/www.zonabiker.com\/coppermine\/displayimage.php?album=2&amp;pid=340#top_display_media\" target=\"_blank\" rel=\"noopener\"><img loading=\"lazy\" decoding=\"async\" class=\"alignleft size-medium wp-image-205\" style=\"margin: 10px;\" title=\"Neiva-2006_283629_jpg\" src=\"http:\/\/zonabiker.com\/wp-content\/uploads\/2011\/12\/Neiva-2006_283629_jpg-300x225.jpg\" alt=\"Rodando por el Huila.\" width=\"300\" height=\"225\" srcset=\"https:\/\/territoriobiker.com\/wp-content\/uploads\/2011\/12\/Neiva-2006_283629_jpg-300x225.jpg 300w, https:\/\/territoriobiker.com\/wp-content\/uploads\/2011\/12\/Neiva-2006_283629_jpg-768x576.jpg 768w, https:\/\/territoriobiker.com\/wp-content\/uploads\/2011\/12\/Neiva-2006_283629_jpg.jpg 1024w\" sizes=\"auto, (max-width: 300px) 100vw, 300px\" \/><\/a>El S\u00e1bado, la rodada por Neiva\u00a0y algunas carreteras del Huila\u00a0hasta el restaurante \u201cLos Manguitos\u201d, donde almorzamos\u00a0por cuenta de los organizadores del evento; fue mucho mas excitante debido a que pod\u00edamos apreciar mejor la ciudad, las motos y a las personas que asistieron; que como caracter\u00edstica de los Biker\u2019s no se quedaron atr\u00e1s con sus acompa\u00f1antes que fueron centro de atenci\u00f3n de todos e incluso envidia de algunas\u2026 Un muy buen almuerzo, el famoso asado Huilense\u00a0y un espectacular remate en la represa de Betania, donde nos pudimos divertir m\u00e1s que en cualquier otro evento y pudimos sentir el afecto y la buena atenci\u00f3n de los \u201cYaguarenses\u201d que nos ten\u00edan preparado tremendo recibimiento, con \u201cbombos y platillos\u201d adem\u00e1s de apreciar los grandiosos paisajes de la zona.<\/p>\n<p style=\"text-align: justify;\">La polic\u00eda de carreteras del Huila nos acompa\u00f1\u00f3 durante todas las rodadas, quienes siempre estuvieron pendientes de la seguridad de los Biker\u2019s, lo cual es indudable que genera tranquilidad en las rodadas y permite que los tramos no sean interrumpidos.<\/p>\n<p style=\"text-align: justify;\"><a title=\"Los amigos de Zona Biker.\" href=\"http:\/\/www.zonabiker.com\/coppermine\/displayimage.php?album=2&amp;pid=334#top_display_media\" target=\"_blank\" rel=\"noopener\"><img loading=\"lazy\" decoding=\"async\" class=\"alignleft size-medium wp-image-204\" style=\"margin: 10px;\" title=\"Neiva-2006_283029_jpg\" src=\"http:\/\/zonabiker.com\/wp-content\/uploads\/2011\/12\/Neiva-2006_283029_jpg-300x225.jpg\" alt=\"Amigos de Zona Biker.\" width=\"300\" height=\"225\" srcset=\"https:\/\/territoriobiker.com\/wp-content\/uploads\/2011\/12\/Neiva-2006_283029_jpg-300x225.jpg 300w, https:\/\/territoriobiker.com\/wp-content\/uploads\/2011\/12\/Neiva-2006_283029_jpg-768x576.jpg 768w, https:\/\/territoriobiker.com\/wp-content\/uploads\/2011\/12\/Neiva-2006_283029_jpg.jpg 1024w\" sizes=\"auto, (max-width: 300px) 100vw, 300px\" \/><\/a>En conclusi\u00f3n Colombian\u00a0Biker\u2019s estuvo como siempre, a la altura de los mejores eventos de motociclismo, y sin lugar a duda fue un \u00e9xito rotundo, los organizadores siempre estuvieron pendientes de nuestra comodidad y de orientarnos en la ciudad, pasamos momentos muy agradables, nos divertimos, parrandeamos y conocimos muchas personas a quienes creo que nuevamente seguiremos encontrando en un pr\u00f3ximo evento de Biker\u2019s.<\/p>\n<p style=\"text-align: justify;\">Estos encuentros de motociclistas generan mayor turismo a las poblaciones, distracci\u00f3n, sentido de pertenencia y credibilidad en nuestro Pa\u00eds donde se puede pasear tranquilamente por las carreteras, sentir el afecto y gratitud de las personas.<\/p>\n<p style=\"text-align: justify;\">Mil gracias a los organizadores, en especial a Constanza\u00a0Borrero, Mauricio Perdomo\u00a0y a Rodrigo Salazar, quienes con su hospitalidad, colaboraci\u00f3n y apoyo hicieron posible este cubrimiento y un abrazo fraternal al club Colombian Biker\u00b4s.<\/p>\n<p style=\"text-align: center;\"><a title=\"Hermosos lugares para el descanso y la diversi\u00f3n.\" href=\"http:\/\/www.zonabiker.com\/coppermine\/displayimage.php?album=2&amp;pid=345#top_display_media\" target=\"_blank\" rel=\"noopener\"><img loading=\"lazy\" decoding=\"async\" class=\"alignnone  wp-image-206\" title=\"Neiva-2006_284129_jpg\" src=\"http:\/\/zonabiker.com\/wp-content\/uploads\/2011\/12\/Neiva-2006_284129_jpg-300x225.jpg\" alt=\"Descansando despues de la rodada.\" width=\"300\" height=\"225\" srcset=\"https:\/\/territoriobiker.com\/wp-content\/uploads\/2011\/12\/Neiva-2006_284129_jpg-300x225.jpg 300w, https:\/\/territoriobiker.com\/wp-content\/uploads\/2011\/12\/Neiva-2006_284129_jpg-768x576.jpg 768w, https:\/\/territoriobiker.com\/wp-content\/uploads\/2011\/12\/Neiva-2006_284129_jpg.jpg 1024w\" sizes=\"auto, (max-width: 300px) 100vw, 300px\" \/><\/a>\u00a0<a title=\"La belleza de la mujer latina no podia faltar.\" href=\"http:\/\/www.zonabiker.com\/coppermine\/displayimage.php?album=2&amp;pid=308#top_display_media\" target=\"_blank\" rel=\"noopener\"><img loading=\"lazy\" decoding=\"async\" class=\"alignnone size-medium wp-image-207\" title=\"Neiva-2006_28429_jpg\" src=\"http:\/\/zonabiker.com\/wp-content\/uploads\/2011\/12\/Neiva-2006_28429_jpg-225x300.jpg\" alt=\"La belleza de la mujer latina no podia hacer falta.\" width=\"225\" height=\"300\" srcset=\"https:\/\/territoriobiker.com\/wp-content\/uploads\/2011\/12\/Neiva-2006_28429_jpg-225x300.jpg 225w, https:\/\/territoriobiker.com\/wp-content\/uploads\/2011\/12\/Neiva-2006_28429_jpg.jpg 768w\" sizes=\"auto, (max-width: 225px) 100vw, 225px\" \/><\/a><\/p>\n<p style=\"text-align: justify;\">Espero verlos en Bucaramanga, encuentro al cual espero que me inviten.<\/p>\n<h3 style=\"text-align: justify;\"><a title=\"\u00c1lbum de fotos del 1er Encuentro Nacional de Motos M\u00e1xima Potencia Neiva 2006.\" href=\"http:\/\/www.zonabiker.com\/coppermine\/thumbnails.php?album=2&amp;page=1\" target=\"_blank\" rel=\"noopener\">Visita el \u00e1lbum de fotos del 1er Encuentro Nacional de Motos M\u00e1xima Potencia Neiva\u00a02006 dando click aqu\u00ed.<\/a><\/h3>\n<p style=\"text-align: center;\"><a title=\"\u00c1lbum de fotos del 1er Encuentro Nacional de Motos M\u00e1xima Potencia Neiva 2006\" href=\"http:\/\/www.zonabiker.com\/coppermine\/thumbnails.php?album=2&amp;page=1\" target=\"_blank\" rel=\"noopener\"><img loading=\"lazy\" decoding=\"async\" class=\"aligncenter size-full wp-image-210\" title=\"Fotos del 1er Encuentro Nacional de Motos M\u00e1xima Potencia Neiva 2006\" src=\"http:\/\/zonabiker.com\/wp-content\/uploads\/2011\/12\/neiva.jpg\" alt=\"Fotos del 1er Encuentro Nacional de Motos M\u00e1xima Potencia Neiva 2006\" width=\"166\" height=\"100\" \/><\/a><\/p>\n","protected":false},"excerpt":{"rendered":"<p>Cr\u00f3nica de la participaci\u00f3n en el 1er Encuentro Nacional de Motos M\u00e1xima Potencia Neiva 2006 Por Diego F. Suero\u00a0(Pasto \u2013 Colombia) 15\u00a0de\u00a0Diciembre de 2006. Durante la rodadita\u00a0hacia la cuidad de Neiva\u00a0(Huila) encontramos que la carretera estaba en buenas condiciones, adem\u00e1s de las innumerables rectas bajo&#8230;<\/p>\n","protected":false},"author":1,"featured_media":0,"comment_status":"open","ping_status":"open","sticky":false,"template":"","format":"standard","meta":{"om_disable_all_campaigns":false,"_mi_skip_tracking":false,"footnotes":""},"categories":[13],"tags":[33,102,112,128,174,193,198,201,223],"class_list":["post-197","post","type-post","status-publish","format-standard","hentry","category-cronicas","tag-33","tag-colombia","tag-cronica","tag-encuentro","tag-maxima","tag-motos","tag-nacional","tag-neiva","tag-potencia"],"aioseo_notices":[],"_links":{"self":[{"href":"https:\/\/territoriobiker.com\/index.php\/wp-json\/wp\/v2\/posts\/197","targetHints":{"allow":["GET"]}}],"collection":[{"href":"https:\/\/territoriobiker.com\/index.php\/wp-json\/wp\/v2\/posts"}],"about":[{"href":"https:\/\/territoriobiker.com\/index.php\/wp-json\/wp\/v2\/types\/post"}],"author":[{"embeddable":true,"href":"https:\/\/territoriobiker.com\/index.php\/wp-json\/wp\/v2\/users\/1"}],"replies":[{"embeddable":true,"href":"https:\/\/territoriobiker.com\/index.php\/wp-json\/wp\/v2\/comments?post=197"}],"version-history":[{"count":0,"href":"https:\/\/territoriobiker.com\/index.php\/wp-json\/wp\/v2\/posts\/197\/revisions"}],"wp:attachment":[{"href":"https:\/\/territoriobiker.com\/index.php\/wp-json\/wp\/v2\/media?parent=197"}],"wp:term":[{"taxonomy":"category","embeddable":true,"href":"https:\/\/territoriobiker.com\/index.php\/wp-json\/wp\/v2\/categories?post=197"},{"taxonomy":"post_tag","embeddable":true,"href":"https:\/\/territoriobiker.com\/index.php\/wp-json\/wp\/v2\/tags?post=197"}],"curies":[{"name":"wp","href":"https:\/\/api.w.org\/{rel}","templated":true}]}}