{"id":1855,"date":"2014-02-10T16:55:37","date_gmt":"2014-02-10T21:55:37","guid":{"rendered":"http:\/\/zonabiker.com\/?p=1855"},"modified":"2014-02-10T16:55:37","modified_gmt":"2014-02-10T21:55:37","slug":"la-harley-davidson-propiedad-del-papa-francisco-se-ha-subastado","status":"publish","type":"post","link":"https:\/\/territoriobiker.com\/index.php\/2014\/02\/10\/la-harley-davidson-propiedad-del-papa-francisco-se-ha-subastado\/","title":{"rendered":"La Harley-Davidson propiedad del Papa Francisco se ha subastado."},"content":{"rendered":"<h1>La Harley-Davidson propiedad del Papa Francisco se ha vendido por 210.000 euros.<\/h1>\n<p style=\"text-align: justify;\"><a href=\"http:\/\/zonabiker.com\/2014\/la-harley-davidson-propiedad-del-papa-francisco-se-ha-subastado\/subastan-la-moto-del-papa-1\/\" target=\"_blank\" rel=\"attachment wp-att-1856 noopener\"><img loading=\"lazy\" decoding=\"async\" class=\" wp-image-1856 alignleft\" style=\"margin: 5px 10px;\" src=\"http:\/\/zonabiker.com\/wp-content\/uploads\/2014\/02\/subastan-la-moto-del-papa-1.jpg\" alt=\"subastan la moto del papa (1)\" width=\"241\" height=\"181\" \/><\/a>La moto fue subastada en Par\u00eds para recaudar dinero para una organizaci\u00f3n de caridad para las personas sin hogar en Roma.<br \/>\nLa famosa Dyna Super Glide misma que fue ofrecida como regalo en junio del 2013, con motivo de 110 aniversario de Harley-Davidson, se vendi\u00f3 a un postor telef\u00f3nico an\u00f3nimo.<\/p>\n<p style=\"text-align: justify;\">El precio de reserva era por la cantidad de \u20ac12.000, pero Ben Walker, de la casa de subastas Bonhams, insinu\u00f3 antes de la subasta que podr\u00eda venderse por m\u00e1s que eso.<\/p>\n<p style=\"text-align: justify;\">Hab\u00eda tantos postores que no hab\u00eda suficientes l\u00edneas telef\u00f3nicas para hacer frente y algunos compradores potenciales fueron rechazados.<br \/>\nUna chaqueta de cuero que acompa\u00f1\u00f3 a la moto tambi\u00e9n se vendi\u00f3 por 50.000 euros.<\/p>\n<p style=\"text-align: center;\"><a href=\"http:\/\/zonabiker.com\/2014\/la-harley-davidson-propiedad-del-papa-francisco-se-ha-subastado\/subastan-la-moto-del-papa-2\/\" target=\"_blank\" rel=\"attachment wp-att-1858 noopener\"><img loading=\"lazy\" decoding=\"async\" class=\"wp-image-1858 alignnone\" src=\"http:\/\/zonabiker.com\/wp-content\/uploads\/2014\/02\/subastan-la-moto-del-papa-2.jpg\" alt=\"subastan la moto del papa (2)\" width=\"204\" height=\"115\" \/><\/a> <a href=\"http:\/\/zonabiker.com\/2014\/la-harley-davidson-propiedad-del-papa-francisco-se-ha-subastado\/subastan-la-moto-del-papa-3\/\" target=\"_blank\" rel=\"attachment wp-att-1859 noopener\"><img loading=\"lazy\" decoding=\"async\" class=\"wp-image-1859 alignnone\" src=\"http:\/\/zonabiker.com\/wp-content\/uploads\/2014\/02\/subastan-la-moto-del-papa-3.jpg\" alt=\"subastan la moto del papa (3)\" width=\"175\" height=\"115\" \/><\/a> <a href=\"http:\/\/zonabiker.com\/2014\/la-harley-davidson-propiedad-del-papa-francisco-se-ha-subastado\/subastan-la-moto-del-papa-5\/\" target=\"_blank\" rel=\"attachment wp-att-1860 noopener\"><img loading=\"lazy\" decoding=\"async\" class=\"wp-image-1860 alignnone\" src=\"http:\/\/zonabiker.com\/wp-content\/uploads\/2014\/02\/subastan-la-moto-del-papa-5.jpg\" alt=\"subastan la moto del papa (5)\" width=\"175\" height=\"115\" \/><\/a><\/p>\n","protected":false},"excerpt":{"rendered":"<p>La Harley-Davidson propiedad del Papa Francisco se ha vendido por 210.000 euros. La moto fue subastada en Par\u00eds para recaudar dinero para una organizaci\u00f3n de caridad para las personas sin hogar en Roma. La famosa Dyna Super Glide misma que fue ofrecida como regalo en&#8230;<\/p>\n","protected":false},"author":1,"featured_media":4963,"comment_status":"open","ping_status":"open","sticky":false,"template":"","format":"standard","meta":{"om_disable_all_campaigns":false,"_mi_skip_tracking":false,"footnotes":""},"categories":[21],"tags":[],"class_list":["post-1855","post","type-post","status-publish","format-standard","has-post-thumbnail","hentry","category-noticias"],"aioseo_notices":[],"_links":{"self":[{"href":"https:\/\/territoriobiker.com\/index.php\/wp-json\/wp\/v2\/posts\/1855","targetHints":{"allow":["GET"]}}],"collection":[{"href":"https:\/\/territoriobiker.com\/index.php\/wp-json\/wp\/v2\/posts"}],"about":[{"href":"https:\/\/territoriobiker.com\/index.php\/wp-json\/wp\/v2\/types\/post"}],"author":[{"embeddable":true,"href":"https:\/\/territoriobiker.com\/index.php\/wp-json\/wp\/v2\/users\/1"}],"replies":[{"embeddable":true,"href":"https:\/\/territoriobiker.com\/index.php\/wp-json\/wp\/v2\/comments?post=1855"}],"version-history":[{"count":0,"href":"https:\/\/territoriobiker.com\/index.php\/wp-json\/wp\/v2\/posts\/1855\/revisions"}],"wp:featuredmedia":[{"embeddable":true,"href":"https:\/\/territoriobiker.com\/index.php\/wp-json\/"}],"wp:attachment":[{"href":"https:\/\/territoriobiker.com\/index.php\/wp-json\/wp\/v2\/media?parent=1855"}],"wp:term":[{"taxonomy":"category","embeddable":true,"href":"https:\/\/territoriobiker.com\/index.php\/wp-json\/wp\/v2\/categories?post=1855"},{"taxonomy":"post_tag","embeddable":true,"href":"https:\/\/territoriobiker.com\/index.php\/wp-json\/wp\/v2\/tags?post=1855"}],"curies":[{"name":"wp","href":"https:\/\/api.w.org\/{rel}","templated":true}]}}