{"id":1829,"date":"2014-01-13T12:21:42","date_gmt":"2014-01-13T17:21:42","guid":{"rendered":"http:\/\/zonabiker.com\/?p=1829"},"modified":"2014-01-13T12:21:42","modified_gmt":"2014-01-13T17:21:42","slug":"presidente-de-harley-davidson-motor-company-visita-medellin-colombia","status":"publish","type":"post","link":"https:\/\/territoriobiker.com\/index.php\/2014\/01\/13\/presidente-de-harley-davidson-motor-company-visita-medellin-colombia\/","title":{"rendered":"Presidente de Harley-Davidson Motor Company visita Medell\u00edn-Colombia"},"content":{"rendered":"<h1>Presidente de Harley-Davidson Motor Company visita Medell\u00edn-Colombia por primera vez en \u00a0110 a\u00f1os de historia.<\/h1>\n<p style=\"text-align: justify;\"><a title=\"Presidente de Harley-Davidson Motor Company visita Medellin - Colombia\" href=\"http:\/\/zonabiker.com\/2014\/presidente-de-harley-davidson-motor-company-visita-medellin-colombia\/apdsc-digital-camera\/\" target=\"_blank\" rel=\"attachment wp-att-1832 noopener\"><img loading=\"lazy\" decoding=\"async\" class=\"alignleft  wp-image-1832\" style=\"margin: 5px 10px;\" title=\"Presidente de Harley-Davidson Motor Company visita Medellin - Colombia\" alt=\"Presidente de Harley-Davidson Motor Company visita Medellin - Colombia\" src=\"http:\/\/zonabiker.com\/wp-content\/uploads\/2014\/01\/HD-USA-Entrega-placa-bronce.jpg\" width=\"270\" height=\"203\" \/><\/a>El \u00e9xito generado tras la apertura del concesionario Harley-Davidson Medell\u00edn\u00a0y reconocido por los conocedores como uno de los tres mejores de Am\u00e9rica Latina \u00a0no paso desapercibido por Milwaukee\u00a0y para celebrar el rotundo impacto el Presidente de la legendaria marca Matt\u00a0Levatich\u00a0decidi\u00f3 visitar dos concesionarios en Latinoam\u00e9rica\u00a0para rendirles\u00a0honores, uno en M\u00e9xico y el otro en Medell\u00edn. \u00a0Vale la pena mencionar que en los 110 a\u00f1os de historia de H-D es la primera vez que un Presidente de H-D viaja a Colombia y en este caso \u00fanicamente viajo a felicitar el concesionario en Medell\u00edn.<\/p>\n<div style=\"text-align: justify;\"><a title=\"As\u00ed recibieron a los asistentes al evento\" href=\"http:\/\/zonabiker.com\/2014\/presidente-de-harley-davidson-motor-company-visita-medellin-colombia\/apdsc-digital-camera-2\/\" target=\"_blank\" rel=\"attachment wp-att-1834 noopener\"><img loading=\"lazy\" decoding=\"async\" class=\"alignright  wp-image-1834\" style=\"margin: 5px 10px;\" title=\"As\u00ed recibieron a los asistentes al evento\" alt=\"As\u00ed recibieron a los asistentes al evento\" src=\"http:\/\/zonabiker.com\/wp-content\/uploads\/2014\/01\/Patty-una-de-las-empleadas-Paisas-de-HD-Medellin-ofreciendo-delicias-paisas-a-los-asistentes.jpg\" width=\"142\" height=\"189\" \/><\/a>Zona Biker\u00a0obtuvo informaci\u00f3n confirmando que el concesionario Harley-Davidson Medell\u00edn bati\u00f3 todos los pron\u00f3sticos de ventas en motocicletas, partes, accesorios, ropa, lujos y parafernalia en general para los entusiastas de la marca de motocicletas ininterrumpida mas antigua del mundo. \u00a0HD\u00a0Medell\u00edn que fue dise\u00f1ado por un equipo de 9 arquitectos de H-D y liderados por la reconocida marca Fresh\u00a0Design\u00a0en Estados Unidos que dirige el Colombiano Andr\u00e9s\u00a0Perea recibi\u00f3 elogios no solamente por el Presidente de Harley-Davidson sino tambi\u00e9n por autoridades locales en la ciudad de la eterna primavera.<\/div>\n<div style=\"text-align: justify;\"><\/div>\n<div style=\"text-align: justify;\"><img loading=\"lazy\" decoding=\"async\" class=\"wp-image-1836 alignleft\" style=\"margin: 5px 10px;\" title=\"Harley Davidson Medell\u00edn.\" alt=\"Harley Davidson Medell\u00edn.\" src=\"http:\/\/zonabiker.com\/wp-content\/uploads\/2014\/01\/Presidente-de-HD-abraza-afectuosamente-a-Willy-B-de-HD-Medellin.jpg\" width=\"200\" height=\"150\" \/>Los esposos Willy\u00a0Bol\u00edvar (Willy-B) y Natacha\u00a0de Bol\u00edvar recibieron de las manos del Sr. Matt\u00a0Levatich\u00a0y la delegaci\u00f3n Americana una gran placa emblem\u00e1tica en bronce la cual le da categor\u00eda &#8220;World Class&#8221; al mencionado concesionario. La celebraci\u00f3n se llevo a cabo con bandas Rock, Mariachi, Bailarines y actos especiales que contaron con la presencia de importantes personalidades de la comunidad Harlista\u00a0y Motera en Colombia. \u00a0H-D Medell\u00edn que cuenta con un atractivo V.I.P Lounge\u00a0y un amplio parque para eventos esta localizado en el coraz\u00f3n de la zona tur\u00edstica (zona rosa) cerca al reconocido Parque Lleras. (Carrera 39 #7-107) con tel\u00e9fonos\u00a0<a target=\"_blank\" rel=\"noopener\">320-767-6800<\/a>\u00a0y (4)311-0702. \u00a0Ver: <a href=\"http:\/\/www.harleydavidsonmedellin.com\/\" target=\"_blank\" rel=\"noopener\">www.harleydavidsonmedellin.com<\/a>.<\/div>\n<div style=\"text-align: justify;\"><\/div>\n<div style=\"text-align: justify;\"><a title=\"Harley Davidson Medell\u00edn.\" href=\"http:\/\/zonabiker.com\/2014\/presidente-de-harley-davidson-motor-company-visita-medellin-colombia\/apdsc-digital-camera-4\/\" target=\"_blank\" rel=\"attachment wp-att-1837 noopener\"><img loading=\"lazy\" decoding=\"async\" class=\"wp-image-1837 aligncenter\" title=\"Harley Davidson Medell\u00edn.\" alt=\"Harley Davidson Medell\u00edn.\" src=\"http:\/\/zonabiker.com\/wp-content\/uploads\/2014\/01\/show-room-HD-Medellin.jpg\" width=\"200\" height=\"150\" \/><\/a><\/div>\n","protected":false},"excerpt":{"rendered":"<p>Presidente de Harley-Davidson Motor Company visita Medell\u00edn-Colombia por primera vez en \u00a0110 a\u00f1os de historia. El \u00e9xito generado tras la apertura del concesionario Harley-Davidson Medell\u00edn\u00a0y reconocido por los conocedores como uno de los tres mejores de Am\u00e9rica Latina \u00a0no paso desapercibido por Milwaukee\u00a0y para celebrar&#8230;<\/p>\n","protected":false},"author":1,"featured_media":0,"comment_status":"open","ping_status":"open","sticky":false,"template":"","format":"standard","meta":{"om_disable_all_campaigns":false,"_mi_skip_tracking":false,"footnotes":""},"categories":[21],"tags":[102,105,147,177,191,225,267],"class_list":["post-1829","post","type-post","status-publish","format-standard","hentry","category-noticias","tag-colombia","tag-company","tag-harley-davidson","tag-medellin","tag-motor","tag-presidente","tag-visita"],"aioseo_notices":[],"_links":{"self":[{"href":"https:\/\/territoriobiker.com\/index.php\/wp-json\/wp\/v2\/posts\/1829","targetHints":{"allow":["GET"]}}],"collection":[{"href":"https:\/\/territoriobiker.com\/index.php\/wp-json\/wp\/v2\/posts"}],"about":[{"href":"https:\/\/territoriobiker.com\/index.php\/wp-json\/wp\/v2\/types\/post"}],"author":[{"embeddable":true,"href":"https:\/\/territoriobiker.com\/index.php\/wp-json\/wp\/v2\/users\/1"}],"replies":[{"embeddable":true,"href":"https:\/\/territoriobiker.com\/index.php\/wp-json\/wp\/v2\/comments?post=1829"}],"version-history":[{"count":0,"href":"https:\/\/territoriobiker.com\/index.php\/wp-json\/wp\/v2\/posts\/1829\/revisions"}],"wp:attachment":[{"href":"https:\/\/territoriobiker.com\/index.php\/wp-json\/wp\/v2\/media?parent=1829"}],"wp:term":[{"taxonomy":"category","embeddable":true,"href":"https:\/\/territoriobiker.com\/index.php\/wp-json\/wp\/v2\/categories?post=1829"},{"taxonomy":"post_tag","embeddable":true,"href":"https:\/\/territoriobiker.com\/index.php\/wp-json\/wp\/v2\/tags?post=1829"}],"curies":[{"name":"wp","href":"https:\/\/api.w.org\/{rel}","templated":true}]}}