{"id":1600,"date":"2013-04-12T18:40:36","date_gmt":"2013-04-12T23:40:36","guid":{"rendered":"http:\/\/zonabiker.com\/?p=1600"},"modified":"2013-04-12T18:40:36","modified_gmt":"2013-04-12T23:40:36","slug":"encuentro-internacional-ibague-bike-week-2013","status":"publish","type":"post","link":"https:\/\/territoriobiker.com\/index.php\/2013\/04\/12\/encuentro-internacional-ibague-bike-week-2013\/","title":{"rendered":"VII Encuentro Internacional Ibagu\u00e9 Bike Week 2013"},"content":{"rendered":"<h1><b>VII GRAN ENCUENTRO INTERNACIONAL DE MOTOS CUSTOM Y DE ALTO CILINDRAJE\u00a0 EN IBAGU\u00c9 CIUDAD MUSICAL DE COLOMBIA\u00a0MAYO 10 AL 12 DE 2013<\/b><\/h1>\n<h3 style=\"text-align: center;\"><b>EL MEJOR DE LOS SIETE !!!<\/b><\/h3>\n<p style=\"text-align: center;\"><a title=\"Encuentro Internacional Ibagu\u00e9 Bike Week 2013\" href=\"http:\/\/zonabiker.com\/2013\/encuentro-internacional-ibague-bike-week-2013\/poster-ibague-bake-week-2\/\" target=\"_blank\" rel=\"attachment wp-att-1602 noopener\"><img loading=\"lazy\" decoding=\"async\" class=\"aligncenter  wp-image-1602\" title=\"Encuentro Internacional Ibagu\u00e9 Bike Week 2013\" alt=\"Encuentro Internacional Ibagu\u00e9 Bike Week 2013\" src=\"http:\/\/zonabiker.com\/wp-content\/uploads\/2013\/04\/poster-ibague-bake-week1-716x1024.jpg\" width=\"451\" height=\"645\" \/><\/a><\/p>\n<h1 style=\"text-align: justify;\">PROGRAMACI\u00d3N<\/h1>\n<h3>VIERNES 10 de Mayo &#8211;\u00a0<strong>A DISFRUTAR AL MAXIMO !!!<\/strong><\/h3>\n<table border=\"0\" cellspacing=\"0\" cellpadding=\"0\">\n<tbody>\n<tr>\n<td valign=\"top\" width=\"102\">\n<p align=\"center\">3:00 PM<\/p>\n<\/td>\n<td valign=\"top\" width=\"19\"><\/td>\n<td style=\"text-align: justify;\" valign=\"top\" width=\"478\">Apertura de inscripciones y entrega de paquetes\u00a0 centro comercial <strong>MULTICENTRO<\/strong>.<\/td>\n<\/tr>\n<tr>\n<td valign=\"top\" width=\"102\">\n<p align=\"center\">8:00 PM<\/p>\n<\/td>\n<td valign=\"top\" width=\"19\"><\/td>\n<td style=\"text-align: justify;\" valign=\"top\" width=\"478\">Bienvenida a los participantes del 7mo Gran encuentro Internacional de motocicletas custom y de alto cilindraje en Ibagu\u00e9. Muestra comercial de accesorios para el mundo del alto cilindraje.<\/td>\n<\/tr>\n<tr>\n<td valign=\"top\" width=\"102\">\n<p align=\"center\">10:00 PM<\/p>\n<\/td>\n<td valign=\"top\" width=\"19\"><\/td>\n<td valign=\"top\" width=\"478\">Rumba de bienvenida en la exclusiva discoteca\u00a0<b>EL TEREQUE (<\/b><a href=\"http:\/\/www.facebook.com\/eltereque.bar?fref=ts\">http:\/\/www.facebook.com\/eltereque.bar?fref=ts<\/a>)<strong> <\/strong><strong>en la v\u00eda al Aeropuerto<\/strong>, m\u00fasica\u00a0crossover por DJ profesional y todo el ambiente<br \/>\nde una<strong> GRAN FIESTA BIKER!!!<\/strong><\/td>\n<\/tr>\n<\/tbody>\n<\/table>\n<h3>S\u00c1BADO 11 de Mayo &#8211;\u00a0<strong>LA GRAN RODADA !!!<\/strong><\/h3>\n<table border=\"0\" cellspacing=\"0\" cellpadding=\"0\">\n<tbody>\n<tr>\n<td valign=\"top\" width=\"102\">\n<p align=\"center\">8:00 AM<\/p>\n<\/td>\n<td valign=\"top\" width=\"19\"><\/td>\n<td style=\"text-align: justify;\" valign=\"top\" width=\"478\">Inscripciones centro comercial <strong>MULTICENTRO<\/strong>.<\/td>\n<\/tr>\n<tr>\n<td valign=\"top\" width=\"102\">\n<p align=\"center\">1:00 PM<\/p>\n<\/td>\n<td valign=\"top\" width=\"19\"><\/td>\n<td style=\"text-align: justify;\" valign=\"top\" width=\"478\">Gran Caravana\u00a0hacia la ciudad de\u00a0El Espinal, Oriente del Tolima por la doble calzada. Solicitamos el favor de rodar en fila de a dos y guardando prudente distancia. Tendremos acompa\u00f1amiento de polic\u00eda de carreteras y ambulancia.<\/td>\n<\/tr>\n<tr>\n<td valign=\"top\" width=\"102\">\n<p align=\"center\">2:30 PM<\/p>\n<\/td>\n<td valign=\"top\" width=\"19\"><\/td>\n<td style=\"text-align: justify;\" valign=\"top\" width=\"478\">Almuerzo en la sede de la C\u00e1mara de Comercio en El Espinal, serviremos un espectacular sancocho Tolimense preparado por el tradicional restaurante <b>TASCA LOS BARRILES.<\/b><\/td>\n<\/tr>\n<tr>\n<td valign=\"top\" width=\"102\">\n<p align=\"center\">3:00 PM<\/p>\n<\/td>\n<td valign=\"top\" width=\"19\"><\/td>\n<td style=\"text-align: justify;\" valign=\"top\" width=\"478\">Presentaci\u00f3n de las chicas candidatas a <b>BIKE GIRL 2013.<\/b><\/td>\n<\/tr>\n<tr>\n<td valign=\"top\" width=\"102\">\n<p align=\"center\">4:00 PM<\/p>\n<\/td>\n<td valign=\"top\" width=\"19\"><\/td>\n<td valign=\"top\" width=\"478\">Regreso a la ciudad de <strong>IBAGU\u00c9.<\/strong><\/td>\n<\/tr>\n<tr>\n<td valign=\"top\" width=\"102\">\n<p align=\"center\">10:00 PM<\/p>\n<\/td>\n<td valign=\"top\" width=\"19\"><\/td>\n<td valign=\"top\" width=\"478\">Gran fiesta en <strong>EL TEREQUE<\/strong> una de las mejores discotecas de la ciudad, en la v\u00eda al aeropuerto, disfrutaremos del mejor sonido, el mejor ambiente y la excelente atenci\u00f3n de este espectacular sitio !!!\u00a0 <strong>LA MEJOR RUMBA DE IBAGUE !!!<\/strong><\/td>\n<\/tr>\n<\/tbody>\n<\/table>\n<h3>DOMINGO 12 de Mayo &#8211;\u00a0<strong>RELAX Y RECREACION !!!<\/strong><\/h3>\n<table border=\"0\" cellspacing=\"0\" cellpadding=\"0\">\n<tbody>\n<tr>\n<td valign=\"top\" width=\"102\">\n<p align=\"center\">9:30 AM<\/p>\n<\/td>\n<td valign=\"top\" width=\"19\"><\/td>\n<td style=\"text-align: justify;\" valign=\"top\" width=\"478\">Punto de encuentro centro comercial <strong>MULTICENTRO<\/strong>, Muestra comercial de accesorios para el mundo del alto cilindraje.<\/td>\n<\/tr>\n<tr>\n<td valign=\"top\" width=\"102\">\n<p align=\"center\">1:00 PM<\/p>\n<\/td>\n<td valign=\"top\" width=\"19\"><\/td>\n<td style=\"text-align: justify;\" valign=\"top\" width=\"478\">Rodada al Norte del Tolima,\u00a0\u00a0Llegada al centro vacacional <strong>LA POSADA CAMPESTRE(<\/strong><a href=\"http:\/\/www.facebook.com\/pages\/Hotel-la-Posada-Campestre-Alvarado\/475117355845477\">http:\/\/www.facebook.com\/pages\/Hotel-la-Posada-Campestre-Alvarado\/475117355845477<\/a>),\u00a0uno de los mejores sitios recreativos del Norte del Tolima. Habr\u00e1 servicio de piscina y areas recreativas. (no olvidar la pantaloneta!)<\/td>\n<\/tr>\n<tr>\n<td valign=\"top\" width=\"102\">\n<p align=\"center\">2:00 PM<\/p>\n<\/td>\n<td valign=\"top\" width=\"19\"><\/td>\n<td style=\"text-align: justify;\" valign=\"top\" width=\"478\">Almuerzo con espectacular parrillada preparada por <b>EL TORIL<\/b> restaurante especializado en carnes. (favor tener listos los vales del almuerzo).<\/td>\n<\/tr>\n<tr>\n<td valign=\"top\" width=\"102\">\n<p align=\"center\">3:00 PM<\/p>\n<\/td>\n<td valign=\"top\" width=\"19\"><\/td>\n<td valign=\"top\" width=\"478\"><b>POOL PARTY<\/b>, elecci\u00f3n de las finalistas al concurso <b>BIKE GIRL 2013.<\/b> Las dos primeras finalistas recibir\u00e1n un paquete tur\u00edstico para un fin de semana en <b>LA POSADA CAMPESTRE.<\/b><\/td>\n<\/tr>\n<tr>\n<td valign=\"top\" width=\"102\">\n<p align=\"center\">5:00 PM<\/p>\n<\/td>\n<td valign=\"top\" width=\"19\"><\/td>\n<td style=\"text-align: justify;\" valign=\"top\" width=\"478\">Caravana de regreso a la ciudad de Ibagu\u00e9.<\/td>\n<\/tr>\n<tr>\n<td valign=\"top\" width=\"102\">\n<p align=\"center\">9:30 PM<\/p>\n<\/td>\n<td valign=\"top\" width=\"19\"><\/td>\n<td valign=\"top\" width=\"478\">Concurso el BIKER MAS FUERTE en las instalaciones de la discoteca <b>EL TEREQUE<\/b>.<\/td>\n<\/tr>\n<tr>\n<td valign=\"top\" width=\"102\">\n<p align=\"center\">10:00 PM<\/p>\n<\/td>\n<td valign=\"top\" width=\"19\"><\/td>\n<td style=\"text-align: justify;\" valign=\"top\" width=\"478\">Espectacular rumba de clausura en la s\u00faper discoteca <b>EL TEREQUE<\/b> en la v\u00eda al Aeropuerto, Elecci\u00f3n de la\u00a0<strong>BIKE GRIL 2013<\/strong>. Rumba hasta el amanecer !!!<strong>Les recordamos que esta prohibido el ingreso de menores de edad a las rumbas.<\/strong><\/td>\n<\/tr>\n<\/tbody>\n<\/table>\n<p>&nbsp;<\/p>\n<p><strong>LUNES 13 DE MAYO.\u00a0GRACIAS POR SU\u00a0PARTICIPACI\u00d3N\u00a0Y\u00a0 BUEN REGRESO.<\/strong><\/p>\n<p>Las caravanas contar\u00e1n con un carro gu\u00eda el cual solicitamos no sea sobrepasado, deber\u00e1n rodar en fila de a dos\u00a0,\u00a0\u00a0tendr\u00e1 acompa\u00f1amiento de la polic\u00eda de carreteras y ambulancia. La velocidad m\u00e1xima de la caravana en carretera ser\u00e1 de 80 Km.\/hora. Esta es una nueva oportunidad de mostrarle a la comunidad lo grande de la Hermandad\u00a0 Biker.<br \/>\nLos no inscritos pagaran Cover en las Discotecas y no podr\u00e1n ingresar a los eventos especiales.<br \/>\nOrganiza: <strong>PIJAOS BIKER\u00b4S M.C.-IBAGUE BIKE WEEK<\/strong><br \/>\nCoordinadores : \u00a0 Ra\u00fal Apaza Ni\u00f1o.<br \/>\nJaime Eduardo Bravo Reyes<br \/>\nJuan Carlos Guzm\u00e1n Rivera.<br \/>\nNayib Yaber Enciso.<\/p>\n<p>Contactos: 3103279209, 3107875734, 3203439005.<\/p>\n<h2 style=\"text-align: justify;\"><a href=\"mailto:pijaosbiker@gmail.com\">pijaosbiker@gmail.com<\/a><\/h2>\n<h2 style=\"text-align: center;\"><span style=\"color: #ff0000;\">M\u00c1S INFORMACI\u00d3N EN <a href=\"http:\/\/www.pijaosbikers.com\" target=\"_blank\" rel=\"noopener\">WWW.PIJAOSBIKERS.COM<\/a><\/span><\/h2>\n","protected":false},"excerpt":{"rendered":"<p>VII GRAN ENCUENTRO INTERNACIONAL DE MOTOS CUSTOM Y DE ALTO CILINDRAJE\u00a0 EN IBAGU\u00c9 CIUDAD MUSICAL DE COLOMBIA\u00a0MAYO 10 AL 12 DE 2013 EL MEJOR DE LOS SIETE !!! PROGRAMACI\u00d3N VIERNES 10 de Mayo &#8211;\u00a0A DISFRUTAR AL MAXIMO !!! 3:00 PM Apertura de inscripciones y entrega&#8230;<\/p>\n","protected":false},"author":1,"featured_media":0,"comment_status":"open","ping_status":"open","sticky":false,"template":"","format":"standard","meta":{"om_disable_all_campaigns":false,"_mi_skip_tracking":false,"footnotes":""},"categories":[5],"tags":[39,72,128,153,157,269],"class_list":["post-1600","post","type-post","status-publish","format-standard","hentry","category-eventos","tag-39","tag-bike","tag-encuentro","tag-ibague","tag-internacional","tag-week"],"aioseo_notices":[],"_links":{"self":[{"href":"https:\/\/territoriobiker.com\/index.php\/wp-json\/wp\/v2\/posts\/1600","targetHints":{"allow":["GET"]}}],"collection":[{"href":"https:\/\/territoriobiker.com\/index.php\/wp-json\/wp\/v2\/posts"}],"about":[{"href":"https:\/\/territoriobiker.com\/index.php\/wp-json\/wp\/v2\/types\/post"}],"author":[{"embeddable":true,"href":"https:\/\/territoriobiker.com\/index.php\/wp-json\/wp\/v2\/users\/1"}],"replies":[{"embeddable":true,"href":"https:\/\/territoriobiker.com\/index.php\/wp-json\/wp\/v2\/comments?post=1600"}],"version-history":[{"count":0,"href":"https:\/\/territoriobiker.com\/index.php\/wp-json\/wp\/v2\/posts\/1600\/revisions"}],"wp:attachment":[{"href":"https:\/\/territoriobiker.com\/index.php\/wp-json\/wp\/v2\/media?parent=1600"}],"wp:term":[{"taxonomy":"category","embeddable":true,"href":"https:\/\/territoriobiker.com\/index.php\/wp-json\/wp\/v2\/categories?post=1600"},{"taxonomy":"post_tag","embeddable":true,"href":"https:\/\/territoriobiker.com\/index.php\/wp-json\/wp\/v2\/tags?post=1600"}],"curies":[{"name":"wp","href":"https:\/\/api.w.org\/{rel}","templated":true}]}}