{"id":1324,"date":"2012-12-12T12:17:02","date_gmt":"2012-12-12T17:17:02","guid":{"rendered":"http:\/\/zonabiker.com\/?p=1324"},"modified":"2012-12-12T12:17:02","modified_gmt":"2012-12-12T17:17:02","slug":"historia-de-un-viejo-motero","status":"publish","type":"post","link":"https:\/\/territoriobiker.com\/index.php\/2012\/12\/12\/historia-de-un-viejo-motero\/","title":{"rendered":"Historia de un viejo motero"},"content":{"rendered":"<h1>Historia de un viejo motero.<\/h1>\n<blockquote>\n<address><strong>tomada de Moteros del Cabo Pe\u00f1as.<\/strong><\/address>\n<\/blockquote>\n<p style=\"text-align: justify;\">Paco baj\u00f3 las escaleras de su casa lentamente y con cuidado. A su edad y con su artrosis incipiente ya no pod\u00eda hacerlo de otro modo. Termin\u00f3 de bajarlas y se dirigi\u00f3 hacia la puerta del garaje. La abri\u00f3 y entr\u00f3. Avanz\u00f3 entre la penumbra hacia la ventana y subi\u00f3 la persiana. Entonces, la luz que de repente invadi\u00f3 el local, dejo a la\u00a0vista un garaje un tanto desordenado, con m\u00e1s o menos las cosas que hay en todos los garajes particulares: una segadora, unas estanter\u00edas con objetos varios, algunos de los cuales dif\u00edciles de identificar, un cuarto de calderas, un coche que hab\u00eda conocido mejores tiempos, algunos aperos de jardiner\u00eda, un viejo armario ropero con espejo en las puertas, una bicicleta con aspecto de no ser utilizada, en fin, todo eso y alguna cosa m\u00e1s sin importancia.<\/p>\n<p style=\"text-align: justify;\"><a href=\"http:\/\/zonabiker.com\/2012\/historia-de-un-viejo-motero\/old_man_motorcycle\/\" target=\"_blank\" rel=\"attachment wp-att-1326 noopener\"><img loading=\"lazy\" decoding=\"async\" class=\" wp-image-1326 alignleft\" style=\"margin: 5px 10px;\" alt=\"old_man_motorcycle\" src=\"http:\/\/zonabiker.com\/wp-content\/uploads\/2012\/12\/old_man_motorcycle.jpg\" width=\"207\" height=\"264\" \/><\/a>Lo que diferenciaba ese garaje de la mayor\u00eda de los garajes, era un bulto de buen tama\u00f1o que tapado con una vieja s\u00e1bana, ocupaba una buena parte del local.\u00a0Paco avanz\u00f3 hacia donde se encontraba ese bulto y con cuidado y mucho protocolo, como si lo hubiera hecho mil y una veces, fue retirando poco a poco la tela que lo cubr\u00eda. Seg\u00fan lo iba haciendo, sus ojos se iban abriendo cada vez m\u00e1s y m\u00e1s, parec\u00edan brillarle, hasta que al dejar al descubierto del todo lo que all\u00ed hab\u00eda, sinti\u00f3 como su desgarbada figura se hinchaba de aire y el coraz\u00f3n le lat\u00eda m\u00e1s deprisa. All\u00ed estaba, como si el tiempo no pasara por ella, una magn\u00edfica Harley-Davidson Electra Glide 1200 FLH del 76 roja y negra, brillando como si tuviera luz propia.<\/p>\n<p style=\"text-align: justify;\">La contempl\u00f3 un rato, la rode\u00f3 lentamente hasta llegar a su costado izquierdo y con bastante esfuerzo y algo de dolor, asi\u00f3 el manillar con su mano izquierda, levanto su pierna derecha y la pas\u00f3 por encima del asiento. Meti\u00f3 su mano en el bolsillo, del pecho de la chaqueta y sac\u00f3 la llave de contacto. La introdujo y arranc\u00f3 el motor.\u00a0El motor de 74 pulgadas, rugi\u00f3 con un primer estampido para seguidamente quedar al ralent\u00ed con ese caracter\u00edstico sonido desacompasado del que hacen gala las m\u00e1quinas de la &#8220;company&#8221;.\u00a0Apret\u00f3 el embrague, engran\u00f3 primera con un sonoro ruido sordo y volviendo la cabeza hacia un lado se contempl\u00f3 en el espejo del armario ropero. Dej\u00f3 que el motor diera unas vueltas m\u00e1s y despu\u00e9s de volverlo a punto muerto, lo apag\u00f3.\u00a0Se baj\u00f3 de la moto y fue hasta la estanter\u00eda, donde cogi\u00f3 una gamuza, la dobl\u00f3 en cuatro partes y comenz\u00f3 a pasarla cuidadosamente por la moto, quit\u00e1ndole el poco polvo que tenia.\u00a0Esper\u00f3 a que el motor y los escapes se enfriaran y volvi\u00f3 a cubrirla con la misma vieja s\u00e1bana.\u00a0Eso fue todo. Eso era todo todos los d\u00edas desde hac\u00eda a\u00f1os. Paco ya no pod\u00eda salir con su moto como cuando era m\u00e1s joven. Sus maltrechas rodillas ya no pod\u00edan aguantar el peso de los m\u00e1s de 300 kg de hierro de Milwaukee que pesaba su querida moto y sus manos ya no ten\u00edan suficiente fuerza y precisi\u00f3n para manejar su manillar.<\/p>\n<p style=\"text-align: justify;\"><a href=\"http:\/\/zonabiker.com\/2012\/historia-de-un-viejo-motero\/mini-81343_hd-flh1200-electraglide-1970_122_442lo\/\" target=\"_blank\" rel=\"attachment wp-att-1328 noopener\"><img loading=\"lazy\" decoding=\"async\" class=\" wp-image-1328 alignright\" style=\"margin: 5px 10px;\" alt=\"mini-81343_HD-FLH1200-ElectraGlide-1970_122_442lo\" src=\"http:\/\/zonabiker.com\/wp-content\/uploads\/2012\/12\/mini-81343_HD-FLH1200-ElectraGlide-1970_122_442lo.jpg\" width=\"307\" height=\"230\" \/><\/a>Ese momento del d\u00eda era de sensaciones contradictorias. Por un lado se sent\u00eda m\u00e1s vivo y animado y por otro lado sent\u00eda nostalgia de los kil\u00f3metros recorridos durante una vida, unas veces en compa\u00f1\u00eda de amigos moteros como \u00e9l y otras en solitario; de los viajes que hab\u00eda realizado y sitios que hab\u00eda conocido, de las concentraciones a las que hab\u00eda acudido, de las risa y los buenos momentos vividos, incluso de las mojaduras y el\u00a0fr\u00edo\u00a0que a veces hab\u00eda sufrido. En definitiva, de una vida llena de intensos momentos a la moto.<\/p>\n<p style=\"text-align: justify;\">Con aire triste, cerr\u00f3 la puerta del garaje y se dirigi\u00f3 de nuevo a la escalera para subir a su casa, donde desayunar\u00eda antes de dirigirse al pueblo, donde todos los d\u00edas hacia sus compras cotidianas.<\/p>\n<p style=\"text-align: justify;\">Una noche de oto\u00f1o, llov\u00eda y no poco. Serian poco m\u00e1s de las siete, pero ya hab\u00eda oscurecido hacia un rato. Paco ten\u00eda que acercarse al pueblo, hoy tenia clase de internet. No era algo que le apasionara pero le serv\u00eda para distraerse y relacionarse un poco.\u00a0Baj\u00f3 al garaje y no sin antes dedicarle una mirada al bulto que hacia la vieja s\u00e1bana, se subi\u00f3 a su coche, arranc\u00f3 el motor y accion\u00f3 el mando del port\u00f3n.\u00a0Sali\u00f3 del garaje y volvi\u00f3 a accionar el mando. Cruz\u00f3 los metros que separaban su casa de la carretera y girando hacia la derecha, se dispuso a recorrer los ocho km que le separaban del pueblo.\u00a0Segu\u00eda lloviendo con ganas y no habr\u00eda completado la mitad del recorrido, cuando vio en la orilla de la carretera un chico cuya moto le hab\u00eda hecho la jugada de dejarlo tirado en mitad de la tormenta.\u00a0Apiad\u00e1ndose de \u00e9l, se detuvo a su lado y con voz firme le pregunt\u00f3:<\/p>\n<p style=\"text-align: justify;\">-!Eh, muchacho, \u00bfnecesitas ayuda?<\/p>\n<p style=\"text-align: justify;\">El chico se agach\u00f3 hasta la altura de la ventanilla y le contest\u00f3:<\/p>\n<p style=\"text-align: justify;\">-Me vendr\u00eda bien que me acercase hasta el pueblo, . Por la moto van a venir unos amigos en breve, pero yo no tengo por qu\u00e9 estar aqu\u00ed moj\u00e1ndome.<\/p>\n<p style=\"text-align: justify;\">Paco le abri\u00f3 la puerta para que entrase y al hacerlo vio la moto del chico. Era una custom negra, bicil\u00edndrica en v y con unos curiosos espejos en forma de ocho girado y aunque no reconoci\u00f3 el modelo, le pareci\u00f3 muy bonita.\u00a0De camino al pueblo, hablaron animadamente de motos y de moteros y a los pocos minutos, ya daba la sensaci\u00f3n que se conociesen de siempre.\u00a0Al llegar al pueblo, el chico pidi\u00f3 que lo dejase en el primer bar que encontraran y Paco as\u00ed lo hizo. Al parar el coche, el chico quiso corresponder el gesto de Paco y le regalo su braga de cuello. Era una braga sencilla, negra de lycra, poco usada y como \u00fanico adorno, una alita plateada.\u00a0El chico se despidi\u00f3 dando las y al darse la vuelta para entrar en el bar, Paco observ\u00f3 que la misma ala plateada lucia en el parche dorsal del chaleco del chico.<\/p>\n<p style=\"text-align: justify;\">En el viaje de vuelta hacia su casa, Paco record\u00f3 el lugar donde se hab\u00eda quedado la moto y all\u00ed ya no hab\u00eda nada.<\/p>\n<p style=\"text-align: justify;\">-Ya la han recogido-Se dijo Paco.<\/p>\n<div style=\"text-align: justify;\">Al d\u00eda siguiente, amanecieron los campos helados y Paco pens\u00f3 que ser\u00eda buena idea ponerse la braga que aquel chico le hab\u00eda dada, algo le abrigar\u00eda.\u00a0Sali\u00f3 de su casa, baj\u00f3 la escalera y entr\u00f3 en su garaje, como todos los d\u00edas. Paco subi\u00f3 la persiana y comprob\u00f3 que a\u00fan no hab\u00eda amanecido del todo, aunque algo se ve\u00eda.<br \/>\nPaco repiti\u00f3 ceremoniosamente su peque\u00f1o rito diario, descubri\u00f3 la moto, agarr\u00f3 el manillar con su mano izquierda y pas\u00f3 \u00e1gilmente su pierna derecha por encima del asiento. Paco se qued\u00f3 sorprendido, no le hab\u00eda costado subirse a la moto. Sac\u00f3 la llave del bolsillo del pecho y arranc\u00f3 el motor. Se mir\u00f3 en el espejo del armario y entonces se qued\u00f3 sin aire. La imagen que el espejo le devolv\u00eda era la suya propia con cuarenta a\u00f1os menos. Por acto reflejo, solt\u00f3 el manillar y su imagen cambi\u00f3. Ahora el reflejo volv\u00eda a ser el de siempre. Con mano temblorosa asi\u00f3 de nuevo el manillar y con los ojos tan abiertos como era capaz, gir\u00f3 lentamente la cabeza hasta alcanzar el espejo con la mirada. Esta vez no solt\u00f3 el manillar ni mir\u00f3 hacia otro lado. Se qued\u00f3 observando fijamente, reconoci\u00e9ndose como el hombre que hab\u00eda sido hacia cuarenta a\u00f1os.<br \/>\nMantuvo la mirada unos momentos mientras una oleada de calor recorr\u00eda su cuerpo. Baj\u00f3 la cabeza, solt\u00f3 el manillar y se baj\u00f3 de la moto. Fue hacia el espejo mientras se quitaba la chaqueta y la braga que aquel motero le hab\u00eda dado. Mir\u00f3 al espejo detenidamente y luego a la moto y as\u00ed varias veces.<br \/>\nCuando se tranquiliz\u00f3 un poco, volvi\u00f3 a sentarse en la moto y agarrando el manillar, dirigi\u00f3 la mirada de nuevo hacia el espejo. Su imagen era la del Paco de siempre. Se qued\u00f3 pensativo unos momentos, mientras sus ojos se mov\u00edan nerviosamente de izquierda a derecha, cuando estos fueron a posarse sobre la braga que hab\u00eda dejado encima de la chaqueta. Un r\u00e1pido pensamiento cruz\u00f3 su mente mientras le pareci\u00f3 ver que el ala plateada que adornaba la braga reluc\u00eda de forma extra\u00f1a, como si reflejase una luz que all\u00ed no hab\u00eda por ning\u00fan lado.<br \/>\nPaco se baj\u00f3 de la moto, se acerc\u00f3 a la braga y se la puso.<br \/>\nVolvi\u00f3 a sentarse en la moto, se agarr\u00f3 al manillar y cuando se mir\u00f3 una vez m\u00e1s al espejo del armario, volvi\u00f3 a verse tal como era hacia cuarenta a\u00f1os atr\u00e1s. Ya no dud\u00f3 que la braga era la responsable del cambio.<br \/>\nUn poco menos nervioso, constat\u00f3 que no s\u00f3lo era su imagen la que hab\u00eda mejorado, sino que realmente se sent\u00eda como si tuviese todos esos a\u00f1os menos. Tambi\u00e9n comprob\u00f3 que su imagen tan solo cambiaba en el espejo. sus manos y todo lo que alcazaba a ver de su cuerpo era como se esperaba que fuera para su edad.<br \/>\nCon todo el aplomo que consigui\u00f3 reunir subi\u00f3 a su casa y cuando baj\u00f3 de nuevo, llevaba puesto una vieja cazadora Vanson de cuero en su mano derecha un casco tipo Cromwell y en la izquierda unos guantes de cuero algo raidos.<br \/>\nAccion\u00f3 el mando del port\u00f3n, se subi\u00f3 a la moto y se puso el casco y los guantes. Arranc\u00f3 el motor y lanz\u00f3 una \u00faltima mirada al espejo, para asegurarse de que lo que quiera que fuese que provocaba esa situaci\u00f3n, segu\u00eda funcionando. <a href=\"http:\/\/zonabiker.com\/2012\/historia-de-un-viejo-motero\/hw-attamwss-r\/\" rel=\"attachment wp-att-1329\"><img loading=\"lazy\" decoding=\"async\" class=\"aligncenter size-full wp-image-1329\" alt=\"HW ATTAMWSS R\" src=\"http:\/\/zonabiker.com\/wp-content\/uploads\/2012\/12\/HW-ATTAMWSS-R.jpg\" width=\"600\" height=\"243\" \/><\/a>Engran\u00f3 primera y sali\u00f3. Recorri\u00f3 los metros que le separaban de la carretera y gir\u00f3 a la izquierda. Y rod\u00f3. Rod\u00f3 con la misma excitaci\u00f3n que el d\u00eda que estren\u00f3 la moto. Recorri\u00f3 kil\u00f3metros y kil\u00f3metros sin cansarse. Llen\u00f3 el tanque y tan solo tom\u00f3 un s\u00e1ndwich y un refresco en aquella gasolinera. No hab\u00eda tiempo que perder.<br \/>\nCuando le pareci\u00f3 que estaba lo bastante lejos, se dio la vuelta hacia su casa. Cuando lleg\u00f3, guard\u00f3 la moto y se mir\u00f3 al espejo otra vez. Se baj\u00f3 de la moto y se volvi\u00f3 a mirar. La sonrisa que le hab\u00eda acompa\u00f1ado todo el viaje a\u00fan no habia abandonado su rostro. Cerr\u00f3 el garaje y subi\u00f3 a su casa con paso cansado. Entr\u00f3 y se dirigi\u00f3 hacia el sof\u00e1 desde donde siempre ve\u00eda el televisor, solo que esta vez no lo encendi\u00f3. Se dej\u00f3 caer en el sof\u00e1 y llor\u00f3. Llor\u00f3 de pura felicidad por haber vuelto a sentirse vivo, por haber vuelto a sentir el aire en su cara y sobre todo por haberse vuelto a sentir \u00e9l mismo.<\/div>\n<div style=\"text-align: justify;\">Al d\u00eda siguiente, repiti\u00f3 los mismos pasos del d\u00eda anterior y volvi\u00f3 a rodar.<\/div>\n<div style=\"text-align: justify;\">A\u00fan dudaba de que aquello fuera un sue\u00f1o, lo que si ten\u00eda claro, es que hab\u00eda que disfrutarlo. Y aquel tipo que le hab\u00eda dado la braga, \u00bfqui\u00e9n era? \u00bfun \u00e1ngel? \u00bfUn demonio? \u00bfacaso importaba? Lo importante era que Paco volv\u00eda a ser motero.<br \/>\nPaco rod\u00f3 todos los d\u00edas. Unas veces Hacia ruta y otros solamente se acercaba al pueblo a hacer sus compras.<br \/>\nEn el pueblo no sal\u00edan de su asombro al volver a ver otra vez a Paco sobre su motocicleta y lo que m\u00e1s les llamaba la atenci\u00f3n, era la sonrisa que siempre exhib\u00eda por encima de aquella braga con su alita plateada.<br \/>\nAs\u00ed pasaron algunos a\u00f1os, en los cuales Paco se sinti\u00f3 muy feliz, hasta que un d\u00eda, la dama de negro, vino a reclamar a Paco definitivamente.<br \/>\nLos que acudieron a su funeral, aseguraron que Paco ten\u00eda en su ata\u00fad, la misma sonrisa de cuando iba con su moto por las carreteras.<br \/>\nEl d\u00eda de su entierro, sus familiares y allegados, no pudieron evitar fijarse que a la entrada del cementerio, hab\u00eda un chico vestido de motero que llevaba un chaleco con un ala plateada en la espalda. Aquel joven se apoyaba sobre una custom negra sin ning\u00fan distintivo, llamativamente limpia y con unos curiosos espejos en forma de ocho girado y cargada como para emprender un viaje exactamente igual que la otra moto que estaba aparcada a su lado.<br \/>\nEl entierro termin\u00f3 y los asistentes fueron acerc\u00e1ndose poco a poco hacia la salida del camposanto y todav\u00eda desde el interior, alcanzaron a o\u00edr el inconfundible sonido de dos v-twin arrancando y alej\u00e1ndose.<br \/>\nHoy d\u00eda, a\u00f1os despu\u00e9s, los asistentes al entierro de Paco, siguen pregunt\u00e1ndose qui\u00e9n ser\u00eda el conductor de la otra moto, compa\u00f1ero del chico, que con su figura desgarbada y una vieja chaqueta Vanson rodaba hacia el sol poniente.<br \/>\nHoy d\u00eda a\u00f1os despu\u00e9s, y aunque nadie los ha visto, algunos vecinos del pueblo, aseguran o\u00edr algunas noches a dos bicil\u00edndricos cruzar el pueblo, qui\u00e9n sabe con qu\u00e9 rumbo, si ir\u00e1n de ida o de vuelta de alguna reuni\u00f3n con m\u00e1s como ellos o tal vez, de alguna fiesta motera donde beber\u00e1n cerveza y hablar\u00e1n de motos y todas esas cosas de las que hablan los moteros cuando se re\u00fanen.<br \/>\nY hoy d\u00eda, a\u00f1os despu\u00e9s, alg\u00fan vecino ha asegurado haber visto un motero parecido a Paco cuando era joven, con su moto parada en el arc\u00e9n y su casco en el suelo, tal vez esperando la llegada de alg\u00fan motero como \u00e9l, que al verle se detuviera para ofrecerle su ayuda.<br \/>\nAs\u00ed que si alg\u00fan d\u00eda veis en el arc\u00e9n un motero parado, que lleve en el cuello una braga con una alita plateada, con una custom negra con los espejos en forma de ocho girado, no dej\u00e9is de parar a preguntarle si necesita ayuda, qui\u00e9n sabe con que os podr\u00e1 obsequiar en muestra de agradecimiento.<\/p>\n<address>\n<blockquote><p>&#8220;Dedicado a todos los que un buen d\u00eda se subieron a una moto y ya no pudieron vivir sin ella&#8221;<\/p><\/blockquote>\n<\/address>\n<\/div>\n","protected":false},"excerpt":{"rendered":"<p>Historia de un viejo motero. tomada de Moteros del Cabo Pe\u00f1as. Paco baj\u00f3 las escaleras de su casa lentamente y con cuidado. A su edad y con su artrosis incipiente ya no pod\u00eda hacerlo de otro modo. Termin\u00f3 de bajarlas y se dirigi\u00f3 hacia la&#8230;<\/p>\n","protected":false},"author":1,"featured_media":0,"comment_status":"open","ping_status":"open","sticky":false,"template":"","format":"standard","meta":{"om_disable_all_campaigns":false,"_mi_skip_tracking":false,"footnotes":""},"categories":[16],"tags":[],"class_list":["post-1324","post","type-post","status-publish","format-standard","hentry","category-rep_brozz"],"aioseo_notices":[],"_links":{"self":[{"href":"https:\/\/territoriobiker.com\/index.php\/wp-json\/wp\/v2\/posts\/1324","targetHints":{"allow":["GET"]}}],"collection":[{"href":"https:\/\/territoriobiker.com\/index.php\/wp-json\/wp\/v2\/posts"}],"about":[{"href":"https:\/\/territoriobiker.com\/index.php\/wp-json\/wp\/v2\/types\/post"}],"author":[{"embeddable":true,"href":"https:\/\/territoriobiker.com\/index.php\/wp-json\/wp\/v2\/users\/1"}],"replies":[{"embeddable":true,"href":"https:\/\/territoriobiker.com\/index.php\/wp-json\/wp\/v2\/comments?post=1324"}],"version-history":[{"count":0,"href":"https:\/\/territoriobiker.com\/index.php\/wp-json\/wp\/v2\/posts\/1324\/revisions"}],"wp:attachment":[{"href":"https:\/\/territoriobiker.com\/index.php\/wp-json\/wp\/v2\/media?parent=1324"}],"wp:term":[{"taxonomy":"category","embeddable":true,"href":"https:\/\/territoriobiker.com\/index.php\/wp-json\/wp\/v2\/categories?post=1324"},{"taxonomy":"post_tag","embeddable":true,"href":"https:\/\/territoriobiker.com\/index.php\/wp-json\/wp\/v2\/tags?post=1324"}],"curies":[{"name":"wp","href":"https:\/\/api.w.org\/{rel}","templated":true}]}}