{"id":1220,"date":"2012-10-22T19:20:43","date_gmt":"2012-10-23T00:20:43","guid":{"rendered":"http:\/\/zonabiker.com\/?p=1220"},"modified":"2012-10-22T19:20:43","modified_gmt":"2012-10-23T00:20:43","slug":"bike-week-del-cafe-2012-noviembre-9-10-y-11-de-2012","status":"publish","type":"post","link":"https:\/\/territoriobiker.com\/index.php\/2012\/10\/22\/bike-week-del-cafe-2012-noviembre-9-10-y-11-de-2012\/","title":{"rendered":"BIKE WEEK del Caf\u00e9 2012 &#8211; Noviembre 9, 10 y 11 de 2012"},"content":{"rendered":"<h1>BIKE WEEK del Caf\u00e9 2012 &#8211; Noviembre 9, 10 y 11 de 2012<\/h1>\n<p style=\"text-align: justify;\">Por primera vez en Colombia, el encuentro estacionario que siempre has querido; camping, lindas chicas, pool party, DJ permanente, banda en vivo, fogata, fiestas nocturnas y todos los bikers de Colombia compartiendo tu misma pasi\u00f3n.<\/p>\n<p style=\"text-align: justify;\">Esperamos que todos ustedes se programen y <strong>separen el segundo puente de Noviembre (9, 10 y 11)<\/strong> para que disfruten con sus familias y amigos de un encuentro motocicl\u00edstico totalmente diferente a lo que hemos estado acostumbrados, aqu\u00ed est\u00e1 la informaci\u00f3n del evento.<\/p>\n<p><a href=\"http:\/\/zonabiker.com\/2012\/bike-week-del-cafe-2012-noviembre-9-10-y-11-de-2012\/nuevo-flyer-manizales-rafa\/\" rel=\"attachment wp-att-1221 noopener\" target=\"_blank\"><img loading=\"lazy\" decoding=\"async\" class=\"wp-image-1221 aligncenter\" style=\"margin: 5px 10px;\" title=\"Bike Week del Caf\u00e9 2012\" src=\"http:\/\/zonabiker.com\/wp-content\/uploads\/2012\/10\/nuevo-flyer-manizales-rafa.jpg\" alt=\"Bike Week del Caf\u00e9 2012\" width=\"480\" height=\"773\" srcset=\"https:\/\/territoriobiker.com\/wp-content\/uploads\/2012\/10\/nuevo-flyer-manizales-rafa.jpg 1536w, https:\/\/territoriobiker.com\/wp-content\/uploads\/2012\/10\/nuevo-flyer-manizales-rafa-186x300.jpg 186w, https:\/\/territoriobiker.com\/wp-content\/uploads\/2012\/10\/nuevo-flyer-manizales-rafa-636x1024.jpg 636w, https:\/\/territoriobiker.com\/wp-content\/uploads\/2012\/10\/nuevo-flyer-manizales-rafa-768x1237.jpg 768w, https:\/\/territoriobiker.com\/wp-content\/uploads\/2012\/10\/nuevo-flyer-manizales-rafa-954x1536.jpg 954w\" sizes=\"auto, (max-width: 480px) 100vw, 480px\" \/><\/a><\/p>\n<h2 style=\"text-align: justify;\"><strong>PREPRODUCCION BIKE WEEK DEL CAFE<\/strong><\/h2>\n<p style=\"text-align: justify;\">En d\u00edas pasados realizamos la avanzada de preproducci\u00f3n del BIKE WEEK del caf\u00e9 en la cual visitamos varios municipios y sitios tur\u00edsticos\u00a0 de la zona \u00a0para garantizar a todos ustedes un gran evento.<\/p>\n<p style=\"text-align: center;\"><a href=\"http:\/\/zonabiker.com\/2012\/bike-week-del-cafe-2012-noviembre-9-10-y-11-de-2012\/santagueda-1\/\" rel=\"attachment wp-att-1245 noopener\" target=\"_blank\"><img loading=\"lazy\" decoding=\"async\" class=\"aligncenter  wp-image-1245\" style=\"margin: 5px 10px;\" title=\"Santagueda-1\" src=\"http:\/\/zonabiker.com\/wp-content\/uploads\/2012\/10\/Santagueda-1.png\" alt=\"\" width=\"600\" height=\"203\" srcset=\"https:\/\/territoriobiker.com\/wp-content\/uploads\/2012\/10\/Santagueda-1.png 775w, https:\/\/territoriobiker.com\/wp-content\/uploads\/2012\/10\/Santagueda-1-300x101.png 300w, https:\/\/territoriobiker.com\/wp-content\/uploads\/2012\/10\/Santagueda-1-768x260.png 768w, https:\/\/territoriobiker.com\/wp-content\/uploads\/2012\/10\/Santagueda-1-600x203.png 600w\" sizes=\"auto, (max-width: 600px) 100vw, 600px\" \/><\/a><\/p>\n<p style=\"text-align: justify;\">Nos reunimos con los Alcaldes de Manizales, Palestina, Supia y Belalcazar. Y Visitamos tambi\u00e9n: centros vacacionales, parques principales de estos municipios, ba\u00f1os termales, discotecas y revisamos en detalle el estado de las v\u00edas.<\/p>\n<p style=\"text-align: center;\"><a href=\"http:\/\/zonabiker.com\/2012\/bike-week-del-cafe-2012-noviembre-9-10-y-11-de-2012\/santagueda-2\/\" rel=\"attachment wp-att-1246 noopener\" target=\"_blank\"><img loading=\"lazy\" decoding=\"async\" class=\"aligncenter  wp-image-1246\" style=\"margin: 5px 10px;\" title=\"Santagueda-2\" src=\"http:\/\/zonabiker.com\/wp-content\/uploads\/2012\/10\/Santagueda-2.png\" alt=\"\" width=\"600\" height=\"180\" srcset=\"https:\/\/territoriobiker.com\/wp-content\/uploads\/2012\/10\/Santagueda-2.png 848w, https:\/\/territoriobiker.com\/wp-content\/uploads\/2012\/10\/Santagueda-2-300x90.png 300w, https:\/\/territoriobiker.com\/wp-content\/uploads\/2012\/10\/Santagueda-2-768x231.png 768w, https:\/\/territoriobiker.com\/wp-content\/uploads\/2012\/10\/Santagueda-2-600x180.png 600w\" sizes=\"auto, (max-width: 600px) 100vw, 600px\" \/><\/a><\/p>\n<p style=\"text-align: justify;\">Todo esto y las sugerencias hechas por muchos de ustedes nos llevo a decidir el sitio de encuentro seria el corregimiento de SANTAGUEDA\u00a0 ubicado a 5 Km (sobre pavimento) de la v\u00eda principal que conduce de Manizales a Medellin, con un clima c\u00e1lido que promedia los 28\u00ba C y con paisajes, hoteles y suficientes fincas para su alojamiento\u00a0 lo cual\u00a0 asegura el \u00e9xito del evento.<\/p>\n<p style=\"text-align: center;\"><a href=\"http:\/\/zonabiker.com\/2012\/bike-week-del-cafe-2012-noviembre-9-10-y-11-de-2012\/santagueda-3\/\" rel=\"attachment wp-att-1247 noopener\" target=\"_blank\"><img loading=\"lazy\" decoding=\"async\" class=\"aligncenter  wp-image-1247\" style=\"margin: 5px 10px;\" title=\"Santagueda-3\" src=\"http:\/\/zonabiker.com\/wp-content\/uploads\/2012\/10\/Santagueda-3.png\" alt=\"\" width=\"600\" height=\"194\" srcset=\"https:\/\/territoriobiker.com\/wp-content\/uploads\/2012\/10\/Santagueda-3.png 783w, https:\/\/territoriobiker.com\/wp-content\/uploads\/2012\/10\/Santagueda-3-300x97.png 300w, https:\/\/territoriobiker.com\/wp-content\/uploads\/2012\/10\/Santagueda-3-768x248.png 768w, https:\/\/territoriobiker.com\/wp-content\/uploads\/2012\/10\/Santagueda-3-600x194.png 600w\" sizes=\"auto, (max-width: 600px) 100vw, 600px\" \/><\/a><\/p>\n<p style=\"text-align: justify;\">Esperamos que todos ustedes se programen y <strong>separen el segundo puente de Noviembre (9, 10 y 11)<\/strong> para que disfruten con sus familias y amigos de un encuentro motocicl\u00edstico totalmente diferente a lo que hemos estado acostumbrados,<\/p>\n<p style=\"text-align: justify;\"><em>(Las fotos aqu\u00ed publicadas son de los sitios que estaremos visitando durante el encuentro)<\/em><\/p>\n<h2 style=\"text-align: justify;\"><strong>PUNTO DE ENCUENTRO<\/strong><\/h2>\n<p style=\"text-align: justify;\">Este es el sitio de encuentro para los 3 d\u00edas del BIKE WEEK del Caf\u00e9 el cual cuenta con todas las condiciones de seguridad y confort para garantizarles a todos ustedes un gran evento:<\/p>\n<p style=\"text-align: center;\"><a href=\"http:\/\/zonabiker.com\/2012\/bike-week-del-cafe-2012-noviembre-9-10-y-11-de-2012\/santagueda-4\/\" rel=\"attachment wp-att-1248 noopener\" target=\"_blank\"><img loading=\"lazy\" decoding=\"async\" class=\"aligncenter  wp-image-1248\" style=\"margin: 5px 10px;\" title=\"Santagueda-4\" src=\"http:\/\/zonabiker.com\/wp-content\/uploads\/2012\/10\/Santagueda-4.png\" alt=\"\" width=\"600\" height=\"325\" srcset=\"https:\/\/territoriobiker.com\/wp-content\/uploads\/2012\/10\/Santagueda-4.png 867w, https:\/\/territoriobiker.com\/wp-content\/uploads\/2012\/10\/Santagueda-4-300x162.png 300w, https:\/\/territoriobiker.com\/wp-content\/uploads\/2012\/10\/Santagueda-4-768x415.png 768w, https:\/\/territoriobiker.com\/wp-content\/uploads\/2012\/10\/Santagueda-4-600x325.png 600w\" sizes=\"auto, (max-width: 600px) 100vw, 600px\" \/><\/a><\/p>\n<p style=\"text-align: justify;\">Cerramiento de todo el per\u00edmetro, parqueadero vigilado, zona de camping, restaurante, bar, ba\u00f1os, duchas, 2 piscinas para adultos en diferentes zonas, lago de pesca deportiva, estaci\u00f3n de servicio (Gasolina a 20 mts) y todos los hoteles y fincas de la zona a menos de 500 mts.<\/p>\n<p style=\"text-align: center;\"><a href=\"http:\/\/zonabiker.com\/2012\/bike-week-del-cafe-2012-noviembre-9-10-y-11-de-2012\/santagueda-5\/\" rel=\"attachment wp-att-1249 noopener\" target=\"_blank\"><img loading=\"lazy\" decoding=\"async\" class=\"aligncenter  wp-image-1249\" style=\"margin: 5px 10px;\" title=\"Santagueda-5\" src=\"http:\/\/zonabiker.com\/wp-content\/uploads\/2012\/10\/Santagueda-5.png\" alt=\"\" width=\"600\" height=\"102\" srcset=\"https:\/\/territoriobiker.com\/wp-content\/uploads\/2012\/10\/Santagueda-5.png 897w, https:\/\/territoriobiker.com\/wp-content\/uploads\/2012\/10\/Santagueda-5-300x51.png 300w, https:\/\/territoriobiker.com\/wp-content\/uploads\/2012\/10\/Santagueda-5-768x131.png 768w, https:\/\/territoriobiker.com\/wp-content\/uploads\/2012\/10\/Santagueda-5-600x102.png 600w\" sizes=\"auto, (max-width: 600px) 100vw, 600px\" \/><\/a><\/p>\n<p style=\"text-align: center;\" align=\"center\"><strong>\u00a0 POR PRIMERA VEZ EN COLOMBIA\u00a0<\/strong><\/p>\n<p style=\"text-align: center;\" align=\"center\"><strong>\u00a1 EL ENCUENTRO ESTACIONARIO! QUE SIEMPRE HAS QUERIDO<\/strong><\/p>\n<p style=\"text-align: justify;\">Camping, lindas Chicas, pool party, DJ permanente, banda en vivo, fogata, fiestas nocturnas y todos los biker de Colombia compartiendo tu misma pasi\u00f3n.<\/p>\n<p style=\"text-align: justify;\" align=\"center\"><strong>PROGRAMACION<\/strong><br \/>\nLUGAR \u00daNICO DE ENCUENTRO: SANTAGUEDA (Club Babilonia)<\/p>\n<p style=\"text-align: justify;\"><strong>VIERNES 9 DE NOVIEMBRE<\/strong><br \/>\n<strong>4:00 PM<\/strong> Inicio de acreditaciones, animaci\u00f3n y DJ, Gu\u00edas disponibles para el alojamiento en\u00a0 fincas reservadas con antelaci\u00f3n.<br \/>\n<strong>9:00 PM<\/strong> Fiesta de Bienvenida para los motociclistas y sus acompa\u00f1antes en el punto de encuentro, presentaci\u00f3n de las chicas BIKE WEEK.<\/p>\n<p style=\"text-align: justify;\"><strong>S\u00c1BADO 10 DE NOVIEMBRE<\/strong><br \/>\n<strong>10:00 AM<\/strong> Contin\u00faan acreditaciones<br \/>\n<strong>2:00 PM<\/strong> Presentaci\u00f3n chicas BIKE WEEK en traje de ba\u00f1o<br \/>\n<strong>3:00 PM<\/strong> caravana de bienvenida al municipio de Belalcazar<br \/>\n<strong>5:00 PM<\/strong> Retorno de Caravana\u00a0 al punto de encuentro<br \/>\n<strong>9:00 PM<\/strong> Gran fogata en el punto de encuentro, rumba de integraci\u00f3n, show de media noche, banda de Rock and Roll en vivo.<\/p>\n<p style=\"text-align: justify;\"><strong>DOMINGO 11 DE NOVIEMBRE<\/strong><br \/>\n<strong>11:00 AM<\/strong> \u00a1Desenguayabe! pool party en el punto de encuentro, beer shoots and coctails. Fiesta de bikinis toda la tarde en la piscina.<br \/>\n<strong>3:00 PM<\/strong> Secci\u00f3n fotogr\u00e1fica con las chicas BIKE WEEK en traje de ba\u00f1o.<br \/>\n<strong>4:00 PM<\/strong> Juegos M\u00faltiples (un equipo por ciudad) $500.000 para el ganador<br \/>\n<strong>8:00 PM<\/strong> Rumba de clausura y premiaci\u00f3n chica BIKE WEEK<\/p>\n<p style=\"text-align: justify;\"><strong>RODADAS TURISTICAS RECOMENDADAS PARA GRUPOS<\/strong><br \/>\nEstas pueden realizarse el d\u00eda y la hora que ustedes estimen conveniente sin<br \/>\nlimitarse a un horario predeterminado <strong>(\u00a1\u00a1 COMO A USTEDES LES GUSTA!!)<\/strong><\/p>\n<ul style=\"text-align: justify;\">\n<li>Ciudad de Pereira: 50 Km<\/li>\n<li>Ciudad de Manizales: 33 Km<\/li>\n<li>Termales de santa Rosa: 40 Km<\/li>\n<li>Termales en Manizales (tierra viva y el oto\u00f1o): 50 Km<\/li>\n<li>Refugio Nevado del Ruiz: 65 Km<\/li>\n<\/ul>\n<p style=\"text-align: justify;\" align=\"center\"><strong>\u00a0<\/strong><\/p>\n<p style=\"text-align: center;\" align=\"center\"><strong>Al ser un evento privado no abra ingreso para \u00a1PATOS!, \u00a1COLADOS!, <\/strong><br \/>\n<strong>NI personas que NO est\u00e9n inscritas al evento, respetando de esta manera <\/strong><br \/>\n<strong>tu privacidad y tu seguridad al interior del punto de encuentro.<\/strong><\/p>\n<p style=\"text-align: center;\" align=\"center\"><strong><span style=\"text-decoration: underline;\">INSCRIPCIONES DESDE EL 10 DE OCTUBRE HASTA EL 10 DE NOVIEMBRE<\/span>,<\/strong><\/p>\n<p style=\"text-align: center;\" align=\"center\"><strong>EN\u00a0<a href=\"http:\/\/www.eventosamotor.com.co\" target=\"_blank\" rel=\"noopener\">www.eventosamotor.com.co<\/a><\/strong><\/p>\n<p style=\"text-align: center;\" align=\"center\"><a href=\"http:\/\/zonabiker.com\/2012\/bike-week-del-cafe-2012-noviembre-9-10-y-11-de-2012\/flyer-preinscripciones-bike-week-rocha\/\" rel=\"attachment wp-att-1286 noopener\" target=\"_blank\"><img loading=\"lazy\" decoding=\"async\" class=\"wp-image-1286\" style=\"margin: 5px 10px;\" title=\"PREINSCRIPCIONES BIKE WEEK DEL CAF\u00c9\" src=\"http:\/\/zonabiker.com\/wp-content\/uploads\/2012\/10\/FLYER-PREINSCRIPCIONES-BIKE-WEEK-ROCHA.jpg\" alt=\"PREINSCRIPCIONES BIKE WEEK DEL CAF\u00c9\" width=\"600\" height=\"966\" \/><\/a><\/p>\n<p style=\"text-align: center;\" align=\"center\"><span style=\"color: #ff0000;\"><strong>CUPO LIMITADO PARA 200 MOTOS<\/strong><\/span><\/p>\n<p style=\"text-align: justify;\"><strong>Valor Inscripcion por moto: <span style=\"color: #ff0000;\">$80.000<\/span><\/strong><br \/>\n<strong>Incluye:<\/strong> 3 d\u00edas de rumba continua, 3 manillas de acreditaci\u00f3n ( piloto, acompa\u00f1ante y\u00a0 moto) para acceso permanente al punto de encuentro y todas sus atracciones. log\u00edstica, seguridad, parqueadero, premiaci\u00f3n de los juegos m\u00faltiples, camisetas y gorras: (no incluye) ya tenes muchas y muy chimbas&#8230; \u00a1\u00a1PARA QUE MAS!!&#8230;<\/p>\n<p style=\"text-align: justify;\"><strong>Tarifa Camping: <span style=\"color: #ff0000;\">$60.000<\/span><\/strong><br \/>\npara instalar 1 carpa los 3 d\u00edas del evento, incluye servicio de ba\u00f1os y duchas, pero debes llevar lacarpa, (indispensable reservar y consignar antes del 30 de octubre).<\/p>\n<p style=\"text-align: justify;\"><strong><span style=\"text-decoration: underline;\">\u00a1\u00a1 INSCRIBETE YA!! SIGUIENDO ESTE ENLACE<\/span><\/strong><\/p>\n<p style=\"text-align: justify;\"><a href=\"http:\/\/www.eventosamotor.com.co\/programacion-manizales\" target=\"_blank\" rel=\"noopener\">http:\/\/www.eventosamotor.com.co\/programacion-manizales<\/a><\/p>\n<h1><\/h1>\n<h2 style=\"text-align: center;\">M\u00e1s informaci\u00f3n: Sergio M\u00fanera 310 8292407<\/h2>\n<p>&nbsp;<\/p>\n<p><a href=\"http:\/\/zonabiker.com\/2012\/bike-week-del-cafe-2012-noviembre-9-10-y-11-de-2012\/retiro-flyer-manizales\/\" rel=\"attachment wp-att-1240 noopener\" target=\"_blank\"><img loading=\"lazy\" decoding=\"async\" class=\"wp-image-1240 aligncenter\" style=\"margin: 5px 10px;\" title=\"Programaci\u00f3n del Bike Week del Caf\u00e9 2012\" src=\"http:\/\/zonabiker.com\/wp-content\/uploads\/2012\/10\/retiro-flyer-manizales.jpg\" alt=\"Programaci\u00f3n del Bike Week del Caf\u00e9 2012\" width=\"600\" height=\"977\" srcset=\"https:\/\/territoriobiker.com\/wp-content\/uploads\/2012\/10\/retiro-flyer-manizales.jpg 1504w, https:\/\/territoriobiker.com\/wp-content\/uploads\/2012\/10\/retiro-flyer-manizales-184x300.jpg 184w, https:\/\/territoriobiker.com\/wp-content\/uploads\/2012\/10\/retiro-flyer-manizales-629x1024.jpg 629w, https:\/\/territoriobiker.com\/wp-content\/uploads\/2012\/10\/retiro-flyer-manizales-768x1250.jpg 768w, https:\/\/territoriobiker.com\/wp-content\/uploads\/2012\/10\/retiro-flyer-manizales-944x1536.jpg 944w, https:\/\/territoriobiker.com\/wp-content\/uploads\/2012\/10\/retiro-flyer-manizales-1258x2048.jpg 1258w, https:\/\/territoriobiker.com\/wp-content\/uploads\/2012\/10\/retiro-flyer-manizales-600x977.jpg 600w\" sizes=\"auto, (max-width: 600px) 100vw, 600px\" \/><\/a><\/p>\n","protected":false},"excerpt":{"rendered":"<p>BIKE WEEK del Caf\u00e9 2012 &#8211; Noviembre 9, 10 y 11 de 2012 Por primera vez en Colombia, el encuentro estacionario que siempre has querido; camping, lindas chicas, pool party, DJ permanente, banda en vivo, fogata, fiestas nocturnas y todos los bikers de Colombia compartiendo&#8230;<\/p>\n","protected":false},"author":1,"featured_media":1231,"comment_status":"open","ping_status":"open","sticky":false,"template":"","format":"standard","meta":{"om_disable_all_campaigns":false,"_mi_skip_tracking":false,"footnotes":""},"categories":[5],"tags":[38,72,92,102,129,131,132,203,245,269],"class_list":["post-1220","post","type-post","status-publish","format-standard","has-post-thumbnail","hentry","category-eventos","tag-38","tag-bike","tag-cefe","tag-colombia","tag-encuentros","tag-eventos","tag-eventos-a-motor","tag-noviembre","tag-santagueda","tag-week"],"aioseo_notices":[],"_links":{"self":[{"href":"https:\/\/territoriobiker.com\/index.php\/wp-json\/wp\/v2\/posts\/1220","targetHints":{"allow":["GET"]}}],"collection":[{"href":"https:\/\/territoriobiker.com\/index.php\/wp-json\/wp\/v2\/posts"}],"about":[{"href":"https:\/\/territoriobiker.com\/index.php\/wp-json\/wp\/v2\/types\/post"}],"author":[{"embeddable":true,"href":"https:\/\/territoriobiker.com\/index.php\/wp-json\/wp\/v2\/users\/1"}],"replies":[{"embeddable":true,"href":"https:\/\/territoriobiker.com\/index.php\/wp-json\/wp\/v2\/comments?post=1220"}],"version-history":[{"count":0,"href":"https:\/\/territoriobiker.com\/index.php\/wp-json\/wp\/v2\/posts\/1220\/revisions"}],"wp:featuredmedia":[{"embeddable":true,"href":"https:\/\/territoriobiker.com\/index.php\/wp-json\/wp\/v2\/media\/1231"}],"wp:attachment":[{"href":"https:\/\/territoriobiker.com\/index.php\/wp-json\/wp\/v2\/media?parent=1220"}],"wp:term":[{"taxonomy":"category","embeddable":true,"href":"https:\/\/territoriobiker.com\/index.php\/wp-json\/wp\/v2\/categories?post=1220"},{"taxonomy":"post_tag","embeddable":true,"href":"https:\/\/territoriobiker.com\/index.php\/wp-json\/wp\/v2\/tags?post=1220"}],"curies":[{"name":"wp","href":"https:\/\/api.w.org\/{rel}","templated":true}]}}