{"id":1034,"date":"2011-09-02T16:12:41","date_gmt":"2011-09-02T21:12:41","guid":{"rendered":"http:\/\/zonabiker.com\/blog\/?p=444"},"modified":"2011-09-02T16:12:41","modified_gmt":"2011-09-02T21:12:41","slug":"caravana-motorizada-por-la-libertad-de-los-secuestrados-en-colombia","status":"publish","type":"post","link":"https:\/\/territoriobiker.com\/index.php\/2011\/09\/02\/caravana-motorizada-por-la-libertad-de-los-secuestrados-en-colombia\/","title":{"rendered":"Caravana Motorizada por la Libertad de los Secuestrados en Colombia"},"content":{"rendered":"<h1>\u201cVamos por los Secuestrados que Faltan\u201d<\/h1>\n<p><a href=\"http:\/\/zonabiker.com\/blog\/wp-content\/uploads\/2011\/09\/Herbin-Hoyos.jpg\"><img loading=\"lazy\" decoding=\"async\" class=\"alignleft size-full wp-image-447\" title=\"Caravana por la libertad de los secuestrados de Colombia 2011.\" src=\"http:\/\/zonabiker.com\/blog\/wp-content\/uploads\/2011\/09\/Herbin-Hoyos.jpg\" alt=\"Caravana por la libertad de los secuestrados de Colombia 2011.\" width=\"340\" height=\"250\" \/><\/a>Despu\u00e9s de recorrer las carreteras de Colombia en tres Caravanas y luego haber saltado el Atl\u00e1ntico cruzando las fronteras de Europa entre Espa\u00f1a, Francia e Italia hasta llegar al Vaticano y haber sido recibidos por Su Santidad Benedicto XVI, ahora los motociclistas y moteros integrantes de la \u201cCaravana Motorizada por la Libertad\u201d se preparan para emprender otra gira por Colombia partiendo desde Bogot\u00e1 el d\u00eda 15 de noviembre de 2011.<\/p>\n<p>En esta oportunidad la \u201cCaravana por la Libertad\u201d pretende recorrer m\u00e1s de 12 mil kil\u00f3metros saliendo desde Bogot\u00e1, pasando por el Oriente, Magdalena Medio, Costa Norte, Sucre, C\u00f3rdoba, Antioquia, Risaralda, Valle del Cauca, Cauca, Nari\u00f1o, Tulc\u00e1n Ecuador, Quind\u00edo, Tolima, Huila, Putumayo, Cundinamarca y Bogot\u00e1.<\/p>\n<p>\u201cLa Caravana por la Libertad\u201d cuenta en esta nueva gira con la participaci\u00f3n de todos los familiares de secuestrados, quienes ir\u00e1n en buses y veh\u00edculos particulares acompa\u00f1ando a las miles de motociclistas quienes con banderas blancas recorrer\u00e1n Colombia. Se cuenta tambi\u00e9n con la presencia de colombianos residentes en Europa, Inglaterra y Estados Unidos y medios de comunicaci\u00f3n extranjeros, quienes viajar\u00e1n exclusivamente a pedir por la libertad de los compatriotas cautivos.<\/p>\n<p>Han sido muchos los testimonios de gratitud expresados por los liberados y rescatados, quienes han certificado la efectividad de los medios de comunicaci\u00f3n, programas radiales dedicados a ellos, por eso, la \u201cCaravana por la Libertad\u201d contar\u00e1 con la presencia de personas Liberadas y Rescatadas quienes a lo largo del recorrido de los 12 kil\u00f3metros durante los 25 d\u00edas, se unir\u00e1n a la gira por Colombia.<\/p>\n<p>\u201cLa Caravana por la Libertad\u201d pasar\u00e1 por las principales ciudades y pueblos del pa\u00eds para hacer que todos seamos part\u00edcipes de esta causa que pide la libertad de los secuestrados. Por eso podemos decir que \u2013Cuando la Caravana PASA, son los secuestrados de Colombia los que PASAN.<\/p>\n<p>Se realizar\u00e1n concentraciones masivas en plaza p\u00fablica con la presencia de los Alcaldes y Gobernadores, hasta donde llegar\u00e1n familiares con casos de nuevos secuestrados, que a\u00fan permanecen desconocidos y est\u00e1n en el olvido.<\/p>\n<p>La Caravana sale el martes 15 de noviembre as\u00ed:<\/p>\n<p>Nov 15 : D\u00eda 1. Bogot\u00e1, (peaje auto norte 06:00) Tunja, Bucaramanga. Alojamiento<\/p>\n<p>Nov 16: D\u00eda 2. Bucaramanga, Santa Marta. Alojamiento<\/p>\n<p>Nov 17: D\u00eda 3. Santa Marta, Barranquilla y Cartagena. Alojamiento<\/p>\n<p>Nov 18: D\u00eda 4. Descanso en Cartagena. Alojamiento<\/p>\n<p>Nov 19: D\u00eda 5. Cartagena, Sincelejo Monter\u00eda. Alojamiento<\/p>\n<p>Nov 20: D\u00eda 6. Monter\u00eda a Medell\u00edn. Alojamiento<\/p>\n<p>Nov 21: D\u00eda 7: Recorrido ciudad y plaza p\u00fablica Medell\u00edn. Alojamiento<\/p>\n<p>Nov 22: D\u00eda 8: Medell\u00edn, Pereira. Alojamiento<\/p>\n<p>Nov 23: D\u00eda 9: Pereira, Cali. Alojamiento<\/p>\n<p>Nov 24: D\u00eda 10: Cali, Pasto. Alojamiento<\/p>\n<p>Nov 25: D\u00eda 11: Pasto Ipiales y Tulc\u00e1n Ecuador, Ipiales. Alojamiento<\/p>\n<p>Nov 26: D\u00eda 12: Ipiales, Pasto, Popay\u00e1n. Alojamiento<\/p>\n<p>Nov 27: D\u00eda 13: Popay\u00e1n, Armenia. Alojamiento<\/p>\n<p>Nov 28: D\u00eda 14: Armenia, Ibagu\u00e9. Alojamiento<\/p>\n<p>Nov 29: D\u00eda 15: Ibagu\u00e9, Neiva. Alojamiento<\/p>\n<p>Nov 30: D\u00eda 16: Neiva, Pitalito, Alojamiento<\/p>\n<p>Dic 1: D\u00eda 17: Pitalito, Mocoa Alojamiento<\/p>\n<p>Dic 2: D\u00eda 18: Mocoa, Florencia Alojamiento<\/p>\n<p>Dic 3: D\u00eda 19: Florencia Espinal. Alojamiento<\/p>\n<p>Dic 4: D\u00eda 20: Descanso Espinal Alojamiento<\/p>\n<p>Dic 5: D\u00eda 21: Espinal Soacha Villavicencio. Alojamiento<\/p>\n<p>Dic 6: D\u00eda 22: Villavicencio Bogot\u00e1. Se llevar\u00e1 a cabo la Gran Concentraci\u00f3n en la Plaza de Bol\u00edvar.<\/p>\n<p>&nbsp;<\/p>\n<p>Informaci\u00f3n: Huber Antonio Hoyos 57 3112860828 Colombia<\/p>\n<p>Herbin Hoyos Medina 34 658600998 Espa\u00f1a<\/p>\n<p>Caravana Motorizada por la Libertad<\/p>\n<p>\u201cVamos por los secuestrados que faltan\u2026\u201d<\/p>\n<p>&nbsp;<\/p>\n<p>Apoyan:<\/p>\n<p>Comunidad de Madrid \u2013 Las Voces del Secuestro Europa \u2013 Fiesta FM Espa\u00f1a<\/p>\n<p>Cadena Tricolor USA &#8211; www.Dakota-tex.com &#8211; Radio Latina Londres<\/p>\n<p>ZONA BIKER &#8211; <a href=\"http:\/\/www.zonabiker.com\">www.zonabiker.com<\/a><\/p>\n<p>Coordinan:<\/p>\n<p>Las Voces del Secuestro Colombia \u2013 Fundaci\u00f3n Gesti\u00f3n por Colombia<\/p>\n<p>www.lasvocesdelsecuestro.org \/ www.redmundialderadio.org<\/p>\n<p>&nbsp;<\/p>\n","protected":false},"excerpt":{"rendered":"<p>\u201cVamos por los Secuestrados que Faltan\u201d Despu\u00e9s de recorrer las carreteras de Colombia en tres Caravanas y luego haber saltado el Atl\u00e1ntico cruzando las fronteras de Europa entre Espa\u00f1a, Francia e Italia hasta llegar al Vaticano y haber sido recibidos por Su Santidad Benedicto XVI,&#8230;<\/p>\n","protected":false},"author":1,"featured_media":0,"comment_status":"open","ping_status":"open","sticky":false,"template":"","format":"standard","meta":{"om_disable_all_campaigns":false,"_mi_skip_tracking":false,"footnotes":""},"categories":[21],"tags":[88,102,148,152,167,192,246,247,276],"class_list":["post-1034","post","type-post","status-publish","format-standard","hentry","category-noticias","tag-caravana","tag-colombia","tag-herbin","tag-hoyos","tag-libertad","tag-motorizada","tag-secuestrados","tag-segunda","tag-zona-biker"],"aioseo_notices":[],"_links":{"self":[{"href":"https:\/\/territoriobiker.com\/index.php\/wp-json\/wp\/v2\/posts\/1034","targetHints":{"allow":["GET"]}}],"collection":[{"href":"https:\/\/territoriobiker.com\/index.php\/wp-json\/wp\/v2\/posts"}],"about":[{"href":"https:\/\/territoriobiker.com\/index.php\/wp-json\/wp\/v2\/types\/post"}],"author":[{"embeddable":true,"href":"https:\/\/territoriobiker.com\/index.php\/wp-json\/wp\/v2\/users\/1"}],"replies":[{"embeddable":true,"href":"https:\/\/territoriobiker.com\/index.php\/wp-json\/wp\/v2\/comments?post=1034"}],"version-history":[{"count":0,"href":"https:\/\/territoriobiker.com\/index.php\/wp-json\/wp\/v2\/posts\/1034\/revisions"}],"wp:attachment":[{"href":"https:\/\/territoriobiker.com\/index.php\/wp-json\/wp\/v2\/media?parent=1034"}],"wp:term":[{"taxonomy":"category","embeddable":true,"href":"https:\/\/territoriobiker.com\/index.php\/wp-json\/wp\/v2\/categories?post=1034"},{"taxonomy":"post_tag","embeddable":true,"href":"https:\/\/territoriobiker.com\/index.php\/wp-json\/wp\/v2\/tags?post=1034"}],"curies":[{"name":"wp","href":"https:\/\/api.w.org\/{rel}","templated":true}]}}