{"id":1013,"date":"2011-09-29T15:52:55","date_gmt":"2011-09-29T20:52:55","guid":{"rendered":"http:\/\/zonabiker.com\/blog\/?p=450"},"modified":"2011-09-29T15:52:55","modified_gmt":"2011-09-29T20:52:55","slug":"bendicion-de-motos-en-buga","status":"publish","type":"post","link":"https:\/\/territoriobiker.com\/index.php\/2011\/09\/29\/bendicion-de-motos-en-buga\/","title":{"rendered":"BENDICION DE MOTOS EN BUGA"},"content":{"rendered":"<h1>Moteros movidos por la fe.<\/h1>\n<address>Por\u00a0Ximena Andrea Y\u00e9rmanos.\u00a0<\/address>\n<p style=\"text-align: justify;\"><a href=\"http:\/\/zonabiker.com\/blog\/wp-content\/uploads\/2011\/09\/buga2011-097.jpg\"><img loading=\"lazy\" decoding=\"async\" class=\"alignleft size-medium wp-image-456\" title=\"Rumbo a Buga\" src=\"http:\/\/zonabiker.com\/blog\/wp-content\/uploads\/2011\/09\/buga2011-097-300x225.jpg\" alt=\"\" width=\"300\" height=\"225\" \/><\/a>Esta hermosa rodada a Buga era con un motivo muy importante, se celebraba las Rogativas al Se\u00f1or de los Milagros del 9 al 18 de Septiembre; diferentes eventos programados para todos los d\u00edas, el primer d\u00eda a las 4:45am fue una alborada musical y diferentes eucarist\u00edas campales; a nosotros los moteros nos toco el d\u00eda 10 de septiembre, nos hizo un hermoso d\u00eda, salimos de Pereira y durante el camino se unieron a nosotros moteros de Cartago, Armenia, Calarc\u00e1, antes de llegar a Buga en el peaje San Pedro nos estaban esperando el Se\u00f1or Fabio que es uno de los organizadores del evento y unos amigos Moteros de T\u00falua, est\u00e1bamos esperando a Do\u00f1a Sory de Asturias que ven\u00eda con la r\u00e9plica del se\u00f1or de los milagros y en procesi\u00f3n con todos los Moteros de Cali.<\/p>\n<p style=\"text-align: justify;\">Nos unimos con ellos en Buga hicimos un desfile por las principales calles y de all\u00ed llegamos a la Bas\u00edlica lugar donde se celebr\u00f3 una Eucarist\u00eda campal a las 10:30am presidida por el Padre Jos\u00e9 Over Gallego, hubo la bendici\u00f3n de las Motos y de todas las personas que all\u00ed estaban participando de tan hermosa eucarist\u00eda; finalizada la ceremonia el Padre Over invito a todos los Moteros almorzar al Hotel casa del Peregrino que queda situado en la Plazoleta de la Bas\u00edlica donde nos dieron un excelente sancocho de gallina, adem\u00e1s de recuerdo nos dieron una bolsita muy hermosa con la imagen del se\u00f1or de los Milagros, libro, manilla, pin, oraciones, etc. Que detalle m\u00e1s hermoso, la gente se comport\u00f3 estupendamente, la atenci\u00f3n fue espectacular, comentarios incre\u00edbles. Le agradezco a Do\u00f1a Sory por habernos invitado, al Se\u00f1or Fabio y al Padre Over, a todos los asistentes que nos acompa\u00f1aron, recibimos muchas bendiciones, a Zona Biker por darme el espacio para publicar tan excelente evento mil gracias, gracias por todo. Dios los bendiga hoy y siempre.<\/p>\n<p style=\"text-align: justify;\">Ximena Andrea Yermanos, La Motokera.<\/p>\n<p><a title=\"\u00c1lbum de fotos de la bendici\u00f3n de motos en Buga 2011.\" href=\"http:\/\/www.zonabiker.com\/coppermine\/thumbnails.php?album=53\" target=\"_blank\" rel=\"noopener\">Aqu\u00ed puedes ver la galer\u00eda de fotos de la bendici\u00f3n de motos en Buga 2011. (Fotograf\u00edas de\u00a0Ximena Andrea Yermanos\u00a0(Pereira). Todos los derechos reservados. \u00a9)<\/a><\/p>\n<p><strong><span style=\"color: #ff0000;\">NOTA IMPORTANTE:<\/span><\/strong> <strong>ZONA BIKER<\/strong>, sus creadores, administradores y propietarios, no se hacen responsables por las opiniones emitidas en este espacio. Los comentarios que aqu\u00ed se publican son responsabilidad de su autor. <strong>ZONA BIKER<\/strong> se reserva el derecho de eliminar aquellos que utilicen un lenguaje soez o vulgar.<\/p>\n","protected":false},"excerpt":{"rendered":"<p>Moteros movidos por la fe. Por\u00a0Ximena Andrea Y\u00e9rmanos.\u00a0 Esta hermosa rodada a Buga era con un motivo muy importante, se celebraba las Rogativas al Se\u00f1or de los Milagros del 9 al 18 de Septiembre; diferentes eventos programados para todos los d\u00edas, el primer d\u00eda a&#8230;<\/p>\n","protected":false},"author":1,"featured_media":0,"comment_status":"open","ping_status":"open","sticky":false,"template":"","format":"standard","meta":{"om_disable_all_campaigns":false,"_mi_skip_tracking":false,"footnotes":""},"categories":[13],"tags":[],"class_list":["post-1013","post","type-post","status-publish","format-standard","hentry","category-cronicas"],"aioseo_notices":[],"_links":{"self":[{"href":"https:\/\/territoriobiker.com\/index.php\/wp-json\/wp\/v2\/posts\/1013","targetHints":{"allow":["GET"]}}],"collection":[{"href":"https:\/\/territoriobiker.com\/index.php\/wp-json\/wp\/v2\/posts"}],"about":[{"href":"https:\/\/territoriobiker.com\/index.php\/wp-json\/wp\/v2\/types\/post"}],"author":[{"embeddable":true,"href":"https:\/\/territoriobiker.com\/index.php\/wp-json\/wp\/v2\/users\/1"}],"replies":[{"embeddable":true,"href":"https:\/\/territoriobiker.com\/index.php\/wp-json\/wp\/v2\/comments?post=1013"}],"version-history":[{"count":0,"href":"https:\/\/territoriobiker.com\/index.php\/wp-json\/wp\/v2\/posts\/1013\/revisions"}],"wp:attachment":[{"href":"https:\/\/territoriobiker.com\/index.php\/wp-json\/wp\/v2\/media?parent=1013"}],"wp:term":[{"taxonomy":"category","embeddable":true,"href":"https:\/\/territoriobiker.com\/index.php\/wp-json\/wp\/v2\/categories?post=1013"},{"taxonomy":"post_tag","embeddable":true,"href":"https:\/\/territoriobiker.com\/index.php\/wp-json\/wp\/v2\/tags?post=1013"}],"curies":[{"name":"wp","href":"https:\/\/api.w.org\/{rel}","templated":true}]}}